{"id":147968,"date":"2013-09-16T12:18:31","date_gmt":"2013-09-16T09:18:31","guid":{"rendered":"http:\/\/www.nationalturk.com\/?p=147968"},"modified":"2013-09-16T12:51:58","modified_gmt":"2013-09-16T09:51:58","slug":"ingiltere-iran-iliskileri-gelisiyor-147968","status":"publish","type":"post","link":"https:\/\/www.nationalturk.com\/tr\/ingiltere-iran-iliskileri-gelisiyor-147968\/","title":{"rendered":"\u0130ngiltere \u0130ran ili\u015fkileri geli\u015fiyor"},"content":{"rendered":"<h1><img loading=\"lazy\" decoding=\"async\" class=\"alignleft size-medium wp-image-147969\" alt=\"Hasan Ruhani\" src=\"http:\/\/www.nationalturk.com\/tr\/wp-content\/uploads\/2013\/09\/hasan_ruhani_kirgizistan-280x185.jpg\" width=\"280\" height=\"185\" title=\"\" srcset=\"https:\/\/www.nationalturk.com\/tr\/wp-content\/uploads\/2013\/09\/hasan_ruhani_kirgizistan-280x185.jpg 280w, https:\/\/www.nationalturk.com\/tr\/wp-content\/uploads\/2013\/09\/hasan_ruhani_kirgizistan-602x400.jpg 602w, https:\/\/www.nationalturk.com\/tr\/wp-content\/uploads\/2013\/09\/hasan_ruhani_kirgizistan.jpg 1200w\" sizes=\"auto, (max-width: 280px) 100vw, 280px\" \/><\/h1>\n<h1>\u0130ngiltere, \u0130ran ile ili\u015fkilerini, bu yaz se\u00e7ilen \u0130ran Cumhurba\u015fkan\u0131 Hasan Ruhani d\u00f6neminde geli\u015ftirmeyi ama\u00e7l\u0131yor.<\/h1>\n<p>\u0130ngiltere D\u0131\u015fi\u015fleri Bakan\u0131 William Hague&#8217;in New York&#8217;ta 24 Eyl\u00fcl&#8217;de ba\u015flayacak Birle\u015fmi\u015f Milletler Genel Kurulu \u00e7er\u00e7evesinde, \u0130ranl\u0131 mevkida\u015f\u0131 Muhammed Cevad Zarif&#8217;le g\u00f6r\u00fc\u015fmesi bekleniyor.<\/p>\n<p>\u0130ngiltere, bir\u00e7ok Bat\u0131 \u00fclkesi gibi Ruhani d\u00f6nemini, Suriye krizinin sona ermesi ve Tahran&#8217;\u0131n n\u00fckleer program\u0131 ile ilgili uluslararas\u0131 toplumdaki gerginli\u011fin giderilmesi i\u00e7in &#8220;f\u0131rsat&#8221; olarak g\u00f6r\u00fcyor. Hague bu ay ba\u015f\u0131nda, Suriye&#8217;deki Esed rejimine verdi\u011fi destekle bilinen \u0130ran&#8217;a, &#8220;Suriye konusunda sizinle konu\u015fmaya haz\u0131r\u0131z&#8221; mesaj\u0131n\u0131 vermi\u015fti. Hague, &#8220;\u0130ran&#8217;\u0131n yap\u0131c\u0131 rol oynay\u0131p oynamayaca\u011f\u0131 konusunda \u00f6n\u00fcnde bir s\u0131nav var. Kan\u0131tlara g\u00f6re, \u0130ran aktif olarak Suriye rejimine destek veriyor. \u015eimdiye kadar yap\u0131c\u0131 rol oynamad\u0131 ama \u0130ran ile konu\u015fmaya haz\u0131r\u0131z&#8221; demi\u015fti.<\/p>\n<p>\u0130ngiltere, Ruhani g\u00f6revine resmen ba\u015flamadan \u00f6nce de &#8220;ili\u015fkileri geli\u015ftirelim&#8221; \u00e7a\u011fr\u0131s\u0131nda bulunuyordu. Hague ge\u00e7en ay ba\u015f\u0131nda, bir \u00f6nceki \u0130ran D\u0131\u015fi\u015fleri Bakan\u0131 Ali Ekber Salihi ile yapt\u0131\u011f\u0131 telefon g\u00f6r\u00fc\u015fmesinde, &#8220;\u00fclkesinin \u0130ran&#8217;la, ad\u0131m ad\u0131m ve kar\u015f\u0131l\u0131kl\u0131l\u0131k temelinde, ikili ili\u015fkilerde geli\u015fme sa\u011flanmas\u0131na a\u00e7\u0131k oldu\u011funu&#8221; s\u00f6ylemi\u015fti.<\/p>\n<p>Ba\u015fbakan David Cameron da Ruhani&#8217;nin resmen g\u00f6revine ba\u015flamas\u0131n\u0131n hemen ard\u0131ndan, \u0130ran&#8217;\u0131n yeni cumhurba\u015fkan\u0131na mektup g\u00f6ndererek, &#8220;Se\u00e7ilmenizin, \u00fclkelerimiz aras\u0131ndaki ili\u015fkilerin geli\u015ftirilmesi i\u00e7in bir f\u0131rsat olu\u015fturmas\u0131n\u0131 umuyorum&#8221; ifadesini kullanm\u0131\u015ft\u0131.<\/p>\n<p>Cameron, Suriye&#8217;ye askeri m\u00fcdahaleye kar\u015f\u0131 oldu\u011funu ve bu \u00fclkenin kaderinin kendi halk\u0131n\u0131n tercihiyle ve yap\u0131lacak genel se\u00e7imlerle belirlenmesi gerekti\u011fini savunan Ruhani&#8217;den, Suriye&#8217;deki krize bar\u0131\u015f\u00e7\u0131l \u00e7\u00f6z\u00fcm bulunmas\u0131 i\u00e7in destek vermesini istemi\u015fti.<\/p>\n<p>\u0130ngiltere, Tahran&#8217;daki diplomatlar\u0131n\u0131, Kas\u0131m 2011&#8217;de B\u00fcy\u00fckel\u00e7ili\u011fine yap\u0131lan sald\u0131r\u0131n\u0131n ard\u0131ndan geri \u00e7ekmi\u015fti. \u0130ngiltere&#8217;nin, n\u00fckleer program\u0131 dolay\u0131s\u0131yla ald\u0131\u011f\u0131 yeni yapt\u0131r\u0131m karar\u0131n\u0131n ard\u0131ndan Tahran B\u00fcy\u00fckel\u00e7ili\u011fine d\u00fczenlenen sald\u0131r\u0131, 1979 y\u0131l\u0131ndaki \u0130ran \u0130slam Devrimi&#8217;nden sonra iki \u00fclke aras\u0131nda ya\u015fanan en k\u00f6t\u00fc kriz olarak nitelendirilmi\u015fti.<\/p>\n<!-- Error, Advert is not available at this time due to schedule\/geolocation restrictions! -->\n","protected":false},"excerpt":{"rendered":"<p>\u0130ngiltere, \u0130ran ile ili\u015fkilerini, bu yaz se\u00e7ilen \u0130ran Cumhurba\u015fkan\u0131 Hasan Ruhani d\u00f6neminde geli\u015ftirmeyi ama\u00e7l\u0131yor.<\/p>\n","protected":false},"author":4,"featured_media":177335,"comment_status":"open","ping_status":"open","sticky":false,"template":"","format":"standard","meta":{"_acf_changed":false,"footnotes":""},"categories":[6769,6770,6155,6202],"tags":[25205,132282,141382,1981,87150,5691],"class_list":["post-147968","post","type-post","status-publish","format-standard","has-post-thumbnail","hentry","category-asya","category-avrupa","category-gundem","category-politika","tag-david-cameron","tag-hasan-ruhani","tag-ingiltere-iran","tag-iran","tag-iran-ingiltere","tag-londra"],"acf":[],"_links":{"self":[{"href":"https:\/\/www.nationalturk.com\/tr\/wp-json\/wp\/v2\/posts\/147968","targetHints":{"allow":["GET"]}}],"collection":[{"href":"https:\/\/www.nationalturk.com\/tr\/wp-json\/wp\/v2\/posts"}],"about":[{"href":"https:\/\/www.nationalturk.com\/tr\/wp-json\/wp\/v2\/types\/post"}],"author":[{"embeddable":true,"href":"https:\/\/www.nationalturk.com\/tr\/wp-json\/wp\/v2\/users\/4"}],"replies":[{"embeddable":true,"href":"https:\/\/www.nationalturk.com\/tr\/wp-json\/wp\/v2\/comments?post=147968"}],"version-history":[{"count":0,"href":"https:\/\/www.nationalturk.com\/tr\/wp-json\/wp\/v2\/posts\/147968\/revisions"}],"wp:featuredmedia":[{"embeddable":true,"href":"https:\/\/www.nationalturk.com\/tr\/wp-json\/wp\/v2\/media\/177335"}],"wp:attachment":[{"href":"https:\/\/www.nationalturk.com\/tr\/wp-json\/wp\/v2\/media?parent=147968"}],"wp:term":[{"taxonomy":"category","embeddable":true,"href":"https:\/\/www.nationalturk.com\/tr\/wp-json\/wp\/v2\/categories?post=147968"},{"taxonomy":"post_tag","embeddable":true,"href":"https:\/\/www.nationalturk.com\/tr\/wp-json\/wp\/v2\/tags?post=147968"}],"curies":[{"name":"wp","href":"https:\/\/api.w.org\/{rel}","templated":true}]}}