{"id":148298,"date":"2013-09-18T14:33:20","date_gmt":"2013-09-18T11:33:20","guid":{"rendered":"http:\/\/www.nationalturk.com\/?p=148298"},"modified":"2013-09-18T14:33:20","modified_gmt":"2013-09-18T11:33:20","slug":"ogluyla-ilgili-soruya-dayanamadi-mehmet-ali-aydinlar-agladi-video-148298","status":"publish","type":"post","link":"https:\/\/www.nationalturk.com\/tr\/ogluyla-ilgili-soruya-dayanamadi-mehmet-ali-aydinlar-agladi-video-148298\/","title":{"rendered":"O\u011fluyla ilgili soruya dayanamad\u0131! Mehmet Ali Ayd\u0131nlar a\u011flad\u0131 (Video)"},"content":{"rendered":"<p><img loading=\"lazy\" decoding=\"async\" class=\"alignnone size-large wp-image-148299\" alt=\"Mehmet Ali Ayd\u0131nlar a\u011flad\u0131\" src=\"http:\/\/www.nationalturk.com\/tr\/wp-content\/uploads\/2013\/09\/mehmet_ali_aydinlar_agladi_283472-e1379503567762-606x400.jpg\" width=\"610\" height=\"370\" title=\"\"><\/p>\n<h1>TFF Eski Ba\u015fkan\u0131 Mehmet Ali Ayd\u0131nlar a\u011flad\u0131! Mehmet Ali Ayd\u0131nlar, \u015fike s\u00fcreciyle ilgili d\u00fczenledi\u011fi bas\u0131n toplant\u0131s\u0131nda trafik kazas\u0131nda ya\u015fam\u0131n\u0131 yitiren o\u011fluyla ilgili bir soru kar\u015f\u0131s\u0131nda g\u00f6zya\u015flar\u0131n\u0131 tutamad\u0131 ve toplant\u0131y\u0131 erken bitirdi. \/\u00a0Mehmet Ali Ayd\u0131nlar a\u011flad\u0131 (Video)<\/h1>\n<p>T\u00fcrkiye Futbol Federasyonu Eski Ba\u015fkan\u0131 Mehmet Ali Ayd\u0131nlar a\u011flad\u0131. Bir gazetecinin &#8220;Aziz Y\u0131ld\u0131r\u0131m&#8217;\u0131n sizin i\u00e7in s\u00f6yledi\u011fi &#8216;Ya\u015fad\u0131\u011f\u0131 ac\u0131y\u0131 unutmas\u0131 i\u00e7in voleybol \u015fubesini verdik&#8217; s\u00f6zleri hakk\u0131nda neler d\u00fc\u015f\u00fcn\u00fcyorsunuz&#8221; sorusu kar\u015f\u0131s\u0131nda Mehmet Ali Ayd\u0131nlar zor anlar ya\u015fad\u0131. Mehmet Ali Ayd\u0131nlar, &#8220;Herkesin manevi de\u011ferleri vard\u0131r. Ben 2007 y\u0131l\u0131nda voleybol \u015fubesine sponsor oldum ve ba\u015f\u0131na ge\u00e7tim. Benim o\u011flum ise 2008 y\u0131l\u0131nda..&#8221; dedikten sonra g\u00f6zya\u015flar\u0131na bo\u011fuldu.<\/p>\n<p>Ayd\u0131nlar daha fazla devam edemeyece\u011fini s\u00f6yleyerek bas\u0131n toplant\u0131s\u0131n\u0131 tamamlad\u0131.<\/p>\n<h2>Mehmet Ali Ayd\u0131nlar&#8217;\u0131n zor anlar\u0131 \/ Video;<\/h2>\n[media id=2154 width=610 height=340]\n<p>T\u00fcrkiye Futbol Federasyonu eski Ba\u015fkan\u0131, Ac\u0131badem Hastanesi\u2019nin sahibi ve Fenerbah\u00e7e Kul\u00fcb\u00fc\u2019n\u00fcn eski y\u00f6netim kurulu \u00fcyesi Mehmet Ali Ayd\u0131nlar\u2019\u0131n KKTC\u2019de askerlik yapan o\u011flu Mehmet Kerem Ayd\u0131nlar (25) 27 Nisan 2008 y\u0131l\u0131nda ge\u00e7irdi\u011fi trafik kazas\u0131nda hayat\u0131n\u0131 kaybetmi\u015fti.\u00a0Ko\u00e7 \u00dcniversitesi Uluslararas\u0131 \u0130li\u015fkiler b\u00f6l\u00fcm\u00fcnden 2007 y\u0131l\u0131nda mezun olan Mehmet Kerem Ayd\u0131nlar\u2019\u0131n terhisine 20 g\u00fcn kala, akrabalar\u0131 geldi\u011fi i\u00e7in \u00e7ar\u015f\u0131 iznine \u00e7\u0131kan Kerem Ayd\u0131nlar, kiralad\u0131klar\u0131 ara\u00e7la kaza ge\u00e7irmi\u015fti.<\/p>\n<h3>Mehmet Ali Ayd\u0131nlar Bas\u0131n toplant\u0131s\u0131nda \u015funlar\u0131 s\u00f6yledi:<\/h3>\n<p>Eski T\u00fcrkiye Futbol Federasyonu Ba\u015fkan\u0131 Mehmet Ali Ayd\u0131nlar, 3 Temmuz 2011&#8217;de ba\u015flayan \u015fike s\u00fcreciyle ilgili a\u00e7\u0131klamalarda bulundu.<\/p>\n<p>Four Seasons Otel&#8217;de d\u00fczenlenen toplant\u0131da konu\u015fan Mehmet Ali Ayd\u0131nlar, 3 Temmuz 2011 s\u00fcrecinde yapt\u0131klar\u0131n\u0131n kar\u015f\u0131l\u0131\u011f\u0131 olarak hain ilan edildi\u011fini belirterek, &#8220;B\u00fct\u00fcn \u00e7abam ve hedefim b\u00fcy\u00fck s\u0131k\u0131nt\u0131larla dolu s\u00fcre\u00e7ten \u00fclkenin en de\u011ferli olu\u015fumlar\u0131 olan kul\u00fcplerin en az zararla \u00e7\u0131kabilmesiydi. Ya\u015fad\u0131\u011f\u0131m 7 ayl\u0131k s\u00fcrecin tamam\u0131n\u0131 bu hassasiyet \u00fczerine kurdum ve b\u00fct\u00fcn arkada\u015flar\u0131mla bunun i\u00e7in ola\u011fan\u00fcst\u00fc bir \u00e7aba g\u00f6sterdik. Kar\u015f\u0131l\u0131\u011f\u0131 ne oldu? B\u00fct\u00fcn bu \u00e7abalar\u0131m\u0131n kar\u015f\u0131l\u0131\u011f\u0131 hedef g\u00f6sterilmek, hain ilan edilmek, milyonlarca insan\u0131n \u00f6n\u00fcne hedef olarak konulmak oldu. Bu s\u00fcre\u00e7te onbinlerce taciz mesaj\u0131na ve tehditlere maruz kald\u0131m. Hakk\u0131mda y\u00fczlerce dava a\u00e7\u0131ld\u0131. Ya\u015fam\u0131m\u0131n 25 y\u0131l\u0131n\u0131 verdi\u011fim kul\u00fcb\u00fcm ve spor camias\u0131 \u00f6n\u00fcnde itibars\u0131zla\u015ft\u0131rma kampanyas\u0131na maruz b\u0131rak\u0131ld\u0131m. Bu ya\u015fananlar\u0131 hak edecek ne yapt\u0131m?&#8221; ifadelerini kulland\u0131.<\/p>\n<p>-&#8220;F\u0131rsat bir kere de\u011fil tam 3 defa Fenerbah\u00e7e y\u00f6neticilerinin eline ge\u00e7ti&#8221;<\/p>\n<p>\u015eike s\u00fcrecinde Fenerbah\u00e7eli y\u00f6neticilerin eline 3 defa f\u0131rsat ge\u00e7ti\u011fini ancak y\u00f6neticilerin bunu ki\u015filerin bekas\u0131 i\u00e7in ellerinin tersiyle itti\u011fini iddia eden Ayd\u0131nlar, \u015f\u00f6yle devam etti:<\/p>\n<p>&#8220;F\u0131rsat bir kere de\u011fil tam 3 defa Fenerbah\u00e7e y\u00f6neticilerinin eline ge\u00e7ti ama ki\u015filerin bekas\u0131 i\u00e7in bunlar\u0131 ellerinin tersiyle ittiler. Her ne kadar UEFA yetkilileri &#8216;Soru\u015fturmada ad\u0131 ge\u00e7en kul\u00fcpler Avrupa kupalar\u0131na kat\u0131labilir&#8217; dese de, &#8216;Elimizde biz temiziz ka\u011f\u0131tlar\u0131 var&#8217; demeyi de ihmal etmediler. 15 A\u011fustos&#8217;ta iki Fenerbah\u00e7e y\u00f6neticisini TFF&#8217;ye davet ettim. &#8216;Bu sene \u015eampiyonlar Ligi&#8217;ne gitmeyin. Kul\u00fcb\u00fcn menfatleri bu sene \u015eampiyonlar Ligi&#8217;ne gitmemekten ge\u00e7iyor. (Bu y\u0131l tedbiren kat\u0131lm\u0131yoruz) diyebilirsiniz&#8217; dedim. Ayn\u0131 g\u00fcn yapt\u0131\u011f\u0131m bas\u0131n toplant\u0131s\u0131nda da &#8216;kendisinden \u015f\u00fcphesi olanlar Avrupa kupas\u0131na gitmesin&#8217; dedim.&#8221;<\/p>\n<p>-&#8220;Trabzonspor yerine Bursaspor&#8217;u \u00f6nerebilirdik&#8221;<\/p>\n<p>Ayd\u0131nlar, UEFA&#8217;n\u0131n s\u00fcrecin ba\u015flad\u0131\u011f\u0131 3 Temmuz 2011&#8217;in ertesi g\u00fcn\u00fcnde TFF&#8217;ye bir mesaj g\u00f6nderdi\u011fini ve Fenerbah\u00e7e&#8217;nin UEFA \u015eampiyonlar Ligi&#8217;ne g\u00f6nderilmemesi gerekti\u011fini vurgulad\u0131\u011f\u0131n\u0131 aktard\u0131.<\/p>\n<p>Fenerbah\u00e7e y\u00f6neticilerinin \u00f6nce gitmeme karar\u0131 ald\u0131\u011f\u0131n\u0131 sonra da bu karar\u0131 TFF versin diye topu kendilerine att\u0131\u011f\u0131n\u0131 kaydeden Ayd\u0131nlar, T\u00fcrkiye&#8217;yi riske edemeyece\u011fini belirterek, \u015f\u00f6yle konu\u015ftu:<\/p>\n<p>&#8220;S\u00fcrecin ba\u015flad\u0131\u011f\u0131 g\u00fcn\u00fcn ertesinde UEFA yollam\u0131\u015f oldu\u011fu mesajla bu konuya dair hassasiyetini bizimle payla\u015ft\u0131. Bu uyar\u0131 \u00fczerine Fenerbah\u00e7e y\u00f6neticilerini \u00e7a\u011f\u0131rd\u0131m ve bunu kendileriyle payla\u015ft\u0131m. Kendilerinden acilen konuyla ilgili karar vermelerini istedim. Bir y\u00f6netici aya\u011fa kalkarak, &#8216;Ba\u015fkan \u015fimdi gidiyoruz. Y\u00f6netim kurulu toplay\u0131p, \u015eampiyonlar Ligi&#8217;ne kat\u0131lmama karar\u0131n\u0131 al\u0131yoruz&#8217; diyerek federasyondan ayr\u0131ld\u0131lar. 23 A\u011fustos&#8217;ta gelen bu mesajda UEFA net bir \u015fekilde, &#8216;Fenerbah\u00e7e gelmesin&#8217; diyordu. &#8216;Gelirse siz g\u00f6ndermeyin. Aksi takdirde T\u00fcrkiye&#8217;yi cezaland\u0131raca\u011f\u0131m&#8217; diyerek alt\u0131n\u0131 \u00e7iziyordu. T\u00fcrkiye&#8217;yi riske edemezdim. Ertesi g\u00fcn &#8216;Karar\u0131 siz verin&#8217; dediler. Biz de karar\u0131 verdik ve Fenerbah\u00e7e&#8217;nin \u015eampiyonlar Ligi&#8217;ne kat\u0131lmad\u0131\u011f\u0131 bilgisini UEFA&#8217;ya ilettik. Fenerbah\u00e7e&#8217;nin kat\u0131lmama karar\u0131n\u0131n ard\u0131ndan bir televizyon program\u0131na kat\u0131ld\u0131m ve Trabzonspor&#8217;un kupaya al\u0131nd\u0131\u011f\u0131n\u0131 \u00f6\u011frendim. Bunun \u00fczerine UEFA yetkilisine tepki g\u00f6sterdim. Zira Trabzonspor da soru\u015fturma kapsam\u0131nda ismi ge\u00e7en kul\u00fcplerden bir tanesiydi. Bize sorulsayd\u0131, Trabzonspor yerine Bursaspor&#8217;u \u00f6nerebilirdik.&#8221;<\/p>\n<p>&#8211; &#8220;Fenerbah\u00e7e&#8217;yi \u00e7ok daha b\u00fcy\u00fck bir cezadan kurtard\u0131m&#8221;<\/p>\n<p>Ayd\u0131nlar, Fenerbah\u00e7e&#8217;yi UEFA \u015eampiyonlar Ligi&#8217;ne g\u00f6ndermeyerek daha b\u00fcy\u00fck bir cezadan kurtard\u0131\u011f\u0131n\u0131 s\u00f6yledi.<\/p>\n<p>Fenerbah\u00e7e&#8217;nin UEFA kupalar\u0131na gitmemesiyle, konunun 1 senelik cezayla kapanabilece\u011fini savunan eski TFF ba\u015fkan\u0131, \u015funlar\u0131 ifade etti:<\/p>\n<p>&#8220;UEFA yetkilileri, UEFA&#8217;n\u0131n amiral gemisi olan ve kendilerine g\u00f6re d\u00fcnyan\u0131n en \u00f6nemli organizasyonu durumunda bulunan \u015eampiyonlar Ligi&#8217;nde Fenerbah\u00e7e&#8217;yi oynatmayacaklar\u0131n\u0131 s\u00f6ylemi\u015flerdi. Fenerbah\u00e7eli y\u00f6neticiler de bunu biliyordu. Ben g\u00f6ndersem bile UEFA o sene Fenerbah\u00e7e&#8217;yi \u015eampiyonlar Ligi&#8217;ne almayacakt\u0131. T\u00fcrk Milli Futbol Tak\u0131m\u0131 ve di\u011fer tak\u0131mlar\u0131 3 ile 5 y\u0131l, Fenerbah\u00e7e&#8217;yi de 8 y\u0131la kadar cezaland\u0131racakt\u0131. Ben Fenerbah\u00e7e&#8217;yi \u015eampiyonlar Ligi&#8217;ne g\u00f6ndermeyerek \u00e7ok daha b\u00fcy\u00fck bir cezadan kurtard\u0131m. Ayr\u0131ca milli tak\u0131m\u0131 ve di\u011fer kul\u00fcpleri de alaca\u011f\u0131m kararla riske atamazd\u0131m. Bu tarih sonras\u0131nda Fenerbah\u00e7e y\u00f6neticileri trib\u00fcnlere oynamaya ba\u015flad\u0131lar. Beni k\u00f6t\u00fcleyerek durumu kurtarmaya ve hain Fenerbah\u00e7eli pozisyonuna d\u00fc\u015f\u00fcrmeye \u00e7al\u0131\u015ft\u0131lar. O g\u00fcn bug\u00fcn de buna devam ediyorlar. Bug\u00fcn ortaya \u00e7\u0131kan tabloya bak\u0131nca o g\u00fcn UEFA&#8217;n\u0131n s\u00f6yledi\u011finin ayn\u0131n\u0131n oldu\u011funu g\u00f6r\u00fcyoruz.&#8221;<\/p>\n<p>Sar\u0131-lacivertli y\u00f6neticilerin taraftarlar\u0131n\u0131 yan\u0131ltmaya \u00e7al\u0131\u015f\u0131ld\u0131\u011f\u0131n\u0131 savunan Ayd\u0131nlar, &#8220;UEFA, \u015eampiyonlar Ligi&#8217;ne al\u0131nmayaca\u011f\u0131n\u0131 net bir \u015fekilde s\u00f6yledi. Bir de &#8216;bizi yollasalard\u0131 oynayacakt\u0131k&#8217; deniliyor. Sadece ve sadece toplum ve Fenerbah\u00e7e taraftar\u0131 yan\u0131lt\u0131lmaya \u00e7al\u0131\u015f\u0131l\u0131yor. Benzer bir konu bug\u00fcnlerde ya\u015fan\u0131yor. Fenerbah\u00e7e y\u00f6netcileri &#8216;CAS&#8217;\u0131n karar\u0131 ne olursa olsun Avrupa&#8217;da oynayaca\u011f\u0131z&#8217; dediler. Ne oldu? Sonu\u00e7ta Fenerbah\u00e7e taraftar\u0131 yan\u0131t\u0131ld\u0131. Sonucunda Fenerbah\u00e7e Avrupa&#8217;dan men edildi&#8221; diye konu\u015ftu.<\/p>\n<p>-&#8220;Platini ile Larnaka&#8217;da bizzat g\u00f6r\u00fc\u015ft\u00fcm&#8221;<\/p>\n<p>UEFA&#8217;yla yapt\u0131klar\u0131 pazarl\u0131klar\u0131 Ba\u015fkan Michael Platini&#8217;ye kabul ettirdiklerini bildiren Ayd\u0131nlar, &#8220;O tarihte son derece hassas ve \u00f6nemli bir karar verdik ve bu karar\u0131 UEFA&#8217;n\u0131n &#8216;Kesinlikle yapamazs\u0131n\u0131z&#8217; demesine kar\u015f\u0131n ald\u0131k. \u0130svi\u00e7re&#8217;ye gidip bizzat Platini&#8217;ye anlatt\u0131m. Platini ile Larnaka&#8217;da bizzat g\u00f6r\u00fc\u015fme yapt\u0131m ve kendisine kabul ettirdim. Liglerin oynat\u0131laca\u011f\u0131n\u0131 ve konuya dahil karar\u0131n ligin sonunda play-off&#8217;tan \u00f6nce al\u0131naca\u011f\u0131n\u0131, ligler oynan\u0131rken karar vermeyece\u011fimizi a\u00e7\u0131klad\u0131m. Bu da s\u00fcreci rahatlatt\u0131 ve kul\u00fcpler ad\u0131na milyonlarca lira zarara verecek bir tehlikenin \u00f6n\u00fc kesildi&#8221; ifadelerini kulland\u0131.<\/p>\n<p>-&#8220;Pazarl\u0131klar\u0131 T\u00fcrk futbolu ad\u0131na yapt\u0131k, Fenerbah\u00e7e i\u00e7in de\u011fil&#8221;<\/p>\n<p>Mehmet Ali Ayd\u0131nlar, UEFA ile yap\u0131lan pazarl\u0131klar\u0131n T\u00fcrk futbolu i\u00e7in ger\u00e7ekle\u015ftirildi\u011fini vurgulayarak, \u015f\u00f6yle konu\u015ftu:<\/p>\n<p>&#8220;Pazarl\u0131klar\u0131 T\u00fcrk futbolu ad\u0131na yapt\u0131k, Fenerbah\u00e7e i\u00e7in de\u011fil. \u0130smi ge\u00e7en b\u00fct\u00fcn kul\u00fcpler ad\u0131na yapt\u0131k ve pazarl\u0131kta ba\u015far\u0131l\u0131 olduk. Bana g\u00f6re T\u00fcrk futbolu ad\u0131na ele ge\u00e7mi\u015f en \u00f6nemli f\u0131rsat\u0131 yakalad\u0131k. \u0130svi\u00e7re&#8217;de yap\u0131lan pazarl\u0131klar meyvesini verdi. UEFA teklifimizi kabul etti. Puan silme, para cezalar\u0131 ve sadece 1 y\u0131l Avrupa kupalar\u0131ndan men edilme kayd\u0131yla dosyan\u0131n kapanmas\u0131 sa\u011flanm\u0131\u015ft\u0131. Herkes de bu pazarl\u0131k \u00fczerinde mutab\u0131k kalm\u0131\u015ft\u0131 ama pazarl\u0131klar\u0131m\u0131z\u0131n tamam\u0131 s\u00f6zl\u00fcyd\u00fc. Bunun \u00fczerine yaz\u0131l\u0131 teyit istedim. UEFA yaz\u0131l\u0131 olarak anla\u015ft\u0131klar\u0131m\u0131z\u0131 teyit etti. \u015eimdi hepinize sormak istiyorum. O g\u00fcn bu istenenler ger\u00e7ekle\u015fmi\u015f olsayd\u0131, Fenerbah\u00e7e y\u00f6netimi ki\u015fileri kurtarma ad\u0131na tamamen ki\u015fisel duygu ve h\u0131rsalar ad\u0131na de\u011fil de tarihi 100 y\u0131la dayanan bu k\u00f6kl\u00fc kul\u00fcp ad\u0131na kul\u00fcb\u00fcn menfaatleri do\u011frultusunda hareket etseydi bug\u00fcn hangi noktada olurduk?&#8221;<\/p>\n<p>-58. maddenin de\u011fi\u015fmesi<\/p>\n<p>UEFA&#8217;n\u0131n s\u00fcre\u00e7 devam ederken TFF talimatnamesinin 58. maddesinin de\u011fi\u015fmesine kar\u015f\u0131 \u00e7\u0131kt\u0131\u011f\u0131n\u0131 anlatan Ayd\u0131nlar, s\u00f6zlerine \u015f\u00f6yle devam etti:<\/p>\n<p>&#8220;S\u00fcrecin sa\u011fl\u0131kl\u0131 \u015fekilde ilerleyebilmesi i\u00e7in tek engel 58. maddeydi. Pazarl\u0131klar s\u0131ras\u0131nda 58. maddenin \u00e7ok a\u011f\u0131r oldu\u011funu ve de\u011fi\u015fmesi gerekti\u011fini UEFA yetkililerine anlatt\u0131m. Onlar da s\u00fcre\u00e7 devam ederken, 58. maddenin de\u011fi\u015ftirilemeyece\u011fini ancak genel kurul karar\u0131yla bir seferlik ask\u0131ya al\u0131nabilece\u011fini, karar verildikten sonra de\u011fi\u015ftirilebilece\u011fini belirttiler. Kul\u00fcpler Birli\u011fi de maddenin de\u011fi\u015fmesini istedi. Fenerbah\u00e7e ba\u015fkan\u0131, &#8217;58. maddenin de\u011fi\u015fmesini istemedik&#8217; diyor ama Kul\u00fcpler Birli\u011fi 14 imzayla &#8217;58. madde de\u011fi\u015fsin, k\u00fcme d\u00fc\u015fme kald\u0131r\u0131ls\u0131n&#8217; diye TFF&#8217;ye m\u00fcracaat etti. Peki ilk imzay\u0131 atan ve &#8217;58. madde de\u011fi\u015fmezse T\u00fcrk futbolu batar&#8217; diyen kim?&#8221;<\/p>\n<!-- Error, Advert is not available at this time due to schedule\/geolocation restrictions! -->\n","protected":false},"excerpt":{"rendered":"<p>TFF Eski Ba\u015fkan\u0131 Mehmet Ali Ayd\u0131nlar a\u011flad\u0131! Mehmet Ali Ayd\u0131nlar, \u015fike s\u00fcreciyle ilgili d\u00fczenledi\u011fi bas\u0131n toplant\u0131s\u0131nda trafik kazas\u0131nda ya\u015fam\u0131n\u0131 yitiren o\u011fluyla ilgili bir soru kar\u015f\u0131s\u0131nda g\u00f6zya\u015flar\u0131n\u0131 tutamad\u0131 ve toplant\u0131y\u0131 erken bitirdi. \/ Mehmet Ali Ayd\u0131nlar a\u011flad\u0131 (Video)<\/p>\n","protected":false},"author":4,"featured_media":177293,"comment_status":"open","ping_status":"open","sticky":false,"template":"","format":"standard","meta":{"_acf_changed":false,"footnotes":""},"categories":[6774,5005,6194,342],"tags":[5058,14279,75868,75869,6477],"class_list":["post-148298","post","type-post","status-publish","format-standard","has-post-thumbnail","hentry","category-futbol","category-manset","category-spor","category-video","tag-aziz-yildirim","tag-mehmet-ali-aydinlar","tag-mehmet-ali-aydinlar-basin-toplantisi","tag-mehmet-ali-aydinlar-video","tag-tff"],"acf":[],"_links":{"self":[{"href":"https:\/\/www.nationalturk.com\/tr\/wp-json\/wp\/v2\/posts\/148298","targetHints":{"allow":["GET"]}}],"collection":[{"href":"https:\/\/www.nationalturk.com\/tr\/wp-json\/wp\/v2\/posts"}],"about":[{"href":"https:\/\/www.nationalturk.com\/tr\/wp-json\/wp\/v2\/types\/post"}],"author":[{"embeddable":true,"href":"https:\/\/www.nationalturk.com\/tr\/wp-json\/wp\/v2\/users\/4"}],"replies":[{"embeddable":true,"href":"https:\/\/www.nationalturk.com\/tr\/wp-json\/wp\/v2\/comments?post=148298"}],"version-history":[{"count":0,"href":"https:\/\/www.nationalturk.com\/tr\/wp-json\/wp\/v2\/posts\/148298\/revisions"}],"wp:featuredmedia":[{"embeddable":true,"href":"https:\/\/www.nationalturk.com\/tr\/wp-json\/wp\/v2\/media\/177293"}],"wp:attachment":[{"href":"https:\/\/www.nationalturk.com\/tr\/wp-json\/wp\/v2\/media?parent=148298"}],"wp:term":[{"taxonomy":"category","embeddable":true,"href":"https:\/\/www.nationalturk.com\/tr\/wp-json\/wp\/v2\/categories?post=148298"},{"taxonomy":"post_tag","embeddable":true,"href":"https:\/\/www.nationalturk.com\/tr\/wp-json\/wp\/v2\/tags?post=148298"}],"curies":[{"name":"wp","href":"https:\/\/api.w.org\/{rel}","templated":true}]}}