{"id":148313,"date":"2013-09-18T15:47:42","date_gmt":"2013-09-18T12:47:42","guid":{"rendered":"http:\/\/www.nationalturk.com\/?p=148313"},"modified":"2013-09-18T15:47:42","modified_gmt":"2013-09-18T12:47:42","slug":"unal-aysaldan-hezimet-aciklamasi-ciddi-analiz-ve-calisma-gerek-148313","status":"publish","type":"post","link":"https:\/\/www.nationalturk.com\/tr\/unal-aysaldan-hezimet-aciklamasi-ciddi-analiz-ve-calisma-gerek-148313\/","title":{"rendered":"\u00dcnal Aysal&#8217;dan hezimet a\u00e7\u0131klamas\u0131: Ciddi analiz ve \u00e7al\u0131\u015fma gerek!"},"content":{"rendered":"<p><img loading=\"lazy\" decoding=\"async\" class=\"alignleft size-medium wp-image-148315\" alt=\"\u00dcnal Aysal\" src=\"http:\/\/www.nationalturk.com\/tr\/wp-content\/uploads\/2013\/09\/unal_aysal_kursu-280x157.jpg\" width=\"280\" height=\"157\" title=\"\" srcset=\"https:\/\/www.nationalturk.com\/tr\/wp-content\/uploads\/2013\/09\/unal_aysal_kursu-280x157.jpg 280w, https:\/\/www.nationalturk.com\/tr\/wp-content\/uploads\/2013\/09\/unal_aysal_kursu.jpg 600w\" sizes=\"auto, (max-width: 280px) 100vw, 280px\" \/><\/p>\n<h1>Galatasaray&#8217;\u0131n Real Madrid&#8217;e 6-1 yenilmesinin ard\u0131ndan yapaca\u011f\u0131 a\u00e7\u0131klama merakla beklenen Ba\u015fkan \u00dcnal Aysal, &#8216;Galatasaray i\u00e7in her \u015feyin en iyisini istememiz \u00e7ok do\u011fal hakk\u0131m\u0131z, ama bunlara ancak diyalog, ciddi analizler ve \u00e7al\u0131\u015fmalarla eri\u015febiliriz&#8217; dedi.<\/h1>\n<p>\u00dcnal Aysal&#8217;\u0131n, Galatasaray&#8217;\u0131n resmi internet sitesinde yer alan a\u00e7\u0131klamas\u0131 \u015f\u00f6yle;<\/p>\n<p>&#8220;De\u011ferli Galatasarayl\u0131 Dostlar\u0131m,<\/p>\n<p>Real Madrid kar\u015f\u0131s\u0131nda a\u011f\u0131r bir yenilgi ald\u0131k. Ancak futbolda b\u00fct\u00fcn sonu\u00e7lar\u0131n m\u00fcmk\u00fcn olabildi\u011fi gibi bunun \u00e7are ve \u00e7\u00f6z\u00fcmleri de m\u00fcmk\u00fcnd\u00fcr. Kollektif bir spor olan futbolda hi\u00e7 kimseyi tek ba\u015f\u0131na su\u00e7lu ilan etmek bizim k\u00fclt\u00fcr\u00fcm\u00fczde kabul g\u00f6rmez.<\/p>\n<p>Pazar g\u00fcn\u00fc \u00f6nemli bir derbi ma\u00e7\u0131m\u0131z var. \u00dcstelik 6 puanl\u0131k bir fark\u0131 kapatmak i\u00e7in sahaya \u00e7\u0131kaca\u011f\u0131z. Bu \u00f6nemli ama\u00e7 \u00f6ncesinde baz\u0131 d\u0131\u015f odaklarca zaten yeteri kadar ve \u0131srarla da\u011f\u0131t\u0131lmaya \u00e7al\u0131\u015f\u0131lm\u0131\u015f olan konsantrasyonumuzu daha fazla bozmak ve dikkatimizi ba\u015fka noktalara vermek, son derece b\u00fcy\u00fck bir hata olur. Bu nedenle tak\u0131m\u0131m\u0131z\u0131n \u00f6zellikle moral a\u00e7\u0131s\u0131ndan bu ma\u00e7a en iyi \u015fekilde haz\u0131rlanmas\u0131n\u0131n sa\u011flanabilmesi i\u00e7in ba\u015fta y\u00f6netici arkada\u015flar\u0131m olmak \u00fczere t\u00fcm camiam\u0131zdan ve taraftarlar\u0131m\u0131zdan birbirine kenetlenerek anlay\u0131\u015f i\u00e7inde olmalar\u0131n\u0131 ve yanl\u0131\u015f izlenimlere yol a\u00e7abilecek a\u00e7\u0131klamalardan ka\u00e7\u0131nmalar\u0131n\u0131 istiyorum.<\/p>\n<p>Biz b\u00fcy\u00fck bir camiay\u0131z. Bu aileyi y\u0131llard\u0131r ayakta tutan \u015fey birbirimize duydu\u011fumuz sevgi ve \u015fefkat olmu\u015ftur. Bug\u00fcn bu ba\u011f\u0131 en \u00fcst d\u00fczeyde sergileme zaman\u0131d\u0131r. Ele\u015ftiriler tabii ki olabilir ama bunlar\u0131 \u00e7ok daha sakin ve mutlu g\u00fcnlerimizde oturup, konu\u015facak ve kendi i\u00e7imizde \u00e7\u00f6zecek g\u00fcce ve k\u00fclt\u00fcre sahibiz.<\/p>\n<p>Galatasaray i\u00e7in her \u015feyin en iyisini istememiz \u00e7ok do\u011fal hakk\u0131m\u0131z, ama bunlara ancak diyalog, ciddi analizler ve \u00e7al\u0131\u015fmalarla eri\u015febiliriz.<\/p>\n<p>Herkesin bilmesini isterim ki, son d\u00f6nemde al\u0131nan neticelere ra\u011fmen benim teknik ekibimize ve t\u00fcm oyuncular\u0131m\u0131za g\u00fcvenim tamd\u0131r. B\u00fct\u00fcn camiam\u0131zdan ayn\u0131 destek ve inanc\u0131n devam\u0131n\u0131 bekliyorum.<\/p>\n<p>Sevgi ve Sayg\u0131lar\u0131mla<br \/>\nGalatasaray Spor Kul\u00fcb\u00fc Ba\u015fkan\u0131<br \/>\n\u00dcnal AYSAL&#8221;<\/p>\n<!-- Error, Advert is not available at this time due to schedule\/geolocation restrictions! -->\n","protected":false},"excerpt":{"rendered":"<p>Galatasaray&#8217;\u0131n Real Madrid&#8217;e 6-1 yenilmesinin ard\u0131ndan yapaca\u011f\u0131 a\u00e7\u0131klama merakla beklenen Ba\u015fkan \u00dcnal Aysal, &#8216;Galatasaray i\u00e7in her \u015feyin en iyisini istememiz \u00e7ok do\u011fal hakk\u0131m\u0131z, ama bunlara ancak diyalog, ciddi analizler ve \u00e7al\u0131\u015fmalarla eri\u015febiliriz&#8217; dedi.<\/p>\n","protected":false},"author":4,"featured_media":177290,"comment_status":"open","ping_status":"open","sticky":false,"template":"","format":"standard","meta":{"_acf_changed":false,"footnotes":""},"categories":[6774,5005,6194],"tags":[4114,79095,79094,64385,75011],"class_list":["post-148313","post","type-post","status-publish","format-standard","has-post-thumbnail","hentry","category-futbol","category-manset","category-spor","tag-galatasaray","tag-galatasaray-real-madrid","tag-real-madrid-galatasaray","tag-unal-aysal","tag-unal-aysal-aciklama"],"acf":[],"_links":{"self":[{"href":"https:\/\/www.nationalturk.com\/tr\/wp-json\/wp\/v2\/posts\/148313","targetHints":{"allow":["GET"]}}],"collection":[{"href":"https:\/\/www.nationalturk.com\/tr\/wp-json\/wp\/v2\/posts"}],"about":[{"href":"https:\/\/www.nationalturk.com\/tr\/wp-json\/wp\/v2\/types\/post"}],"author":[{"embeddable":true,"href":"https:\/\/www.nationalturk.com\/tr\/wp-json\/wp\/v2\/users\/4"}],"replies":[{"embeddable":true,"href":"https:\/\/www.nationalturk.com\/tr\/wp-json\/wp\/v2\/comments?post=148313"}],"version-history":[{"count":0,"href":"https:\/\/www.nationalturk.com\/tr\/wp-json\/wp\/v2\/posts\/148313\/revisions"}],"wp:featuredmedia":[{"embeddable":true,"href":"https:\/\/www.nationalturk.com\/tr\/wp-json\/wp\/v2\/media\/177290"}],"wp:attachment":[{"href":"https:\/\/www.nationalturk.com\/tr\/wp-json\/wp\/v2\/media?parent=148313"}],"wp:term":[{"taxonomy":"category","embeddable":true,"href":"https:\/\/www.nationalturk.com\/tr\/wp-json\/wp\/v2\/categories?post=148313"},{"taxonomy":"post_tag","embeddable":true,"href":"https:\/\/www.nationalturk.com\/tr\/wp-json\/wp\/v2\/tags?post=148313"}],"curies":[{"name":"wp","href":"https:\/\/api.w.org\/{rel}","templated":true}]}}