{"id":148423,"date":"2013-09-19T14:40:23","date_gmt":"2013-09-19T11:40:23","guid":{"rendered":"http:\/\/www.nationalturk.com\/?p=148423"},"modified":"2022-09-14T16:14:05","modified_gmt":"2022-09-14T13:14:05","slug":"yilmaz-vural-azerbaycan-ile-anlasmak-uzere-148423","status":"publish","type":"post","link":"https:\/\/www.nationalturk.com\/tr\/yilmaz-vural-azerbaycan-ile-anlasmak-uzere-148423\/","title":{"rendered":"Y\u0131lmaz Vural Azerbaycan ile anla\u015fmak \u00fczere"},"content":{"rendered":"<p><img loading=\"lazy\" decoding=\"async\" class=\"alignleft size-medium wp-image-148425\" alt=\"Y\u0131lmaz Vural\" src=\"http:\/\/www.nationalturk.com\/tr\/wp-content\/uploads\/2013\/09\/yilmaz_vural_basintoplantisi_2841-280x176.jpg\" width=\"280\" height=\"176\" title=\"\" srcset=\"https:\/\/www.nationalturk.com\/tr\/wp-content\/uploads\/2013\/09\/yilmaz_vural_basintoplantisi_2841-280x176.jpg 280w, https:\/\/www.nationalturk.com\/tr\/wp-content\/uploads\/2013\/09\/yilmaz_vural_basintoplantisi_2841-610x383.jpg 610w, https:\/\/www.nationalturk.com\/tr\/wp-content\/uploads\/2013\/09\/yilmaz_vural_basintoplantisi_2841.jpg 712w\" sizes=\"auto, (max-width: 280px) 100vw, 280px\" \/><\/p>\n<h1>T\u00fcrk futbolunun renkli teknik direkt\u00f6r\u00fc Y\u0131lmaz Vural Azerbaycan Mill\u00ee Futbol Tak\u0131m\u0131 ile s\u00f6zle\u015fme imzalamaya haz\u0131rlan\u0131yor.<\/h1>\n<p>Azerbaycan milli tak\u0131m\u0131 b\u00fcy\u00fck \u00fcmitlerle g\u00f6reve getirdi\u011fi Alman hoca Berti Vogts&#8217;un s\u00f6zle\u015fmesini feshetti. Azerbaycan Federasyonu&#8217;nun Vogts&#8217;tan bo\u015falan g\u00f6reve getirmek i\u00e7in \u00f6n\u00fcm\u00fczdeki g\u00fcnlerde Y\u0131lmaz Vural ile g\u00f6r\u00fc\u015fme yapaca\u011f\u0131 \u00f6\u011frenildi. \u00a0T\u00fcrkiye&#8217;de bug\u00fcne kadar 23 tak\u0131m \u00e7al\u0131\u015ft\u0131ran tecr\u00fcbeli teknik adam\u0131n Azerbaycan&#8217;dan gelen teklife s\u0131cak bakt\u0131\u011f\u0131 ve teklifi kabul etmesi bekleniyor.<\/p>\n<!-- Error, Advert is not available at this time due to schedule\/geolocation restrictions! -->\n","protected":false},"excerpt":{"rendered":"<p>T\u00fcrk futbolunun renkli teknik direkt\u00f6r\u00fc Y\u0131lmaz Vural Azerbaycan Mill\u00ee Futbol Tak\u0131m\u0131 ile s\u00f6zle\u015fme imzalamaya haz\u0131rlan\u0131yor.<\/p>\n","protected":false},"author":4,"featured_media":177275,"comment_status":"open","ping_status":"open","sticky":false,"template":"","format":"standard","meta":{"_acf_changed":false,"footnotes":""},"categories":[6770,6774,5005,6202,6194],"tags":[1958,49015,49014,17161,141815],"class_list":["post-148423","post","type-post","status-publish","format-standard","has-post-thumbnail","hentry","category-avrupa","category-futbol","category-manset","category-politika","category-spor","tag-azerbaycan","tag-azerbaycan-milli-takimi","tag-berti-vogts","tag-yilmaz-vural","tag-yilmaz-vural-azerbaycan"],"acf":[],"_links":{"self":[{"href":"https:\/\/www.nationalturk.com\/tr\/wp-json\/wp\/v2\/posts\/148423","targetHints":{"allow":["GET"]}}],"collection":[{"href":"https:\/\/www.nationalturk.com\/tr\/wp-json\/wp\/v2\/posts"}],"about":[{"href":"https:\/\/www.nationalturk.com\/tr\/wp-json\/wp\/v2\/types\/post"}],"author":[{"embeddable":true,"href":"https:\/\/www.nationalturk.com\/tr\/wp-json\/wp\/v2\/users\/4"}],"replies":[{"embeddable":true,"href":"https:\/\/www.nationalturk.com\/tr\/wp-json\/wp\/v2\/comments?post=148423"}],"version-history":[{"count":0,"href":"https:\/\/www.nationalturk.com\/tr\/wp-json\/wp\/v2\/posts\/148423\/revisions"}],"wp:featuredmedia":[{"embeddable":true,"href":"https:\/\/www.nationalturk.com\/tr\/wp-json\/wp\/v2\/media\/177275"}],"wp:attachment":[{"href":"https:\/\/www.nationalturk.com\/tr\/wp-json\/wp\/v2\/media?parent=148423"}],"wp:term":[{"taxonomy":"category","embeddable":true,"href":"https:\/\/www.nationalturk.com\/tr\/wp-json\/wp\/v2\/categories?post=148423"},{"taxonomy":"post_tag","embeddable":true,"href":"https:\/\/www.nationalturk.com\/tr\/wp-json\/wp\/v2\/tags?post=148423"}],"curies":[{"name":"wp","href":"https:\/\/api.w.org\/{rel}","templated":true}]}}