{"id":148526,"date":"2013-09-20T13:19:09","date_gmt":"2013-09-20T10:19:09","guid":{"rendered":"http:\/\/www.nationalturk.com\/?p=148526"},"modified":"2013-09-20T13:19:09","modified_gmt":"2013-09-20T10:19:09","slug":"ukraynali-sohret-ani-lorak-ikinci-cocugu-bekliyor-148526","status":"publish","type":"post","link":"https:\/\/www.nationalturk.com\/tr\/ukraynali-sohret-ani-lorak-ikinci-cocugu-bekliyor-148526\/","title":{"rendered":"Ukraynal\u0131 \u015f\u00f6hret Ani Lorak ikinci \u00e7ocu\u011fu bekliyor"},"content":{"rendered":"<p><img loading=\"lazy\" decoding=\"async\" class=\"alignleft size-medium wp-image-148527\" alt=\"Ani Lorak\" src=\"http:\/\/www.nationalturk.com\/tr\/wp-content\/uploads\/2013\/09\/ani_lorak-280x186.jpg\" width=\"280\" height=\"186\" title=\"\" srcset=\"https:\/\/www.nationalturk.com\/tr\/wp-content\/uploads\/2013\/09\/ani_lorak-280x186.jpg 280w, https:\/\/www.nationalturk.com\/tr\/wp-content\/uploads\/2013\/09\/ani_lorak-599x400.jpg 599w, https:\/\/www.nationalturk.com\/tr\/wp-content\/uploads\/2013\/09\/ani_lorak.jpg 700w\" sizes=\"auto, (max-width: 280px) 100vw, 280px\" \/><\/p>\n<h1>T\u00fcrk e\u015fi Murat Nal\u00e7ac\u0131o\u011flu nedeniyle T\u00fcrk magazin medyas\u0131n\u0131n da yak\u0131ndan takip etti\u011fi Ukraynal\u0131 \u015fark\u0131c\u0131 Ani Lorak ikinci \u00e7ocu\u011funa hamile.<\/h1>\n<p>Rusya ve eski Sovyet co\u011frafyas\u0131nda \u00e7ok pop\u00fcler olan, T\u00fcrk vatanda\u015f\u0131 ile evli oldu\u011fu i\u00e7in T\u00fcrkiye&#8217;de de tan\u0131nan \u00fcnl\u00fc Ukraynal\u0131 \u015fark\u0131c\u0131 Ani Lorak&#8217;\u0131n ikinci \u00e7ocu\u011funa hamile oldu\u011fu yaz\u0131ld\u0131. \u00a0Fooz.ru sitesi, Ani Lorak&#8217;\u0131n arkada\u015f\u0131, \u00fcnl\u00fc \u015fark\u0131c\u0131 Nikolay Baskov&#8217;a dayand\u0131rd\u0131\u011f\u0131 haberinde, Ukraynal\u0131 s\u00fcper star\u0131n hamile oldu\u011funu yazd\u0131.\u00a0Ani Lorak, k\u0131sa s\u00fcre \u00f6nce bir s\u00f6yle\u015fisinde ikinci kez anne olmak istedi\u011fini s\u00f6ylemi\u015fti. \u00a0Ani Lorak -Murat Nal\u00e7ac\u0131o\u011flu \u00e7iftinin 2011 y\u0131l\u0131nda bir k\u0131z \u00e7ocuklar\u0131 d\u00fcnyaya gelmi\u015fti.<\/p>\n<!-- Error, Advert is not available at this time due to schedule\/geolocation restrictions! -->\n<p>&nbsp;<\/p>\n","protected":false},"excerpt":{"rendered":"<p>T\u00fcrk e\u015fi Murat Nal\u00e7ac\u0131o\u011flu nedeniyle T\u00fcrk magazin medyas\u0131n\u0131n da yak\u0131ndan takip etti\u011fi Ukraynal\u0131 \u015fark\u0131c\u0131 Ani Lorak ikinci \u00e7ocu\u011funa hamile.<\/p>\n","protected":false},"author":4,"featured_media":177255,"comment_status":"open","ping_status":"open","sticky":false,"template":"","format":"standard","meta":{"_acf_changed":false,"footnotes":""},"categories":[6770,6665,6232,6662],"tags":[195945,850],"class_list":["post-148526","post","type-post","status-publish","format-standard","has-post-thumbnail","hentry","category-avrupa","category-dunya","category-magazin","category-yasam","tag-magazin","tag-ukrayna"],"acf":[],"_links":{"self":[{"href":"https:\/\/www.nationalturk.com\/tr\/wp-json\/wp\/v2\/posts\/148526","targetHints":{"allow":["GET"]}}],"collection":[{"href":"https:\/\/www.nationalturk.com\/tr\/wp-json\/wp\/v2\/posts"}],"about":[{"href":"https:\/\/www.nationalturk.com\/tr\/wp-json\/wp\/v2\/types\/post"}],"author":[{"embeddable":true,"href":"https:\/\/www.nationalturk.com\/tr\/wp-json\/wp\/v2\/users\/4"}],"replies":[{"embeddable":true,"href":"https:\/\/www.nationalturk.com\/tr\/wp-json\/wp\/v2\/comments?post=148526"}],"version-history":[{"count":0,"href":"https:\/\/www.nationalturk.com\/tr\/wp-json\/wp\/v2\/posts\/148526\/revisions"}],"wp:featuredmedia":[{"embeddable":true,"href":"https:\/\/www.nationalturk.com\/tr\/wp-json\/wp\/v2\/media\/177255"}],"wp:attachment":[{"href":"https:\/\/www.nationalturk.com\/tr\/wp-json\/wp\/v2\/media?parent=148526"}],"wp:term":[{"taxonomy":"category","embeddable":true,"href":"https:\/\/www.nationalturk.com\/tr\/wp-json\/wp\/v2\/categories?post=148526"},{"taxonomy":"post_tag","embeddable":true,"href":"https:\/\/www.nationalturk.com\/tr\/wp-json\/wp\/v2\/tags?post=148526"}],"curies":[{"name":"wp","href":"https:\/\/api.w.org\/{rel}","templated":true}]}}