{"id":148889,"date":"2013-09-25T09:06:33","date_gmt":"2013-09-25T06:06:33","guid":{"rendered":"http:\/\/www.nationalturk.com\/?p=148889"},"modified":"2013-09-25T09:06:33","modified_gmt":"2013-09-25T06:06:33","slug":"cumhurbaskani-gul-bm-toplantisi-148889","status":"publish","type":"post","link":"https:\/\/www.nationalturk.com\/tr\/cumhurbaskani-gul-bm-toplantisi-148889\/","title":{"rendered":"Cumhurba\u015fkan\u0131 G\u00fcl, BM toplant\u0131s\u0131nda konu\u015ftu"},"content":{"rendered":"<h1><a href=\"http:\/\/www.nationalturk.com\/tr\/wp-content\/uploads\/2013\/09\/abdullah-gul-aciklama.jpg\"><img loading=\"lazy\" decoding=\"async\" class=\"aligncenter size-large wp-image-148890\" alt=\"abdullah-gul-aciklama\" src=\"http:\/\/www.nationalturk.com\/tr\/wp-content\/uploads\/2013\/09\/abdullah-gul-aciklama-610x394.jpg\" width=\"610\" height=\"394\" title=\"\" srcset=\"https:\/\/www.nationalturk.com\/tr\/wp-content\/uploads\/2013\/09\/abdullah-gul-aciklama-610x394.jpg 610w, https:\/\/www.nationalturk.com\/tr\/wp-content\/uploads\/2013\/09\/abdullah-gul-aciklama-280x181.jpg 280w, https:\/\/www.nationalturk.com\/tr\/wp-content\/uploads\/2013\/09\/abdullah-gul-aciklama.jpg 1200w\" sizes=\"auto, (max-width: 610px) 100vw, 610px\" \/><\/a>Cumhurba\u015fkan\u0131 Abdullah\u00a0G\u00fcl, BM&#8217;de s\u00fcrd\u00fcr\u00fclebilir kalk\u0131nma konulu &#8220;Liderler Diyalo\u011fu: Vizyondan Eyleme&#8221; ba\u015fl\u0131kl\u0131 toplant\u0131ya kat\u0131ld\u0131.<\/h1>\n<p>Cumhurba\u015fkan\u0131 Abdullah G\u00fcl, t\u00fcketim dengesizli\u011fine i\u015faret ederek, &#8220;T\u00fcketim al\u0131\u015fkanl\u0131klar\u0131m\u0131z ciddi endi\u015fe kayna\u011f\u0131. Baz\u0131lar\u0131 a\u015f\u0131r\u0131 t\u00fcketirken di\u011ferleri k\u0131tl\u0131kla kar\u015f\u0131 kar\u015f\u0131ya. Bu dengesizlik d\u00fczeltilmeli&#8221; dedi.<\/p>\n<p>Kalk\u0131nma Bakan\u0131 Cevdet Y\u0131lmaz&#8217;\u0131n da i\u015ftirak etti\u011fi toplant\u0131da konu\u015fan G\u00fcl, Uluslararas\u0131 toplumun son 40 y\u0131ld\u0131r s\u00fcrd\u00fcr\u00fclebilir kalk\u0131nmay\u0131 tart\u0131\u015ft\u0131\u011f\u0131n\u0131 kaydederek, daha \u00f6nce \u00e7evresel fakt\u00f6rlere odaklan\u0131ld\u0131\u011f\u0131n\u0131 art\u0131k s\u00fcrd\u00fcr\u00fclebilir kalk\u0131nman\u0131n ekonomik ve sosyal boyutlar\u0131n\u0131n da ele al\u0131nd\u0131\u011f\u0131n\u0131 s\u00f6yledi.<\/p>\n<p>Do\u011fal kaynaklar\u0131n yok olmaya y\u00fcz tutmas\u0131, biyolojik \u00e7e\u015fitlili\u011fin azalmas\u0131, iklim de\u011fi\u015fikli\u011finin d\u00fcnyaya etkisi gibi konular\u0131n herkesin ortak sorumlulu\u011funda oldu\u011funu ifade eden G\u00fcl, bu sorunlarla ekonomik b\u00fcy\u00fcmeye sekte vurmadan m\u00fccadele edilmesi gerekti\u011fini belirtti.<\/p>\n<p>&#8220;Belirsizlik ve karma\u015fa \u00e7a\u011f\u0131nda&#8221; ekonomik krizin k\u00fcresel etkilerinin halen s\u00fcrd\u00fc\u011f\u00fcn\u00fc, enerji ve g\u0131da fiyatlar\u0131n\u0131n oynak ve artmakta oldu\u011funu dile getiren G\u00fcl, iyi y\u00f6neti\u015fim, bar\u0131\u015f, g\u00fcvenlik ve istikrar\u0131n her zamankinden daha \u00f6nemli hale geldi\u011fini kaydetti.<\/p>\n<!-- Error, Advert is not available at this time due to schedule\/geolocation restrictions! -->\n<p>Bu fakt\u00f6rlerin, kaynaklar\u0131n etkili kullan\u0131m\u0131, sosyal refah ve kalk\u0131nmaya etki etti\u011fini anlatan G\u00fcl, bu s\u0131namalar kar\u015f\u0131s\u0131nda baz\u0131 prensiplere s\u0131k\u0131 s\u0131k\u0131ya sahip \u00e7\u0131k\u0131lmas\u0131 gerekti\u011fini belirterek, adil, kapsay\u0131c\u0131, gelecek nesillere alternatif se\u00e7enekler b\u0131rakacak ve gelece\u011fin f\u0131rsatlar\u0131n\u0131 engellemeyecek \u015fekilde politikalar geli\u015ftirilmesi gerekti\u011fini ifade etti.<\/p>\n<h2>T\u00fcketim dengesizli\u011fi<\/h2>\n<p>Cinsiyet e\u015fitli\u011fi ve kad\u0131nlar\u0131n g\u00fc\u00e7lendirilmesinin temel \u00f6ncelik olmas\u0131 gerekti\u011fini, bu konuda \u00fclkeler ve b\u00f6lgeler aras\u0131nda farkl\u0131 uygulamalar oldu\u011funu dile getiren G\u00fcl, &#8220;T\u00fcketim al\u0131\u015fkanl\u0131klar\u0131m\u0131z ciddi endi\u015fe kayna\u011f\u0131. Baz\u0131lar\u0131 a\u015f\u0131r\u0131 t\u00fcketirken di\u011ferleri k\u0131tl\u0131kla kar\u015f\u0131 kar\u015f\u0131ya. Bu dengesizlik d\u00fczeltilmeli&#8221; dedi.<\/p>\n<p>Bu konuda tecr\u00fcbelerin payla\u015f\u0131lmas\u0131 gerekti\u011fini vurgulayan G\u00fcl, bu payla\u015f\u0131m\u0131n teknoloji transferiyle birlikte g\u00f6t\u00fcr\u00fclmesini isteyerek, &#8220;Ama\u00e7 \u00e7ok a\u00e7\u0131k: muhta\u00e7lar\u0131 elimizden geldi\u011fi kadar desteklemek. T\u00fcrkiye olarak d\u00fcnyan\u0131n en az geli\u015fmi\u015f \u00fclkelerinin s\u0131k\u0131nt\u0131lar\u0131n\u0131n hafifletilmesi gere\u011fine g\u00fc\u00e7l\u00fc bir \u015fekilde inan\u0131yoruz&#8221; diye konu\u015ftu.<\/p>\n<p>Cumhurba\u015fkan\u0131 G\u00fcl, 4. BM En Az Geli\u015fmi\u015f \u00dclkeler Konferans\u0131&#8217;n\u0131n 2011 y\u0131l\u0131nda T\u00fcrkiye&#8217;de d\u00fczenlendi\u011fini hat\u0131rlatarak, \u0130stanbul Eylem Plan\u0131 kapsam\u0131nda kabul edilen ve 2015 y\u0131l\u0131nda yap\u0131lmas\u0131 planlanan Orta Vade G\u00f6zden Ge\u00e7irme Konferans\u0131&#8217;na ev sahipli\u011fi yapma teklifini yineledi.<\/p>\n<p>B\u00fct\u00fcn \u00fclkelerin b\u00fcy\u00fcmeye ve refaha ihtiyac\u0131 oldu\u011funu bildiren G\u00fcl, &#8220;Ancak refah\u0131m\u0131z, gezegenimizin tahrip edilmesi, kaynaklar\u0131m\u0131z\u0131n t\u00fcketilmesi ya da ortak gelece\u011fimizin g\u00f6lgelenmesi pahas\u0131na olmamal\u0131&#8221; de\u011ferlendirmesini yapt\u0131.<\/p>\n<!-- Error, Advert is not available at this time due to schedule\/geolocation restrictions! -->\n","protected":false},"excerpt":{"rendered":"<p>Cumhurba\u015fkan\u0131 Abdullah G\u00fcl, BM&#8217;de s\u00fcrd\u00fcr\u00fclebilir kalk\u0131nma konulu &#8220;Liderler Diyalo\u011fu: Vizyondan Eyleme&#8221; ba\u015fl\u0131kl\u0131 toplant\u0131ya kat\u0131ld\u0131.<\/p>\n","protected":false},"author":3,"featured_media":177207,"comment_status":"open","ping_status":"open","sticky":false,"template":"","format":"standard","meta":{"_acf_changed":false,"footnotes":""},"categories":[6665,6155,5005,6202],"tags":[4343,46933,4020,31896,4353,83953,103914],"class_list":["post-148889","post","type-post","status-publish","format-standard","has-post-thumbnail","hentry","category-dunya","category-gundem","category-manset","category-politika","tag-abdullah-gul","tag-abdullah-gul-aciklama","tag-cevdet-yilmaz","tag-cumhurbaskani","tag-cumhurbaskani-abdullah-gul","tag-kalkinma-bakani","tag-kalkinma-bakani-cevdet-yilmaz"],"acf":[],"_links":{"self":[{"href":"https:\/\/www.nationalturk.com\/tr\/wp-json\/wp\/v2\/posts\/148889","targetHints":{"allow":["GET"]}}],"collection":[{"href":"https:\/\/www.nationalturk.com\/tr\/wp-json\/wp\/v2\/posts"}],"about":[{"href":"https:\/\/www.nationalturk.com\/tr\/wp-json\/wp\/v2\/types\/post"}],"author":[{"embeddable":true,"href":"https:\/\/www.nationalturk.com\/tr\/wp-json\/wp\/v2\/users\/3"}],"replies":[{"embeddable":true,"href":"https:\/\/www.nationalturk.com\/tr\/wp-json\/wp\/v2\/comments?post=148889"}],"version-history":[{"count":0,"href":"https:\/\/www.nationalturk.com\/tr\/wp-json\/wp\/v2\/posts\/148889\/revisions"}],"wp:featuredmedia":[{"embeddable":true,"href":"https:\/\/www.nationalturk.com\/tr\/wp-json\/wp\/v2\/media\/177207"}],"wp:attachment":[{"href":"https:\/\/www.nationalturk.com\/tr\/wp-json\/wp\/v2\/media?parent=148889"}],"wp:term":[{"taxonomy":"category","embeddable":true,"href":"https:\/\/www.nationalturk.com\/tr\/wp-json\/wp\/v2\/categories?post=148889"},{"taxonomy":"post_tag","embeddable":true,"href":"https:\/\/www.nationalturk.com\/tr\/wp-json\/wp\/v2\/tags?post=148889"}],"curies":[{"name":"wp","href":"https:\/\/api.w.org\/{rel}","templated":true}]}}