{"id":148929,"date":"2013-09-26T12:09:07","date_gmt":"2013-09-26T09:09:07","guid":{"rendered":"http:\/\/www.nationalturk.com\/?p=148929"},"modified":"2013-09-26T14:21:58","modified_gmt":"2013-09-26T11:21:58","slug":"katil-amanda-knox-yeniden-yargilanacak-bu-sefer-neler-olabilir-148929","status":"publish","type":"post","link":"https:\/\/www.nationalturk.com\/tr\/katil-amanda-knox-yeniden-yargilanacak-bu-sefer-neler-olabilir-148929\/","title":{"rendered":"Amanda Knox yeniden yarg\u0131lanacak bu sefer neler olabilir ?"},"content":{"rendered":"<h1><a href=\"http:\/\/www.nationalturk.com\/tr\/wp-content\/uploads\/2013\/09\/Amanda-Knox-Case-Retrial-Over-Meredith-Kercher-Murder.jpg\"><img loading=\"lazy\" decoding=\"async\" class=\"alignnone size-full wp-image-149056\" alt=\"ITALY BRITAIN MEREDITH KERCHER TRIAL\" src=\"http:\/\/www.nationalturk.com\/tr\/wp-content\/uploads\/2013\/09\/Amanda-Knox-Case-Retrial-Over-Meredith-Kercher-Murder.jpg\" width=\"610\" height=\"381\" title=\"\" srcset=\"https:\/\/www.nationalturk.com\/tr\/wp-content\/uploads\/2013\/09\/Amanda-Knox-Case-Retrial-Over-Meredith-Kercher-Murder.jpg 610w, https:\/\/www.nationalturk.com\/tr\/wp-content\/uploads\/2013\/09\/Amanda-Knox-Case-Retrial-Over-Meredith-Kercher-Murder-280x174.jpg 280w\" sizes=\"auto, (max-width: 610px) 100vw, 610px\" \/><\/a><\/h1>\n<h1>Kendisi ile &#8221; sex oyunu&#8221; oynamad\u0131\u011f\u0131 i\u00e7in \u0130ngiliz ev arkada\u015f\u0131 Meredith Kercher&#8217;i erkek arkada\u015f\u0131 ile \u00f6ld\u00fcren Amanda Knox&#8217;un yeniden yarg\u0131lanmas\u0131 ba\u015fl\u0131yor.<\/h1>\n<p>T\u00fcm d\u00fcnyan\u0131n g\u00f6zlerini \u0130talya\u2019n\u0131n k\u00fc\u00e7\u00fck da\u011f kasabas\u0131 Perugia\u2019ya \u00e7eviren Meredith Kercher cinayeti davas\u0131 gelecek eyl\u00fcl ay\u0131nda yeniden ba\u015fl\u0131yor. \u0130ngiliz de\u011fi\u015fim \u00f6\u011frencisi Meredith Kercher\u2019in Kas\u0131m 2007\u2019de Perugia\u2019da vah\u015fi bir cinayete kurban gitmesinin ard\u0131ndan a\u00e7\u0131lan davada, Kercher\u2019in ev arkada\u015f\u0131 ABD\u2019li Amanda Knox ve Knox\u2019un \u0130talyan sevgilisi Raffaele Sollecito ba\u015f zanl\u0131lard\u0131.<\/p>\n<p>Amanda Knox ve Sollecito\u2019nun uyu\u015fturucunun da etkisiyle bir seks oyunu oynamaya kalkt\u0131klar\u0131, Meredith Kercher\u2019i de bu oyuna kat\u0131lmay\u0131 reddetti\u011fi i\u00e7in \u00f6ld\u00fcrd\u00fckleri iddia ediliyordu. \u0130lk yarg\u0131lamada Knox 26 y\u0131l, Sollecito da 25 y\u0131l hapse mahkum edilmi\u015fti. Ayr\u0131 bir adli s\u00fcre\u00e7ten ge\u00e7en Fildi\u015fi Sahili as\u0131ll\u0131 Rudy Guede de cinayetten 16 y\u0131l hapis cezas\u0131 alm\u0131\u015ft\u0131.<\/p>\n<p>Ancak temyiz s\u00fcrecinde, \u0130talyan polisinin delillerin toplanmas\u0131 ve korunmas\u0131 s\u0131ras\u0131nda profesyonel davranmad\u0131\u011f\u0131 ortaya \u00e7\u0131km\u0131\u015f ve su\u00e7 aleti say\u0131lan b\u0131\u00e7a\u011f\u0131n \u00fczerindeki DNA izlerinin g\u00fcvenilir olmad\u0131\u011f\u0131 sonucuna var\u0131lm\u0131\u015ft\u0131. 4 y\u0131l boyunca hapiste kalan Knox ve Sollecito 2011\u2018de serbest b\u0131rak\u0131lm\u0131\u015ft\u0131. Rudy Guede ise ayr\u0131 bir davada yarg\u0131land\u0131\u011f\u0131 i\u00e7in cinayetin tek faili olarak hapis cezas\u0131n\u0131 \u00e7ekmeye devam ediyor.<\/p>\n<p>Uzmanlar ikinci yarg\u0131laman\u0131n bir sirk ortam\u0131 gibi olaca\u011f\u0131 konusunda hemfikir. Seattle&#8217;den yasal analist Anner Bremmer &#8221; Amanda g\u0131yaben yarg\u0131lanacak kendisi orada olmayacak kendisini savunmaktan art\u0131k yoruldu&#8221; a\u00e7\u0131klamas\u0131n\u0131 yapt\u0131.<\/p>\n<p>Soru\u015fturmay\u0131 \u0130talya&#8217;da s\u00fcrd\u00fcren yetkililer yeni deliller bulduklar\u0131n\u0131 Meredith Kercher&#8217;i \u00f6ld\u00fcren b\u0131\u00e7a\u011f\u0131n \u00fczerinde hem Amanda Knox&#8217;un hem de erkek arkada\u015f\u0131 Raffaele Sollecito&#8217;nun DNA&#8217;s\u0131na rastlad\u0131klar\u0131n\u0131 a\u00e7\u0131klad\u0131lar.<\/p>\n<p>Temyiz Mahkemesi\u2019nin serbest b\u0131rakma karar\u0131n\u0131 duyunca g\u00f6zya\u015flar\u0131na bo\u011fulan Amanda Knox, hemen \u0130talya\u2019y\u0131 terk ederek \u00fclkesi ABD\u2019ye d\u00f6nm\u00fc\u015ft\u00fc. Ancak \u0130talyan yarg\u0131 sisteminde son karar mercii olan Y\u00fcksek Mahkeme, ge\u00e7en mart ay\u0131nda ald\u0131\u011f\u0131 kararla davan\u0131n yeniden g\u00f6r\u00fclmesine h\u00fckmetti. Savc\u0131l\u0131k, \u015fu an tek fail olarak g\u00f6r\u00fclen Guede\u2019nin cinayeti tek ba\u015f\u0131na i\u015flemi\u015f olamayaca\u011f\u0131n\u0131, Knox ve Sollecito\u2019nun cinayetin ba\u015f akt\u00f6rleri oldu\u011funu iddia ediyor.<\/p>\n<p>Knox ve Sollecito ise su\u00e7suz olduklar\u0131n\u0131 ve \u0130talyan adli sisteminin kurban\u0131 haline geldiklerini savunuyor. \u015eu anda 26 ya\u015f\u0131nda olan Knox ve 29 ya\u015f\u0131ndaki Sollecito, 30 Eyl\u00fcl\u2019de Floransa yeniden yarg\u0131lanmaya ba\u015flayacak.<\/p>\n<p>Meredith Kercher davas\u0131 s\u00fcresince en \u00e7ok ilgi \u00e7eken g\u00f6r\u00fcnt\u00fcler Knox ve Sollecito\u2019nun tatbikat s\u0131ras\u0131nda \u00f6p\u00fc\u015fmeleri ve duru\u015fmalar s\u0131ras\u0131nda birbirlerine bak\u0131\u015flar\u0131 olmu\u015ftu. Serbest kald\u0131ktan sonra Sollecito Knox\u2019u ABD\u2019de ziyaret etmi\u015f, ikilinin samimi g\u00f6r\u00fcnt\u00fcleri yine d\u00fcnya medyas\u0131nda yer alm\u0131\u015ft\u0131.<\/p>\n<p>Amanda Knox ve Sollecito\u2019nun an\u0131lar\u0131n\u0131 kitap ve filme d\u00f6n\u00fc\u015ft\u00fcrerek ve \u00f6zel r\u00f6portajlar vererek milyonlarca euro kazanmas\u0131 da ele\u015ftirilere neden olmu\u015ftu. Knox medya taraf\u0131ndan \u201cmelek y\u00fczl\u00fc \u015feytan\u201d \u201cFoxy Knoxy\u201d (tilki Knox) gibi lakaplarla an\u0131l\u0131yordu.<\/p>\n<p><a href=\"http:\/\/www.nationalturk.com\/tr\/wp-content\/uploads\/2013\/09\/Amanda-Knox-Daybreak-ITV.jpg\"><img loading=\"lazy\" decoding=\"async\" class=\"alignnone size-full wp-image-149057\" alt=\"pixel\" src=\"http:\/\/www.nationalturk.com\/tr\/wp-content\/uploads\/2013\/09\/Amanda-Knox-Daybreak-ITV.jpg\" width=\"610\" height=\"382\" title=\"\" srcset=\"https:\/\/www.nationalturk.com\/tr\/wp-content\/uploads\/2013\/09\/Amanda-Knox-Daybreak-ITV.jpg 610w, https:\/\/www.nationalturk.com\/tr\/wp-content\/uploads\/2013\/09\/Amanda-Knox-Daybreak-ITV-280x175.jpg 280w\" sizes=\"auto, (max-width: 610px) 100vw, 610px\" \/><\/a><\/p>\n<p>Amanda Knox, \u0130ngiliz TV Kanal\u0131 ITV\u2019de yay\u0131nlanan Daybreak adl\u0131 programa kat\u0131ld\u0131. Programda masum oldu\u011funu iddia eden Knox izleyiciler aras\u0131nda yap\u0131lan ankette inand\u0131r\u0131c\u0131 bulunmad\u0131.<\/p>\n<p>\u00dclkesine d\u00f6nen ancak yeniden yarg\u0131lanacak olan Knox, programa ABD\u2019den ba\u011flanacak. Ya\u015fad\u0131klar\u0131yla ilgili kaleme ald\u0131\u011f\u0131 kitaptan kazand\u0131\u011f\u0131 2.4 milyon sterlini avukat ve di\u011fer masraflara harcad\u0131\u011f\u0131n\u0131 anlatan Knox\u2019un programdan para al\u0131p almad\u0131\u011f\u0131 a\u00e7\u0131klanmad\u0131.<\/p>\n<!-- Error, Advert is not available at this time due to schedule\/geolocation restrictions! -->\n<p>&nbsp;<\/p>\n<p>&nbsp;<\/p>\n","protected":false},"excerpt":{"rendered":"<p>Kendisi ile &#8221; sex oyunu&#8221; oynamad\u0131\u011f\u0131 i\u00e7in \u0130ngiliz ev arkada\u015f\u0131 Meredith Kercher&#8217;i erkek arkada\u015f\u0131 ile \u00f6ld\u00fcren Amanda Knox&#8217;un yeniden yarg\u0131lanmas\u0131 ba\u015fl\u0131yor.<\/p>\n","protected":false},"author":761,"featured_media":149056,"comment_status":"open","ping_status":"open","sticky":false,"template":"","format":"standard","meta":{"_acf_changed":false,"footnotes":""},"categories":[6768,6770,6665,6155,5005,349],"tags":[10667,10675,81919,126268,126269,126270,10668,63472,126271,126273,126272],"class_list":["post-148929","post","type-post","status-publish","format-standard","has-post-thumbnail","hentry","category-amerika","category-avrupa","category-dunya","category-gundem","category-manset","category-son-dakika","tag-amanda-knox","tag-amanda-knox-cinayeti","tag-amanda-knox-davasi","tag-amanda-knox-yeniden-yargilanacak","tag-italya-yuksek-mahkemesi","tag-italya-yuksek-mahkemesi-amanda-knox","tag-meredith-kercher","tag-meredith-kercher-olumu","tag-raffaele-soillecito","tag-raffaele-soillecito-amanda-knox","tag-raffaele-soillecito-cinayet"],"acf":[],"_links":{"self":[{"href":"https:\/\/www.nationalturk.com\/tr\/wp-json\/wp\/v2\/posts\/148929","targetHints":{"allow":["GET"]}}],"collection":[{"href":"https:\/\/www.nationalturk.com\/tr\/wp-json\/wp\/v2\/posts"}],"about":[{"href":"https:\/\/www.nationalturk.com\/tr\/wp-json\/wp\/v2\/types\/post"}],"author":[{"embeddable":true,"href":"https:\/\/www.nationalturk.com\/tr\/wp-json\/wp\/v2\/users\/761"}],"replies":[{"embeddable":true,"href":"https:\/\/www.nationalturk.com\/tr\/wp-json\/wp\/v2\/comments?post=148929"}],"version-history":[{"count":0,"href":"https:\/\/www.nationalturk.com\/tr\/wp-json\/wp\/v2\/posts\/148929\/revisions"}],"wp:featuredmedia":[{"embeddable":true,"href":"https:\/\/www.nationalturk.com\/tr\/wp-json\/wp\/v2\/media\/149056"}],"wp:attachment":[{"href":"https:\/\/www.nationalturk.com\/tr\/wp-json\/wp\/v2\/media?parent=148929"}],"wp:term":[{"taxonomy":"category","embeddable":true,"href":"https:\/\/www.nationalturk.com\/tr\/wp-json\/wp\/v2\/categories?post=148929"},{"taxonomy":"post_tag","embeddable":true,"href":"https:\/\/www.nationalturk.com\/tr\/wp-json\/wp\/v2\/tags?post=148929"}],"curies":[{"name":"wp","href":"https:\/\/api.w.org\/{rel}","templated":true}]}}