{"id":149365,"date":"2013-09-30T11:04:46","date_gmt":"2013-09-30T08:04:46","guid":{"rendered":"http:\/\/www.nationalturk.com\/?p=149365"},"modified":"2023-08-09T17:57:20","modified_gmt":"2023-08-09T14:57:20","slug":"pamukovada-trafik-kazasi-7-olu-149365","status":"publish","type":"post","link":"https:\/\/www.nationalturk.com\/tr\/pamukovada-trafik-kazasi-7-olu-149365\/","title":{"rendered":"Pamukova&#8217;da trafik kazas\u0131: 7 \u00f6l\u00fc"},"content":{"rendered":"<h1><img loading=\"lazy\" decoding=\"async\" class=\"alignleft size-medium wp-image-149366\" alt=\"Pamukova trafik kazas\u0131\" src=\"http:\/\/www.nationalturk.com\/tr\/wp-content\/uploads\/2013\/09\/pamukova_trafik_kazasi_27422-280x210.jpg\" width=\"280\" height=\"210\" title=\"\" srcset=\"https:\/\/www.nationalturk.com\/tr\/wp-content\/uploads\/2013\/09\/pamukova_trafik_kazasi_27422-280x210.jpg 280w, https:\/\/www.nationalturk.com\/tr\/wp-content\/uploads\/2013\/09\/pamukova_trafik_kazasi_27422-533x400.jpg 533w, https:\/\/www.nationalturk.com\/tr\/wp-content\/uploads\/2013\/09\/pamukova_trafik_kazasi_27422.jpg 1066w\" sizes=\"auto, (max-width: 280px) 100vw, 280px\" \/><\/h1>\n<h1>Sakarya&#8217;n\u0131n Pamukova il\u00e7esinde hasada giden i\u015f\u00e7ileri ta\u015f\u0131yan kamyonetin a\u011faca \u00e7arpmas\u0131yla meydana gelen trafik kazas\u0131nda 7 ki\u015fi hayat\u0131n\u0131 kaybetti.\u00a0Pamukova&#8217;da trafik kazas\u0131: 7 \u00f6l\u00fc<\/h1>\n<p>Al\u0131nan bilgilere g\u00f6re Pamukova il\u00e7esi\u00a0Hayrettin k\u00f6y\u00fc mevkisinde ayva hasad\u0131nda \u00e7al\u0131\u015fan i\u015f\u00e7ileri ta\u015f\u0131yan, s\u00fcr\u00fcc\u00fcs\u00fc hen\u00fcz belirlenemeyen 06 DK 3124 plakal\u0131 kamyonetin devrilmesi sonucu yaralanan 2 ki\u015fi Pamukova Devlet Hastanesinde,1 ki\u015fi ise Geyve Devlet Hastanesindeki m\u00fcdahalelere ra\u011fmen hayat\u0131n\u0131 kaybetti.<\/p>\n<p>Kazan\u0131n ard\u0131ndan \u00e7e\u015fitli hastanelere kald\u0131r\u0131lan Nurcan, Nermin, Ahmet, Eren, Duygu Yeltekin, Ebru ve Sevda Acar, H\u00fcseyin Yi\u011fit ve M\u00fc\u015ferref Sara\u00e7, Do\u011fan, Seldal ve Selda G\u00fclfer ile Sedef \u00c7\u00f6l&#8217;\u00fcn tedavisi s\u00fcr\u00fcyor.<\/p>\n<p>Kazada hayat\u0131n\u0131 kaybedenlerden ikisinin Nazl\u0131 G\u00fclfer ve H\u00fclya Yeltekin oldu\u011fu \u00f6\u011frenildi. Jandarma ekipleri, yanarak hayat\u0131n\u0131 kaybeden s\u00fcr\u00fcc\u00fc ve yan\u0131ndaki ki\u015fi ile savrularak \u00f6len iki kad\u0131n ve hastanede ya\u015fam\u0131n\u0131 yitiren bir ki\u015finin kimliklerinin belirlenmesi i\u00e7in \u00e7al\u0131\u015fma ba\u015flatt\u0131.<\/p>\n<p>Hayrettin k\u00f6y\u00fc mevkisinde ayva hasad\u0131nda \u00e7al\u0131\u015fan i\u015f\u00e7ileri ta\u015f\u0131yan 06 DK 3124 plakal\u0131 kamyonetin bah\u00e7edeki ceviz a\u011fac\u0131na \u00e7arparak alev almas\u0131 sonucu s\u00fcr\u00fcc\u00fc ve yan\u0131ndaki ki\u015fi yanarak, 2 kad\u0131n ise savrularak hayat\u0131n\u0131 kaybetmi\u015fti.<\/p>\n<!-- Error, Advert is not available at this time due to schedule\/geolocation restrictions! -->\n","protected":false},"excerpt":{"rendered":"<p>Sakarya&#8217;n\u0131n Pamukova il\u00e7esinde hasada giden i\u015f\u00e7ileri ta\u015f\u0131yan kamyonetin a\u011faca \u00e7arpmas\u0131yla meydana gelen trafik kazas\u0131nda 7 ki\u015fi hayat\u0131n\u0131 kaybetti. Pamukova&#8217;da trafik kazas\u0131: 7 \u00f6l\u00fc<\/p>\n","protected":false},"author":4,"featured_media":177152,"comment_status":"open","ping_status":"open","sticky":false,"template":"","format":"standard","meta":{"_acf_changed":false,"footnotes":""},"categories":[6155,5005,349,221271,6805],"tags":[140947,142903,11430,15459,142892,142894,7370,20401],"class_list":["post-149365","post","type-post","status-publish","format-standard","has-post-thumbnail","hentry","category-gundem","category-manset","category-son-dakika","category-trafik-kazasi-haberleri","category-turkiye","tag-ahmet","tag-dogan","tag-eren","tag-pamukova","tag-pamukova-kaza","tag-pamukovadaki-kaza","tag-sakarya","tag-trafik-kazasi"],"acf":[],"_links":{"self":[{"href":"https:\/\/www.nationalturk.com\/tr\/wp-json\/wp\/v2\/posts\/149365","targetHints":{"allow":["GET"]}}],"collection":[{"href":"https:\/\/www.nationalturk.com\/tr\/wp-json\/wp\/v2\/posts"}],"about":[{"href":"https:\/\/www.nationalturk.com\/tr\/wp-json\/wp\/v2\/types\/post"}],"author":[{"embeddable":true,"href":"https:\/\/www.nationalturk.com\/tr\/wp-json\/wp\/v2\/users\/4"}],"replies":[{"embeddable":true,"href":"https:\/\/www.nationalturk.com\/tr\/wp-json\/wp\/v2\/comments?post=149365"}],"version-history":[{"count":0,"href":"https:\/\/www.nationalturk.com\/tr\/wp-json\/wp\/v2\/posts\/149365\/revisions"}],"wp:featuredmedia":[{"embeddable":true,"href":"https:\/\/www.nationalturk.com\/tr\/wp-json\/wp\/v2\/media\/177152"}],"wp:attachment":[{"href":"https:\/\/www.nationalturk.com\/tr\/wp-json\/wp\/v2\/media?parent=149365"}],"wp:term":[{"taxonomy":"category","embeddable":true,"href":"https:\/\/www.nationalturk.com\/tr\/wp-json\/wp\/v2\/categories?post=149365"},{"taxonomy":"post_tag","embeddable":true,"href":"https:\/\/www.nationalturk.com\/tr\/wp-json\/wp\/v2\/tags?post=149365"}],"curies":[{"name":"wp","href":"https:\/\/api.w.org\/{rel}","templated":true}]}}