{"id":149759,"date":"2013-10-03T18:37:23","date_gmt":"2013-10-03T15:37:23","guid":{"rendered":"http:\/\/www.nationalturk.com\/?p=149759"},"modified":"2013-10-03T18:37:23","modified_gmt":"2013-10-03T15:37:23","slug":"son-dakika-suriye-tezkeresi-kabul-edildi-mhpden-akpye-destek-149759","status":"publish","type":"post","link":"https:\/\/www.nationalturk.com\/tr\/son-dakika-suriye-tezkeresi-kabul-edildi-mhpden-akpye-destek-149759\/","title":{"rendered":"Son Dakika! Suriye tezkeresi kabul edildi! MHP&#8217;den AKP&#8217;ye destek"},"content":{"rendered":"<p><img loading=\"lazy\" decoding=\"async\" class=\"alignleft size-medium wp-image-149760\" alt=\"\" src=\"http:\/\/www.nationalturk.com\/tr\/wp-content\/uploads\/2013\/10\/tbmm__genel1-280x186.jpg\" width=\"280\" height=\"186\" title=\"\" srcset=\"https:\/\/www.nationalturk.com\/tr\/wp-content\/uploads\/2013\/10\/tbmm__genel1-280x186.jpg 280w, https:\/\/www.nationalturk.com\/tr\/wp-content\/uploads\/2013\/10\/tbmm__genel1.jpg 420w\" sizes=\"auto, (max-width: 280px) 100vw, 280px\" \/><\/p>\n<h1>Suriye&#8217;ye ili\u015fkin h\u00fck\u00fcmete verilen yetkinin s\u00fcresinin bir y\u0131l daha uzat\u0131lmas\u0131n\u0131 \u00f6ng\u00f6ren Ba\u015fbakanl\u0131k Tezkeresi, TBMM Genel Kurulu&#8217;nda kabul edildi. MHP de kabul oyu kulland\u0131.<\/h1>\n<p>Milli Savunma Bakan\u0131 \u0130smet Y\u0131lmaz, &#8220;Masum insan\u0131 \u00f6ld\u00fcren; ad\u0131 El-Kaide olsun, ad\u0131 El-Nusra olsun, ad\u0131 PKK olsun, ad\u0131 ne olursa olsun hepsi ter\u00f6r \u00f6rg\u00fct\u00fcd\u00fcr&#8221; dedi.<\/p>\n<p>TBMM Genel Kurulu&#8217;nda, Suriye&#8217;ye ili\u015fkin h\u00fck\u00fcmete verilen yetkinin s\u00fcresinin bir y\u0131l daha uzat\u0131lmas\u0131n\u0131 \u00f6ng\u00f6ren Ba\u015fbakanl\u0131k Tezkeresi \u00fczerinde H\u00fck\u00fcmet ad\u0131na konu\u015fan Y\u0131lmaz, Suriye&#8217;nin, d\u00fcnyada en fazla kimyasal silah sto\u011funa sahip \u00fclkelerden biri oldu\u011funu ifade etti.<\/p>\n<p>Suriye politikas\u0131 nedeniyle T\u00fcrkiye&#8217;nin d\u0131\u015fland\u0131\u011f\u0131na ili\u015fkin ele\u015ftirilere yan\u0131t veren Y\u0131lmaz, T\u00fcrkiye&#8217;nin, Suriye ile ilgili olan b\u00fct\u00fcn politik s\u00fcre\u00e7lerin tam merkezinde oldu\u011funu vurgulad\u0131.<\/p>\n<p>Y\u0131lmaz, 16 \u015eubat 2012 tarihinde BM Genel Kurul&#8217;nda Suriye ile ilgili al\u0131nan kararda, T\u00fcrkiye&#8217;nin de bulundu\u011fu 137 \u00fclkenin Suriye H\u00fck\u00fcmeti&#8217;ni k\u0131nad\u0131\u011f\u0131n\u0131, yaln\u0131zca 12 ret oldu\u011funu an\u0131msatarak, &#8220;\u015eimdi burada da 12 reddin yan\u0131nda olanlar var bir de 137&#8217;den yana olanlar var. Hi\u00e7 \u015f\u00fcpheniz olmas\u0131n ki 137, 12&#8217;den b\u00fcy\u00fckt\u00fcr. Yine 3 A\u011fustos 2012 tarihinde BM Genel Kurulu&#8217;nda Suriye ile ilgili al\u0131nm\u0131\u015f kararda, bizim de dahil oldu\u011fumuz 133 kabul, 12 ret var. 12 ret mi Suriye politikas\u0131nda yaln\u0131z, 133 \u00fclkenin yan\u0131nda olan m\u0131?&#8221; diye konu\u015ftu.<\/p>\n<p>\u0130smet Y\u0131lmaz, 15 May\u0131s 2012 tarihinde BM Genel Kurulu&#8217;nda, Suriye ile ilgili kararda, T\u00fcrkiye&#8217;nin de bulundu\u011fu 107 kabul, 12 ret bulundu\u011funu an\u0131msatarak, &#8220;Rusya ya da Suriye&#8217;yi destekleyen \u00c7in&#8217;in veto hakk\u0131na sahip olaraktan BM&#8217;yi fel\u00e7 etmesi, Suriye&#8217;deki, d\u00fcnyan\u0131n daha bir \u00e7ok yerindeki vah\u015fetin devam\u0131na neden olmaktad\u0131r&#8221; dedi.<\/p>\n<p>Salondan gelen baz\u0131 ele\u015ftirilere kar\u015f\u0131l\u0131k veren Y\u0131lmaz, &#8220;Masum insan\u0131 \u00f6ld\u00fcren; ad\u0131 El-Kaide olsun, ad\u0131 El-Nusra olsun, ad\u0131 PKK olsun, ad\u0131 ne olursa olsun hepsi ter\u00f6r \u00f6rg\u00fct\u00fcd\u00fcr. Hi\u00e7bir masum \u00f6ld\u00fcrmeyi, biz bir di\u011ferini di\u011ferinden ay\u0131rt etmeyiz. Biz Be\u015far Esed&#8217;in yan\u0131nda da olmad\u0131k, Be\u015far Esed&#8217;in yan\u0131na gidenlere rehberlik de etmedik. E\u011fer Be\u015far Esed&#8217;in yan\u0131nda durursan\u0131z kimin kimyasal silah kulland\u0131\u011f\u0131n\u0131 g\u00f6rmezsiniz&#8221; ifadelerini kulland\u0131.<\/p>\n<p>Y\u0131lmaz, Suriye Tezkeresi&#8217;nin kabul edildi\u011fi ge\u00e7en y\u0131l ile bug\u00fcnk\u00fc \u015fartlar\u0131n farkl\u0131 oldu\u011funu, bu y\u0131l\u0131n s\u0131\u011f\u0131nmac\u0131 say\u0131s\u0131, can kayb\u0131, ka\u00e7ak\u00e7\u0131l\u0131\u011f\u0131n artmas\u0131, kimyasal silah tehdidi a\u00e7\u0131s\u0131ndan daha \u00e7arp\u0131c\u0131 hale geldi\u011fini ifade etti. \u0130smet Y\u0131lmaz, &#8220;\u00dclkemiz a\u00e7\u0131s\u0131ndan tehdit ve risklerin artt\u0131\u011f\u0131 bir ortamda Meclis&#8217;e sunulan tezkerenin kabul edilmesi gerekti\u011fini d\u00fc\u015f\u00fcn\u00fcyoruz. Tezkerenin gereklili\u011fine olan ihtiya\u00e7, 4 Ekim 2012&#8217;den bu yana azalmam\u0131\u015f, artm\u0131\u015ft\u0131r. Bu nedenle Y\u00fcce Meclis&#8217;in onay\u0131na sundu\u011fumuz tezkereye destek verilmesi \u00fclke \u00e7\u0131karlar\u0131n\u0131n korunmas\u0131na katk\u0131 sa\u011flayacakt\u0131r. Biz sava\u015f istemiyoruz, mevcut sava\u015f\u0131n durdurulmas\u0131n\u0131 istiyoruz&#8221; diye konu\u015ftu.<\/p>\n<!-- Error, Advert is not available at this time due to schedule\/geolocation restrictions! -->\n","protected":false},"excerpt":{"rendered":"<p>Suriye&#8217;ye ili\u015fkin h\u00fck\u00fcmete verilen yetkinin s\u00fcresinin bir y\u0131l daha uzat\u0131lmas\u0131n\u0131 \u00f6ng\u00f6ren Ba\u015fbakanl\u0131k Tezkeresi, TBMM Genel Kurulu&#8217;nda kabul edildi. MHP de kabul oyu kulland\u0131.<\/p>\n","protected":false},"author":4,"featured_media":177070,"comment_status":"open","ping_status":"open","sticky":false,"template":"","format":"standard","meta":{"_acf_changed":false,"footnotes":""},"categories":[6155,5005,6202,349,6805],"tags":[11666,10829,112588,27382,112583],"class_list":["post-149759","post","type-post","status-publish","format-standard","has-post-thumbnail","hentry","category-gundem","category-manset","category-politika","category-son-dakika","category-turkiye","tag-ismet-yilmaz","tag-mhp","tag-mhp-suriye-tezkere","tag-son-dakika","tag-suriye-tezkeresi"],"acf":[],"_links":{"self":[{"href":"https:\/\/www.nationalturk.com\/tr\/wp-json\/wp\/v2\/posts\/149759","targetHints":{"allow":["GET"]}}],"collection":[{"href":"https:\/\/www.nationalturk.com\/tr\/wp-json\/wp\/v2\/posts"}],"about":[{"href":"https:\/\/www.nationalturk.com\/tr\/wp-json\/wp\/v2\/types\/post"}],"author":[{"embeddable":true,"href":"https:\/\/www.nationalturk.com\/tr\/wp-json\/wp\/v2\/users\/4"}],"replies":[{"embeddable":true,"href":"https:\/\/www.nationalturk.com\/tr\/wp-json\/wp\/v2\/comments?post=149759"}],"version-history":[{"count":0,"href":"https:\/\/www.nationalturk.com\/tr\/wp-json\/wp\/v2\/posts\/149759\/revisions"}],"wp:featuredmedia":[{"embeddable":true,"href":"https:\/\/www.nationalturk.com\/tr\/wp-json\/wp\/v2\/media\/177070"}],"wp:attachment":[{"href":"https:\/\/www.nationalturk.com\/tr\/wp-json\/wp\/v2\/media?parent=149759"}],"wp:term":[{"taxonomy":"category","embeddable":true,"href":"https:\/\/www.nationalturk.com\/tr\/wp-json\/wp\/v2\/categories?post=149759"},{"taxonomy":"post_tag","embeddable":true,"href":"https:\/\/www.nationalturk.com\/tr\/wp-json\/wp\/v2\/tags?post=149759"}],"curies":[{"name":"wp","href":"https:\/\/api.w.org\/{rel}","templated":true}]}}