{"id":149921,"date":"2013-10-07T10:33:05","date_gmt":"2013-10-07T07:33:05","guid":{"rendered":"http:\/\/www.nationalturk.com\/?p=149921"},"modified":"2013-10-07T10:33:05","modified_gmt":"2013-10-07T07:33:05","slug":"sergey-lavrov-john-kerry-ikilisi-endonezyada-gorustu-149921","status":"publish","type":"post","link":"https:\/\/www.nationalturk.com\/tr\/sergey-lavrov-john-kerry-ikilisi-endonezyada-gorustu-149921\/","title":{"rendered":"Sergey Lavrov John Kerry ikilisi Endonezya&#8217;da g\u00f6r\u00fc\u015ft\u00fc"},"content":{"rendered":"<p><img loading=\"lazy\" decoding=\"async\" class=\"alignleft size-medium wp-image-149922\" alt=\"Lavrov kerry\" src=\"http:\/\/www.nationalturk.com\/tr\/wp-content\/uploads\/2013\/10\/lavrov_kerry_9924111-280x162.jpg\" width=\"280\" height=\"162\" title=\"\" srcset=\"https:\/\/www.nationalturk.com\/tr\/wp-content\/uploads\/2013\/10\/lavrov_kerry_9924111-280x162.jpg 280w, https:\/\/www.nationalturk.com\/tr\/wp-content\/uploads\/2013\/10\/lavrov_kerry_9924111-610x354.jpg 610w, https:\/\/www.nationalturk.com\/tr\/wp-content\/uploads\/2013\/10\/lavrov_kerry_9924111.jpg 1200w\" sizes=\"auto, (max-width: 280px) 100vw, 280px\" \/><\/p>\n<h1>ABD D\u0131\u015fi\u015fleri Bakan\u0131 John Kerry, ABD ve Rusya&#8217;n\u0131n Suriye&#8217;deki kimyasal silahlar\u0131n imhas\u0131na ili\u015fkin s\u00fcre\u00e7teki ilerlemeden \u00e7ok memnun oldu\u011funu s\u00f6yledi.<\/h1>\n<p>Asya-Pasifik Ekonomik \u0130\u015fbirli\u011fi \u00d6rg\u00fct\u00fc (APEC) zirvesi dolay\u0131s\u0131yla Endonezya&#8217;n\u0131n Bali kentinde bulunan Kerry ve Rusya D\u0131\u015fi\u015fleri Bakan\u0131 Sergey Lavrov, burada yapt\u0131klar\u0131 g\u00f6r\u00fc\u015fmenin ard\u0131ndan ortak bas\u0131n toplant\u0131s\u0131 d\u00fczenledi.<\/p>\n<p>Kerry, &#8220;A\u00e7\u0131k olmak gerekirse kimyasal silahlarla ilgili geli\u015fmelerin gidi\u015fat\u0131ndan \u00e7ok memnunuz&#8221; diyerek, t\u00fcm bunlar\u0131n, \u00fczerinde anla\u015f\u0131lm\u0131\u015f bir amac\u0131 yerine getirmeye dair k\u00fcresel d\u00fczeydeki i\u015fbirli\u011finin ve \u00e7ok tarafl\u0131 \u00e7abalar\u0131n g\u00fczel bir \u00f6rne\u011fi oldu\u011funu vurgulad\u0131.<\/p>\n<p>Esed rejiminin, &#8220;kendilerinden beklendi\u011fi \u015fekilde s\u00fcrece h\u0131zla uyum sa\u011flad\u0131\u011f\u0131n\u0131&#8221; kaydeden Kerry, bunun iyi bir ba\u015flang\u0131\u00e7 oldu\u011funu ve ayn\u0131 \u015fekilde devam etmesini umduklar\u0131n\u0131 s\u00f6yledi.<\/p>\n<p>Rusya D\u0131\u015fi\u015fleri Bakan\u0131 Lavrov da s\u00fcre\u00e7 i\u00e7inde Esed rejiminin &#8220;tamamen i\u015fbirli\u011fi i\u00e7inde&#8221; oldu\u011funa i\u015faret ederek, muhalefetten de benzer bir uyumu g\u00f6stermesini istedi.<\/p>\n<p>&#8220;Sorumluluk yaln\u0131zca Suriye h\u00fck\u00fcmetinin de\u011fil&#8221; diyen Lavrov, muhalefetin ve di\u011fer devletlerin kimyasal silahlar\u0131n &#8220;devlet d\u0131\u015f\u0131 akt\u00f6rlerin&#8221; eline ge\u00e7mesine izin vermemesi gerekti\u011finin alt\u0131n\u0131 \u00e7izdi.<\/p>\n<p>Kerry ve Lavrov, Suriye&#8217;deki krize siyasi \u00e7\u00f6z\u00fcm bulunmas\u0131na dair uluslararas\u0131 konferans\u0131n haz\u0131rl\u0131klar\u0131n\u0131 s\u00fcrd\u00fcrd\u00fcklerini da kaydetti.<\/p>\n<!-- Error, Advert is not available at this time due to schedule\/geolocation restrictions! -->\n","protected":false},"excerpt":{"rendered":"<p>ABD D\u0131\u015fi\u015fleri Bakan\u0131 John Kerry, ABD ve Rusya&#8217;n\u0131n Suriye&#8217;deki kimyasal silahlar\u0131n imhas\u0131na ili\u015fkin s\u00fcre\u00e7teki ilerlemeden \u00e7ok memnun oldu\u011funu s\u00f6yledi.<\/p>\n","protected":false},"author":4,"featured_media":177035,"comment_status":"open","ping_status":"open","sticky":false,"template":"","format":"standard","meta":{"_acf_changed":false,"footnotes":""},"categories":[6768,6770,6665,6155,6772,6202],"tags":[1887,143569,77541,141294,721,27534,806],"class_list":["post-149921","post","type-post","status-publish","format-standard","has-post-thumbnail","hentry","category-amerika","category-avrupa","category-dunya","category-gundem","category-ortadogu","category-politika","tag-abd","tag-abd-rusya-suriye","tag-john-kerry","tag-lavrov-kerry","tag-rusya","tag-sergey-lavrov","tag-suriye"],"acf":[],"_links":{"self":[{"href":"https:\/\/www.nationalturk.com\/tr\/wp-json\/wp\/v2\/posts\/149921","targetHints":{"allow":["GET"]}}],"collection":[{"href":"https:\/\/www.nationalturk.com\/tr\/wp-json\/wp\/v2\/posts"}],"about":[{"href":"https:\/\/www.nationalturk.com\/tr\/wp-json\/wp\/v2\/types\/post"}],"author":[{"embeddable":true,"href":"https:\/\/www.nationalturk.com\/tr\/wp-json\/wp\/v2\/users\/4"}],"replies":[{"embeddable":true,"href":"https:\/\/www.nationalturk.com\/tr\/wp-json\/wp\/v2\/comments?post=149921"}],"version-history":[{"count":0,"href":"https:\/\/www.nationalturk.com\/tr\/wp-json\/wp\/v2\/posts\/149921\/revisions"}],"wp:featuredmedia":[{"embeddable":true,"href":"https:\/\/www.nationalturk.com\/tr\/wp-json\/wp\/v2\/media\/177035"}],"wp:attachment":[{"href":"https:\/\/www.nationalturk.com\/tr\/wp-json\/wp\/v2\/media?parent=149921"}],"wp:term":[{"taxonomy":"category","embeddable":true,"href":"https:\/\/www.nationalturk.com\/tr\/wp-json\/wp\/v2\/categories?post=149921"},{"taxonomy":"post_tag","embeddable":true,"href":"https:\/\/www.nationalturk.com\/tr\/wp-json\/wp\/v2\/tags?post=149921"}],"curies":[{"name":"wp","href":"https:\/\/api.w.org\/{rel}","templated":true}]}}