{"id":149957,"date":"2013-10-07T15:34:30","date_gmt":"2013-10-07T12:34:30","guid":{"rendered":"http:\/\/www.nationalturk.com\/?p=149957"},"modified":"2013-10-07T15:34:30","modified_gmt":"2013-10-07T12:34:30","slug":"ethem-sarisuluku-vuran-polis-memuru-tayin-oldu-149957","status":"publish","type":"post","link":"https:\/\/www.nationalturk.com\/tr\/ethem-sarisuluku-vuran-polis-memuru-tayin-oldu-149957\/","title":{"rendered":"Ethem Sar\u0131s\u00fcl\u00fck&#8217;\u00fc vuran polis memuru tayin oldu!"},"content":{"rendered":"<p><img loading=\"lazy\" decoding=\"async\" class=\"alignleft size-medium wp-image-149958\" alt=\"Ethem Sar\u0131s\u00fcl\u00fck\" src=\"http:\/\/www.nationalturk.com\/tr\/wp-content\/uploads\/2013\/10\/ethem_sarisuluk_vurulma-280x154.jpg\" width=\"280\" height=\"154\" title=\"\" srcset=\"https:\/\/www.nationalturk.com\/tr\/wp-content\/uploads\/2013\/10\/ethem_sarisuluk_vurulma-280x154.jpg 280w, https:\/\/www.nationalturk.com\/tr\/wp-content\/uploads\/2013\/10\/ethem_sarisuluk_vurulma.jpg 555w\" sizes=\"auto, (max-width: 280px) 100vw, 280px\" \/><\/p>\n<h1>Gezi Park\u0131 direni\u015finde Ankara&#8217;da Ethem Sar\u0131s\u00fcl\u00fck&#8217;\u00fcn \u00f6l\u00fcm\u00fcne neden olan polis memuru Ahmet \u015eahbaz&#8217;\u0131n \u015eanl\u0131urfa&#8217;ya tayin oldu\u011fu, buradaki g\u00f6revine ba\u015flad\u0131\u011f\u0131 ortaya \u00e7\u0131kt\u0131.<\/h1>\n<p>Radikal gazetesinin haberine g\u00f6re Ankara Cumhuriyet Ba\u015fsavc\u0131l\u0131\u011f\u0131 , Ethem\u2019i vuran polis memuru Ahmet \u015eahbaz hakk\u0131nda \u201cme\u015fru savunmada s\u0131n\u0131r\u0131n a\u015f\u0131lmas\u0131 suretiyle \u00f6ld\u00fcrme su\u00e7undan\u201d dava a\u00e7m\u0131\u015ft\u0131. Davaya bakan mahkeme olan Ankara 6. A\u011f\u0131r Ceza Mahkemesi , ilk duru\u015fma tarihi olarak 23 Eyl\u00fcl 2013 g\u00fcn\u00fc belirledi. Mahkeme daha sonra san\u0131k polis memuru Ahmet \u015eahbaz\u2019\u0131n duru\u015fmada haz\u0131r edilmesi i\u00e7in \u0130l\u00e7e Emniyet M\u00fcd\u00fcrl\u00fc\u011f\u00fcne 5 Eyl\u00fcl 2013 g\u00fcn\u00fc talimat yazd\u0131.<\/p>\n<p>Mahkeme yazd\u0131\u011f\u0131 talimatta duru\u015fma saatinde polis memurunun haz\u0131r edilmesi isteyerek \u201cSu\u00e7un vasf\u0131 gere\u011fi duru\u015fmada bulunma zorunlulu\u011fu oldu\u011fu, duru\u015fmada haz\u0131r bulunmad\u0131\u011f\u0131 takdirde hakk\u0131nda tutuklama (yakalama) karar\u0131 \u00e7\u0131kart\u0131lacakt\u0131r\u201d dedi.<\/p>\n<p>Mahkemenin bu yaz\u0131s\u0131na \u0130l\u00e7e Emniyet M\u00fcd\u00fcrl\u00fc\u011f\u00fc de 10 Eyl\u00fcl 2013 g\u00fcn\u00fc yan\u0131t verdi. Mahkemeye g\u00f6nderilen yan\u0131tta \u201c\u015eah\u0131sla ilgili yap\u0131lan ara\u015ft\u0131rmada \u015fahs\u0131n ge\u00e7ici g\u00f6rev ile Koruma \u015eube M\u00fcd\u00fcrl\u00fc\u011f\u00fc \u015eanl\u0131urfa ilinde \u00e7al\u0131\u015ft\u0131\u011f\u0131 tespit edilmi\u015ftir\u201d denildi. B\u00f6ylece, san\u0131k Ahmet \u015eahbaz\u2019\u0131n bilenen aksine ilk duru\u015fma \u00f6ncesinde \u201cge\u00e7ici g\u00f6rev ile \u015eanl\u0131urfa\u2019ya atand\u0131\u011f\u0131\u201d anla\u015f\u0131lm\u0131\u015f oldu.<\/p>\n<p>Sar\u0131s\u00fcl\u00fck ailesinin avukatlar\u0131ndan Eylem Hakverdi Radikal\u2019e yapt\u0131\u011f\u0131 a\u00e7\u0131klamada \u201c\u0130\u015fledi\u011fi cinayetten sonra \u015f\u00fcpheli polisin Koruma \u015eube M\u00fcd\u00fcrl\u00fc\u011f\u00fc\u2019nde g\u00f6revlendirilmesi bizce \u00e7ok anlaml\u0131d\u0131r. \u0130\u015fledi\u011fi cinayetten sonra koruma alt\u0131na al\u0131nd\u0131\u011f\u0131 hepimizin malumu idi. Ancak emniyet te\u015fkilat\u0131n\u0131n \u015f\u00fcpheli polis memuruna bu derece g\u00fcvenip itimat etti\u011fini bir \u00e7o\u011fumuz tahmin bile edemezdik. \u015e\u00fcpheli polis memurunun \u00f6ylesine g\u00fcvenmi\u015fler ki birilerinin korumal\u0131\u011f\u0131n\u0131 yapabilece\u011fini dahi g\u00f6stermek istemi\u015fler. \u015eanl\u0131urfa\u2019 da ya\u015fayan bir vatanda\u015f e\u011fer bir koruma talep ederse \u015fans\u0131na bu katil polis denk gelebilir. Kimi kime emanet edecekler?\u201d diye konu\u015ftu.<\/p>\n<!-- Error, Advert is not available at this time due to schedule\/geolocation restrictions! -->\n","protected":false},"excerpt":{"rendered":"<p>Gezi Park\u0131 direni\u015finde Ankara&#8217;da Ethem Sar\u0131s\u00fcl\u00fck&#8217;\u00fcn \u00f6l\u00fcm\u00fcne neden olan polis memuru Ahmet \u015eahbaz&#8217;\u0131n \u015eanl\u0131urfa&#8217;ya tayin oldu\u011fu, buradaki g\u00f6revine ba\u015flad\u0131\u011f\u0131 ortaya \u00e7\u0131kt\u0131.<\/p>\n","protected":false},"author":4,"featured_media":177026,"comment_status":"open","ping_status":"open","sticky":false,"template":"","format":"standard","meta":{"_acf_changed":false,"footnotes":""},"categories":[6155,5005,6202,6805],"tags":[135229,143614,143612,143613,131129,92829,131452,131377],"class_list":["post-149957","post","type-post","status-publish","format-standard","has-post-thumbnail","hentry","category-gundem","category-manset","category-politika","category-turkiye","tag-ahmet-sahbaz","tag-ethem-sarisuluk-ahmet-sahbaz","tag-ethem-sarisuluk-cinayeti","tag-ethem-sarisuluk-katili","tag-gezi","tag-gezi-parki","tag-gezi-parki-direnisi","tag-gezi-parki-eylemleri"],"acf":[],"_links":{"self":[{"href":"https:\/\/www.nationalturk.com\/tr\/wp-json\/wp\/v2\/posts\/149957","targetHints":{"allow":["GET"]}}],"collection":[{"href":"https:\/\/www.nationalturk.com\/tr\/wp-json\/wp\/v2\/posts"}],"about":[{"href":"https:\/\/www.nationalturk.com\/tr\/wp-json\/wp\/v2\/types\/post"}],"author":[{"embeddable":true,"href":"https:\/\/www.nationalturk.com\/tr\/wp-json\/wp\/v2\/users\/4"}],"replies":[{"embeddable":true,"href":"https:\/\/www.nationalturk.com\/tr\/wp-json\/wp\/v2\/comments?post=149957"}],"version-history":[{"count":0,"href":"https:\/\/www.nationalturk.com\/tr\/wp-json\/wp\/v2\/posts\/149957\/revisions"}],"wp:featuredmedia":[{"embeddable":true,"href":"https:\/\/www.nationalturk.com\/tr\/wp-json\/wp\/v2\/media\/177026"}],"wp:attachment":[{"href":"https:\/\/www.nationalturk.com\/tr\/wp-json\/wp\/v2\/media?parent=149957"}],"wp:term":[{"taxonomy":"category","embeddable":true,"href":"https:\/\/www.nationalturk.com\/tr\/wp-json\/wp\/v2\/categories?post=149957"},{"taxonomy":"post_tag","embeddable":true,"href":"https:\/\/www.nationalturk.com\/tr\/wp-json\/wp\/v2\/tags?post=149957"}],"curies":[{"name":"wp","href":"https:\/\/api.w.org\/{rel}","templated":true}]}}