{"id":150414,"date":"2013-10-12T13:58:48","date_gmt":"2013-10-12T10:58:48","guid":{"rendered":"http:\/\/www.nationalturk.com\/?p=150414"},"modified":"2013-10-12T13:58:48","modified_gmt":"2013-10-12T10:58:48","slug":"estonya-turkiye-maci-genis-ozeti-video-150414","status":"publish","type":"post","link":"https:\/\/www.nationalturk.com\/tr\/estonya-turkiye-maci-genis-ozeti-video-150414\/","title":{"rendered":"Estonya T\u00fcrkiye ma\u00e7\u0131 geni\u015f \u00f6zeti \/ Video"},"content":{"rendered":"<p><img loading=\"lazy\" decoding=\"async\" class=\"alignnone size-large wp-image-150415\" alt=\"Estonya T\u00fcrkiye ma\u00e7\u0131 geni\u015f \u00f6zeti\" src=\"http:\/\/www.nationalturk.com\/tr\/wp-content\/uploads\/2013\/10\/estonya_turkiye_maci_genis_ozeti-e1381574730486-610x340.jpg\" width=\"610\" height=\"340\" title=\"\" srcset=\"https:\/\/www.nationalturk.com\/tr\/wp-content\/uploads\/2013\/10\/estonya_turkiye_maci_genis_ozeti-e1381574730486-610x340.jpg 610w, https:\/\/www.nationalturk.com\/tr\/wp-content\/uploads\/2013\/10\/estonya_turkiye_maci_genis_ozeti-e1381574730486-280x156.jpg 280w, https:\/\/www.nationalturk.com\/tr\/wp-content\/uploads\/2013\/10\/estonya_turkiye_maci_genis_ozeti-e1381574730486.jpg 958w\" sizes=\"auto, (max-width: 610px) 100vw, 610px\" \/><\/p>\n<h1>Milli tak\u0131m, 2014 D\u00fcnya Kupas\u0131 Avrupa Elemelerinde Estonya&#8217;y\u0131 deplasmanda 2-0 yenerek play off umudunu son ma\u00e7a ta\u015f\u0131d\u0131.\u00a0Estonya T\u00fcrkiye ma\u00e7\u0131 geni\u015f \u00f6zeti \/ Estonya T\u00fcrkiye ma\u00e7\u0131 golleri ve t\u00fcm detaylar\u0131 (Video)<\/h1>\n<p>A Milli futbol tak\u0131m\u0131m\u0131z D\u00fcnya Kupas\u0131 Elemeleri D Grubu 9. ma\u00e7\u0131nda Estonya&#8217;y\u0131 Umut Bulut ve Burak Y\u0131lmaz&#8217;\u0131n att\u0131\u011f\u0131 gollerle 2-0 ma\u011flup ederek son ma\u00e7lara 2. s\u0131rada girdi. Milliler 2. s\u0131rada kalmak i\u00e7in Sal\u0131 g\u00fcn\u00fc Kad\u0131k\u00f6y&#8217;de Hollanda&#8217;y\u0131 devirmek zorunda. Hollanda d\u00fcn ak\u015fam Macaristan&#8217;\u0131 kendi sahas\u0131nda 8-1 yenerek tarihi farka gitti.<\/p>\n<h2>Estonya T\u00fcrkiye ma\u00e7\u0131 dakikalar\u0131<\/h2>\n<p>17. dakikada Vassiljev&#8217;in ceza alan\u0131n\u0131n d\u0131\u015f\u0131ndan yerden sert \u015futunda kaleci Volkan Demirel \u00fczerine gelen topu kontrol etti.\u00a021. dakikada Sel\u00e7uk \u0130nan&#8217;\u0131n pas\u0131yla ceza alan\u0131 \u00f6n\u00fcnde topla bulu\u015fan Umut Bulut&#8217;un vuru\u015funda kaleci Pareiko yatarak topa sahip oldu.\u00a023. dakikada soldan Caner Erkin&#8217;in ceza alan\u0131na ortalad\u0131\u011f\u0131 topu iyi takip eden Umut Bulut, alt\u0131 pas i\u00e7inde iyi y\u00fckselerek kalecinin \u00fczerinden me\u015fin yuvarla\u011f\u0131 filelere g\u00f6nderdi ve ay-y\u0131ld\u0131zl\u0131 ekibi deplasmanda 1-0 \u00f6ne ge\u00e7irdi.\u00a024. dakikada Ojamaa&#8217;n\u0131n ceza alan\u0131n\u0131 i\u00e7inde sa\u011f \u00e7aprazdan orta \u015fut kar\u0131\u015f\u0131m\u0131 vuru\u015funda kaleci Volkan Demirel topu kontrol etti.\u00a028. dakikadaki Estonya ata\u011f\u0131nda Vassiljev&#8217;in ceza alan\u0131na ortas\u0131nda kaleci Volkan Demirel, m\u00fcsait durumdaki Zenjov&#8217;un \u00f6n\u00fcnde topu tek yumrukla uzakla\u015ft\u0131rarak b\u00fcy\u00fck bir gol tehlikesini \u00f6nledi.\u00a040. dakikada G\u00f6khan T\u00f6re&#8217;nin ceza alan\u0131n\u0131n d\u0131\u015f\u0131ndan sa\u011f \u00e7aprazda sert \u015futunda kaleci Pareiko topu kornere \u00e7eldi.\u00a045. dakikada Mehmet Topal&#8217;\u0131n ceza alan\u0131 \u00f6n\u00fcnden sert \u015futunda kaleci Pareiko iki hamlede topu kontrol etti. Kalan dakikalarda ba\u015fka gol olmad\u0131 ve Estonya T\u00fcrkiye ma\u00e7\u0131 ilk yar\u0131s\u0131 millilerimizin 1-0 \u00fcst\u00fcnl\u00fc\u011f\u00fcyle sona erdi.<\/p>\n<h2>Estonya T\u00fcrkiye ma\u00e7\u0131 dakikalar\u0131 \/ \u0130kinci yar\u0131<\/h2>\n<p>Estonya T\u00fcrkiye ma\u00e7\u0131 ikinci yar\u0131s\u0131na ay y\u0131ld\u0131zl\u0131lar golle ba\u015flad\u0131.\u00a047. dakikada Umut Bulut&#8217;un kafa ile indirdi\u011fi topla bulu\u015fan G\u00f6khan T\u00f6re&#8217;nin pas\u0131nda, savunman\u0131n arkas\u0131na sarkarak kaleciyle kar\u015f\u0131 kar\u015f\u0131ya kalan Burak Y\u0131lmaz, d\u00fczg\u00fcn bir vuru\u015fla me\u015fin yuvarla\u011f\u0131 filelere g\u00f6ndererek T\u00fcrkiye&#8217;yi ma\u00e7ta 2-0 \u00f6ne ge\u00e7irdi.\u00a061. dakikada Sel\u00e7uk \u0130nan kulland\u0131\u011f\u0131 serbest vuru\u015fta ceza alan\u0131 i\u00e7inde iyi y\u00fckselen Burak Y\u0131lmaz&#8217;\u0131n kafa vuru\u015funda me\u015fin yuvarlak dire\u011fin yan\u0131ndan auta gitti.\u00a073. dakikada Umut Bulut&#8217;un ceza alan\u0131nda sa\u011f \u00e7aprazda sert vuru\u015funda savunma oyuncusuna da \u00e7arpan topu kaleci Pareiko kontrol etti.\u00a076. dakikada Vassiljey&#8217;in kulland\u0131\u011f\u0131 korner at\u0131\u015f\u0131nda alt\u0131 pas \u00e7izgisi \u00f6n\u00fcnde y\u00fckselen Vunk&#8217;un kafa vuru\u015funda top kaleci Volkan Demirel&#8217;in kuca\u011f\u0131nda kald\u0131.\u00a080. dakikada Dimitrijev&#8217;in, milli tak\u0131m savunmas\u0131n\u0131n \u00e7\u0131karmaya \u00e7al\u0131\u015ft\u0131\u011f\u0131 topa ceza yay\u0131 \u00fczerinde geli\u015fine sert vuru\u015funda me\u015fin yuvarlak dire\u011fin yan\u0131ndan az farkla auta \u00e7\u0131kt\u0131.\u00a088. dakikada Alper Potuk&#8217;un pas\u0131nda ceza alan\u0131n\u0131n d\u0131\u015f\u0131nda sol \u00e7aprazda Olcay \u015eahan&#8217;\u0131n vuru\u015funda kaleci Pareiko u\u00e7arak topu tokatlad\u0131. Pozisyonun devam\u0131nda Estonya savunmas\u0131 topu uzakla\u015ft\u0131rd\u0131. Kalan b\u00f6l\u00fcmde iki tak\u0131m\u0131n da \u00e7abalar\u0131 sonu\u00e7 vermedi ve Estonya T\u00fcrkiye ma\u00e7\u0131 2-0 galibiyetimizle sona erdi.<\/p>\n<h4>Estonya T\u00fcrkiye ma\u00e7\u0131 geni\u015f \u00f6zeti \/ Video;<\/h4>\n[media id=2168 width=610 height=340]\n<h5>Estonya T\u00fcrkiye ma\u00e7\u0131 notlar\u0131<\/h5>\n<p>2014 D\u00fcnya Kupas\u0131 Avrupa Elemeleri D Grubu&#8217;ndaki 9. ma\u00e7ta deplasmanda Estonya&#8217;y\u0131 2-0 yenen A Milli Futbol Tak\u0131m\u0131, bitime bir ma\u00e7 kala ikinci s\u0131raya y\u00fckseldi.<\/p>\n<p>Ba\u015fkent Tallinn&#8217;deki A. Le Coq Arena&#8217;da yap\u0131lan ma\u00e7\u0131 Umut Bulut ve Burak Y\u0131lmaz&#8217;\u0131n golleriyle kazanan T\u00fcrk Milli Tak\u0131m\u0131, gelecek yaz Brezilya&#8217;da d\u00fczenlenecek finallere play-off&#8217;tan kat\u0131lma umutlar\u0131n\u0131 15 Ekim Sal\u0131 g\u00fcn\u00fc \u0130stanbul&#8217;da Hollanda ile yap\u0131lacak son ma\u00e7a ta\u015f\u0131d\u0131.<\/p>\n<p>Bu galibiyetle puan\u0131n\u0131 16&#8217;ya \u00e7\u0131karan teknik direkt\u00f6r Fatih Terim y\u00f6netimindeki milliler, Macaristan&#8217;\u0131n Hollanda deplasman\u0131nda 8-1&#8217;le hezimete u\u011framas\u0131 sonucu ikinci s\u0131raya y\u00fckseldi ve ipleri kendi eline ald\u0131.<\/p>\n<p>Ay-y\u0131ld\u0131zl\u0131 ekip, 15 Ekim Sal\u0131 g\u00fcn\u00fc Fenerbah\u00e7e \u015e\u00fckr\u00fc Saraco\u011flu Stad\u0131&#8217;nda oynanacak son ma\u00e7ta, finallere kat\u0131lmay\u0131 daha \u00f6nce garantileyen nama\u011flup grup lideri Hollanda&#8217;y\u0131 yenmesi, Romanya&#8217;n\u0131n da Estonya kar\u015f\u0131s\u0131nda yeterli gol averaj\u0131n\u0131 sa\u011flayamamas\u0131 durumunda grubu ikinci s\u0131rada tamamlayacak ve play-off oynamaya hak kazanacak.<\/p>\n<p>Deplasmanda, puans\u0131z son s\u0131radakj Andorra&#8217;y\u0131 4-0 yenen Romanya, puan\u0131n\u0131 16&#8217;ya \u00e7\u0131kar\u0131p, gol averaj\u0131yla \u00fc\u00e7\u00fcnc\u00fc s\u0131raya y\u00fckseldi. Son ma\u00e7\u0131nda 15 Ekim&#8217;de evinde iddias\u0131z Estonya&#8217;y\u0131 a\u011f\u0131rlayacak Romanya&#8217;n\u0131n T\u00fcrkiye ile aras\u0131nda 4 gol averaj\u0131 bulunuyor. Stat\u00fc gere\u011fi grupta genel averaj esas al\u0131n\u0131rken, e\u015fitlik halinde iki tak\u0131m aras\u0131ndaki ma\u00e7lara bak\u0131lacak. T\u00fcrkiye, Romanya&#8217;ya evinde 1-0 yenilip, deplasmanda 2-0 kazand\u0131\u011f\u0131 i\u00e7in ikili averajda da avantaj\u0131 elinde bulunduruyor.<\/p>\n<p>Bu ak\u015famki ma\u00e7lar \u00f6ncesi ikinci s\u0131rada yer alan Macaristan ise deplasmanda Hollanda&#8217;ya 8-1&#8217;lik tarihi skorla ma\u011flup oluncu 14 puanda kald\u0131 ve bir anda d\u00f6rd\u00fcnc\u00fc s\u0131raya indi. Sal\u0131 g\u00fcn\u00fc evinde son s\u0131radaki Andorra&#8217;y\u0131 a\u011f\u0131rlayacak Macarlar bu sonu\u00e7la grup ikincili\u011fi iddias\u0131n\u0131 yok denecek kadar azaltt\u0131.<\/p>\n<p>&#8211; Stat\u00fc<\/p>\n<p>Toplam 53 tak\u0131m\u0131n 9 grupta m\u00fccadele etti\u011fi 2014 D\u00fcnya Kupas\u0131 Avrupa Elemeleri ma\u00e7lar\u0131 sonunda, gruplar\u0131n\u0131 ilk s\u0131rada tamamlayacak 9 tak\u0131m finallere do\u011frudan kat\u0131lacak.<\/p>\n<p>En iyi 8 grup ikincisinin oynayaca\u011f\u0131 play-off turu sonunda 4 tak\u0131m daha 2014 y\u0131l\u0131nda Brezilya&#8217;da d\u00fczenlenecek D\u00fcnya Kupas\u0131&#8217;na kat\u0131lmaya hak kazanacak.<\/p>\n<p>Play-off ma\u00e7lar\u0131n\u0131n kura \u00e7ekimi 21 Ekim&#8217;de yap\u0131lacak. \u00c7ift ma\u00e7l\u0131 eleminasyon sisemine g\u00f6re oynanacak play-off ma\u00e7lar\u0131 15 ve 19 Kas\u0131m&#8217;da yap\u0131lacak.<\/p>\n<p>Play-off&#8217;ta, FIFA&#8217;n\u0131n milli tak\u0131mlar d\u00fczeyindeki son d\u00fcnya s\u0131ralamas\u0131 esas al\u0131nacak. \u00dcst s\u0131rada yer alan 4 tak\u0131m seri ba\u015f\u0131 olarak di\u011fer 4 tak\u0131mla e\u015fle\u015fecek.<\/p>\n<p>&#8211; En k\u00f6t\u00fc ikincilik tehlikesi ortadan kalkt\u0131<\/p>\n<p>2014 D\u00fcnya Kupas\u0131 Avrupa Elemeleri&#8217;nde en k\u00f6t\u00fc grup ikincisi play-off&#8217;ta yer alamayacak.<\/p>\n<p>Bu ak\u015famki ma\u00e7lara dek T\u00fcrkiye&#8217;nin de yer ald\u0131\u011f\u0131 D Grubu&#8217;nu ikinci s\u0131rada bitirecek tak\u0131m, 9 grup i\u00e7inde en k\u00f6t\u00fc ikinci olma riski ta\u015f\u0131yordu. Ancak bu ak\u015fam B Grubu&#8217;nda Ermenistan, evinde Bulgaristan&#8217;\u0131 2-1 yeninde bu olas\u0131l\u0131k ortadan kalkt\u0131.<\/p>\n<p>Bu skorun ard\u0131ndan Bulgaristan 13 puanda kald\u0131 ve ma\u00e7 fazlas\u0131yla ikinci s\u0131radaki yerini korudu.<\/p>\n<p>Toplam 9 gruptan en iyi 8 tak\u0131m\u0131n kat\u0131laca\u011f\u0131 play-off \u00f6ncesinde Ermenistan&#8217;\u0131n kazanmas\u0131 ile birlikte, T\u00fcrkiye&#8217;nin yer ald\u0131\u011f\u0131 D Grubu&#8217;nun ikincisinin &#8220;en k\u00f6t\u00fc ikinci&#8221; olma ihtimali de sona erdi.<\/p>\n<h6>Estonya T\u00fcrkiye ma\u00e7\u0131 \/ Altan Tanr\u0131kulu&#8217;nun yaz\u0131s\u0131<\/h6>\n<p>Haydi \u00e7ocuk!<\/p>\n<p>HOLLANDA\u2019y\u0131 yenmemiz gerekiyor art\u0131k.. Romanya\u2019n\u0131n aradaki gol fark\u0131n\u0131 Estonya ma\u00e7\u0131nda kapatmamas\u0131 da \u00f6nemli..<\/p>\n<p>Play-off oynarsak, iki ma\u00e7tan ba\u015f\u0131 dik ayr\u0131l\u0131p D\u00fcnya Kupas\u0131\u2019na gitmek ise b\u00fct\u00fcn ama\u00e7..<br \/>\nBunlar\u0131n hi\u00e7biri olmayabilir bug\u00fcnden itibaren.. Ama \u00fclkenin en ihtiyac\u0131 oldu\u011fu anda, kimsenin umudunun kalmad\u0131\u011f\u0131 bir Milli Tak\u0131m\u2019\u0131 aya\u011fa kald\u0131rmak, oyuncular\u0131n \u00f6zg\u00fcvenini y\u00fckseltmek, ba\u015far\u0131ya inand\u0131rmak ve \u00fc\u00e7 ma\u00e7\u0131 da iyi oynayarak, gol yemeden kazanmak \u00f6nemli ba\u015far\u0131d\u0131r.. Grupta Andorra\u2019n\u0131n bir basamak \u00fcst\u00fcndeyken son ma\u00e7a Hollanda\u2019n\u0131n bir basamak gerisinde girmek bu y\u00fckseli\u015fin g\u00f6stergesidir..<\/p>\n<p>Terim\u2019in getirdi\u011fi duygu<\/p>\n<p>Brezilya\u2019ya gitme umudumuzu daha \u00f6nce yitirmi\u015ftik.. Bu andan sonra gitsek de gitmesek de A milli Tak\u0131m\u2019a kavu\u015ftu bu \u00fclke.. Sadece bir teknik direkt\u00f6r\u00fcn, Fatih Terim\u2019in ba\u015far\u0131s\u0131yla olmad\u0131 elbette. Ama en \u00f6nemli fakt\u00f6r oldu aya\u011fa kalk\u0131\u015fta..<br \/>\nG\u00f6khan T\u00f6re\u2019nin ilk onbir oyuncusu olu\u015fu, Caner\u2019in her ma\u00e7ta \u00fcst\u00fcne koyarak ilerleyi\u015fi, \u201cG.Saray\u2019daki yedek g\u00fc\u00e7\u201d Umut\u2019un \u201cmilli golc\u00fc\u201d olu\u015fu Terim\u2019in ilk ba\u015fard\u0131klar\u0131.. Israrla oynatt\u0131\u011f\u0131 Burak\u2019\u0131n \u00fc\u00e7 ma\u00e7ta da golle bulu\u015fmas\u0131, tak\u0131m i\u00e7indeki arkada\u015fl\u0131\u011f\u0131n ikinci gol sevincinde \u00e7ok \u00e7ok iyi g\u00f6zlemlenmesi en az galibiyetler kadar \u00f6nemli..<br \/>\nFatih Terim\u2019in s\u0131rr\u0131 \u00e7al\u0131\u015fkanl\u0131\u011f\u0131, oyuncusunu kazanmaya planlamas\u0131, ma\u00e7a inand\u0131rmas\u0131, motivasyonu iyi bir silah olarak kullanmas\u0131.. Ama b\u00fct\u00fcn bunlar\u0131n \u00f6tesinde t\u00fcm negatif elektri\u011fi kendi \u00fczerinde toplayarak tak\u0131m\u0131 rahatlatmas\u0131.. Burak da biliyor, Umut da, Volkan da, \u00d6mer de.. E\u011fer tak\u0131m k\u00f6t\u00fc giderse, bir bireysel hata yapsalar bile bu \u00fclke \u00e7ok fazla \u00fczerlerine gelmez.. Terim g\u00f6\u011f\u00fcsler hepsini.. Bu rahatl\u0131k sahaya \u00f6zg\u00fcven olarak yans\u0131yor..<\/p>\n<p>\u015e\u00fck\u00fcr\u2019\u00fc izle Umut<\/p>\n<p>Ama bu rahatl\u0131k sadece sahada var.. Fatih Terim Estonya ma\u00e7\u0131nda oldu\u011fu gibi oyuncusuna \u00e7ok fazla ba\u011f\u0131ran, \u00e7a\u011f\u0131ran, \u00e7\u0131k\u0131\u015fan bir teknik adam.. Zaman zaman \u00e7ok sert mimikler yap\u0131yor.. D\u00fcn de Mehmet Topal ald\u0131 bir yan pas sonras\u0131 nasibini.. Bu sertlik, bu sevginin i\u00e7inde yo\u011frulmu\u015f kulak \u00e7ekmeler oyuncuyu hep diri, hep motive tutuyor sahada..<br \/>\nEstonya ma\u00e7\u0131nda iki gol att\u0131k.. Biri harika bir orta, harika bir y\u00fckseli\u015fle geldi.. Di\u011feri harika bir \u00fc\u00e7l\u00fc oyun sonras\u0131 savunma arkas\u0131na ko\u015fuyla.. \u0130ki gol\u00fcn i\u00e7inde de Umut var.. B\u00f6yle devam et \u00e7ocuk.. \u015eimdi sal\u0131 sabah\u0131na kadar otur Hollanda\u2019y\u0131 Bursa\u2019da 1-0 yendi\u011fimiz ma\u00e7\u0131 izle tekrar tekrar.. O ma\u00e7ta Hakan ol.. Vur o kafay\u0131, at o gol\u00fc.. Kad\u0131k\u00f6y\u2019\u00fc y\u0131k, \u00fclkeyi sevince bo\u011f.. Haydi \u00e7ocuk..<\/p>\n<!-- Error, Advert is not available at this time due to schedule\/geolocation restrictions! -->\n","protected":false},"excerpt":{"rendered":"<p>Milli tak\u0131m, 2014 D\u00fcnya Kupas\u0131 Avrupa Elemelerinde Estonya&#8217;y\u0131 deplasmanda 2-0 yenerek play off umudunu son ma\u00e7a ta\u015f\u0131d\u0131. Estonya T\u00fcrkiye ma\u00e7\u0131 geni\u015f \u00f6zeti \/ Estonya T\u00fcrkiye ma\u00e7\u0131 golleri ve t\u00fcm detaylar\u0131 (Video)<\/p>\n","protected":false},"author":4,"featured_media":176935,"comment_status":"open","ping_status":"open","sticky":false,"template":"","format":"standard","meta":{"_acf_changed":false,"footnotes":""},"categories":[6774,5005,6194,342],"tags":[77435,77434],"class_list":["post-150414","post","type-post","status-publish","format-standard","has-post-thumbnail","hentry","category-futbol","category-manset","category-spor","category-video","tag-estonya-turkiye","tag-turkiye-estonya"],"acf":[],"_links":{"self":[{"href":"https:\/\/www.nationalturk.com\/tr\/wp-json\/wp\/v2\/posts\/150414","targetHints":{"allow":["GET"]}}],"collection":[{"href":"https:\/\/www.nationalturk.com\/tr\/wp-json\/wp\/v2\/posts"}],"about":[{"href":"https:\/\/www.nationalturk.com\/tr\/wp-json\/wp\/v2\/types\/post"}],"author":[{"embeddable":true,"href":"https:\/\/www.nationalturk.com\/tr\/wp-json\/wp\/v2\/users\/4"}],"replies":[{"embeddable":true,"href":"https:\/\/www.nationalturk.com\/tr\/wp-json\/wp\/v2\/comments?post=150414"}],"version-history":[{"count":0,"href":"https:\/\/www.nationalturk.com\/tr\/wp-json\/wp\/v2\/posts\/150414\/revisions"}],"wp:featuredmedia":[{"embeddable":true,"href":"https:\/\/www.nationalturk.com\/tr\/wp-json\/wp\/v2\/media\/176935"}],"wp:attachment":[{"href":"https:\/\/www.nationalturk.com\/tr\/wp-json\/wp\/v2\/media?parent=150414"}],"wp:term":[{"taxonomy":"category","embeddable":true,"href":"https:\/\/www.nationalturk.com\/tr\/wp-json\/wp\/v2\/categories?post=150414"},{"taxonomy":"post_tag","embeddable":true,"href":"https:\/\/www.nationalturk.com\/tr\/wp-json\/wp\/v2\/tags?post=150414"}],"curies":[{"name":"wp","href":"https:\/\/api.w.org\/{rel}","templated":true}]}}