{"id":150422,"date":"2013-10-12T18:15:41","date_gmt":"2013-10-12T15:15:41","guid":{"rendered":"http:\/\/www.nationalturk.com\/?p=150422"},"modified":"2013-10-12T18:15:41","modified_gmt":"2013-10-12T15:15:41","slug":"milli-takim-hollanda-150422","status":"publish","type":"post","link":"https:\/\/www.nationalturk.com\/tr\/milli-takim-hollanda-150422\/","title":{"rendered":"Milli tak\u0131m\u0131m\u0131zla kar\u015f\u0131la\u015facak Hollanda&#8217;n\u0131n program\u0131 belli oldu"},"content":{"rendered":"<h1><a href=\"http:\/\/www.nationalturk.com\/tr\/wp-content\/uploads\/2013\/10\/hollanda-milli-takim.jpg\"><img loading=\"lazy\" decoding=\"async\" class=\"aligncenter size-large wp-image-150423\" alt=\"hollanda-milli-takim\" src=\"http:\/\/www.nationalturk.com\/tr\/wp-content\/uploads\/2013\/10\/hollanda-milli-takim-610x343.jpg\" width=\"610\" height=\"343\" title=\"\" srcset=\"https:\/\/www.nationalturk.com\/tr\/wp-content\/uploads\/2013\/10\/hollanda-milli-takim-610x343.jpg 610w, https:\/\/www.nationalturk.com\/tr\/wp-content\/uploads\/2013\/10\/hollanda-milli-takim-280x157.jpg 280w, https:\/\/www.nationalturk.com\/tr\/wp-content\/uploads\/2013\/10\/hollanda-milli-takim.jpg 658w\" sizes=\"auto, (max-width: 610px) 100vw, 610px\" \/><\/a>2014 D\u00fcnya Kupas\u0131 Avrupa Elemeleri D Grubu son ma\u00e7\u0131nda A Milli Tak\u0131m ile 15 Ekim Sal\u0131 g\u00fcn\u00fc kar\u015f\u0131la\u015facak Hollanda&#8217;n\u0131n program\u0131 belli oldu.<\/h1>\n<p>T\u00fcrkiye Futbol Federasyonu&#8217;ndan yap\u0131lan a\u00e7\u0131klamaya g\u00f6re, Hollanda Milli Tak\u0131m\u0131 kafilesi 14 Ekim Pazartesi g\u00fcn\u00fc \u00f6\u011fleden sonra Sabiha G\u00f6k\u00e7en Havaalan\u0131&#8217;na gelecek.<\/p>\n<p>Hollanda Milli Tak\u0131m\u0131, saat 20.45&#8217;te kar\u015f\u0131la\u015fman\u0131n oynanaca\u011f\u0131 Fenerbah\u00e7e \u015e\u00fckr\u00fc Saraco\u011flu Stad\u0131&#8217;nda tamam\u0131 bas\u0131na a\u00e7\u0131k antrenman yapacak. Hollanda Milli Tak\u0131m\u0131 Teknik Direkt\u00f6r\u00fc Louis Van Gaal bu \u00e7al\u0131\u015fmadan \u00f6nce bas\u0131n toplant\u0131s\u0131 d\u00fczenleyecek.<\/p>\n<p>Hollanda Milli Tak\u0131m\u0131 kafilesi 16 Ekim \u00c7ar\u015famba sabah\u0131 \u0130stanbul&#8217;dan ayr\u0131lacak.<\/p>\n<!-- Error, Advert is not available at this time due to schedule\/geolocation restrictions! -->\n","protected":false},"excerpt":{"rendered":"<p>2014 D\u00fcnya Kupas\u0131 Avrupa Elemeleri D Grubu son ma\u00e7\u0131nda A Milli Tak\u0131m ile 15 Ekim Sal\u0131 g\u00fcn\u00fc kar\u015f\u0131la\u015facak Hollanda&#8217;n\u0131n program\u0131 belli oldu.<\/p>\n","protected":false},"author":3,"featured_media":176933,"comment_status":"open","ping_status":"open","sticky":false,"template":"","format":"standard","meta":{"_acf_changed":false,"footnotes":""},"categories":[6774,5005,6194],"tags":[54846,77055,144105,28147,27331,30889,54479,24506,54634],"class_list":["post-150422","post","type-post","status-publish","format-standard","has-post-thumbnail","hentry","category-futbol","category-manset","category-spor","tag-2014-dunya-kupasi","tag-2014-dunya-kupasi-elemeleri","tag-2014-dunya-kupasi-maclari","tag-fenerbahce-sukru-saracoglu-stadi","tag-hollanda-milli-takimi","tag-hollanda-milli-takimi-kadrosu","tag-hollanda-turkiye","tag-louis-van-gaal","tag-turkiye-hollanda-maci"],"acf":[],"_links":{"self":[{"href":"https:\/\/www.nationalturk.com\/tr\/wp-json\/wp\/v2\/posts\/150422","targetHints":{"allow":["GET"]}}],"collection":[{"href":"https:\/\/www.nationalturk.com\/tr\/wp-json\/wp\/v2\/posts"}],"about":[{"href":"https:\/\/www.nationalturk.com\/tr\/wp-json\/wp\/v2\/types\/post"}],"author":[{"embeddable":true,"href":"https:\/\/www.nationalturk.com\/tr\/wp-json\/wp\/v2\/users\/3"}],"replies":[{"embeddable":true,"href":"https:\/\/www.nationalturk.com\/tr\/wp-json\/wp\/v2\/comments?post=150422"}],"version-history":[{"count":0,"href":"https:\/\/www.nationalturk.com\/tr\/wp-json\/wp\/v2\/posts\/150422\/revisions"}],"wp:featuredmedia":[{"embeddable":true,"href":"https:\/\/www.nationalturk.com\/tr\/wp-json\/wp\/v2\/media\/176933"}],"wp:attachment":[{"href":"https:\/\/www.nationalturk.com\/tr\/wp-json\/wp\/v2\/media?parent=150422"}],"wp:term":[{"taxonomy":"category","embeddable":true,"href":"https:\/\/www.nationalturk.com\/tr\/wp-json\/wp\/v2\/categories?post=150422"},{"taxonomy":"post_tag","embeddable":true,"href":"https:\/\/www.nationalturk.com\/tr\/wp-json\/wp\/v2\/tags?post=150422"}],"curies":[{"name":"wp","href":"https:\/\/api.w.org\/{rel}","templated":true}]}}