{"id":150490,"date":"2013-10-14T21:40:29","date_gmt":"2013-10-14T18:40:29","guid":{"rendered":"http:\/\/www.nationalturk.com\/?p=150490"},"modified":"2013-10-14T21:41:51","modified_gmt":"2013-10-14T18:41:51","slug":"fransa-turk-aile-katliami-150490","status":"publish","type":"post","link":"https:\/\/www.nationalturk.com\/tr\/fransa-turk-aile-katliami-150490\/","title":{"rendered":"Fransa&#8217;da T\u00fcrk aile katliam\u0131: 2 \u00f6l\u00fc"},"content":{"rendered":"<h1><a href=\"http:\/\/www.nationalturk.com\/tr\/wp-content\/uploads\/2013\/10\/nationalturk-flash-haber-dikey.jpg\"><img loading=\"lazy\" decoding=\"async\" class=\"alignleft size-medium wp-image-150458\" alt=\"\" src=\"http:\/\/www.nationalturk.com\/tr\/wp-content\/uploads\/2013\/10\/nationalturk-flash-haber-dikey-206x220.jpg\" width=\"206\" height=\"220\" title=\"\" srcset=\"https:\/\/www.nationalturk.com\/tr\/wp-content\/uploads\/2013\/10\/nationalturk-flash-haber-dikey-206x220.jpg 206w, https:\/\/www.nationalturk.com\/tr\/wp-content\/uploads\/2013\/10\/nationalturk-flash-haber-dikey.jpg 300w\" sizes=\"auto, (max-width: 206px) 100vw, 206px\" \/><\/a>Fransa\u2019n\u0131n Bordeaux \u015fehrinde bir T\u00fcrk, 14 ve 17 ya\u015f\u0131ndaki iki o\u011flunu \u00f6ld\u00fcrd\u00fc, 11 ya\u015f\u0131ndaki k\u0131z\u0131 ve kar\u0131s\u0131n\u0131 yaralad\u0131ktan sonra intihar giri\u015fiminde bulundu.<\/h1>\n<p>Bordeaux\u2019nun Benauge Mahallesi&#8217;nde ya\u015fayan ve in\u015faat\u00e7\u0131l\u0131k yapt\u0131\u011f\u0131 \u00f6\u011frenilen T\u00fcrk vatanda\u015f\u0131 Osman \u00c7imen, \u00f6\u011fle saatlerinde eve geldi.<\/p>\n<p>Hen\u00fcz bilinmeyen bir nedenden dolay\u0131 \u00e7\u0131kan tart\u0131\u015fma sonucu \u00c7imen, silah\u0131yla 14 ve 17 ya\u015f\u0131ndaki iki o\u011flunu \u00f6ld\u00fcrd\u00fc. 11 ya\u015f\u0131ndaki k\u0131z\u0131 ve 35 ya\u015f\u0131ndaki kar\u0131s\u0131n\u0131 da a\u011f\u0131r yaralayan \u00c7imen, evden ka\u00e7t\u0131.<\/p>\n<p>Isparta\u2019n\u0131n Yalva\u00e7 il\u00e7esi n\u00fcfusuna kay\u0131tl\u0131 oldu\u011fu belirtilen \u00c7imen, daha sonra evinin yak\u0131nlar\u0131nda, ayn\u0131 silahla ba\u015f\u0131na ate\u015f etti.<\/p>\n<p>Silah sesleri \u00fczerine olay yerine gelen polis ve sa\u011fl\u0131k ekipleri, a\u011f\u0131r yaral\u0131 olarak bulduklar\u0131 \u00c7imen ile k\u0131z\u0131 ve e\u015fini hastaneye kald\u0131rd\u0131.<\/p>\n<!-- Error, Advert is not available at this time due to schedule\/geolocation restrictions! -->\n","protected":false},"excerpt":{"rendered":"<p>Fransa\u2019n\u0131n Bordeaux \u015fehrinde bir T\u00fcrk, 14 ve 17 ya\u015f\u0131ndaki iki o\u011flunu \u00f6ld\u00fcrd\u00fc, 11 ya\u015f\u0131ndaki k\u0131z\u0131 ve kar\u0131s\u0131n\u0131 yaralad\u0131ktan sonra intihar giri\u015fiminde bulundu.<\/p>\n","protected":false},"author":3,"featured_media":176918,"comment_status":"open","ping_status":"open","sticky":false,"template":"","format":"standard","meta":{"_acf_changed":false,"footnotes":""},"categories":[6770,6665,6155,5005,349,6662],"tags":[26288,144173,17,144172],"class_list":["post-150490","post","type-post","status-publish","format-standard","has-post-thumbnail","hentry","category-avrupa","category-dunya","category-gundem","category-manset","category-son-dakika","category-yasam","tag-bordeaux","tag-bordeaux-fransa","tag-fransa","tag-son-dakika-fransa"],"acf":[],"_links":{"self":[{"href":"https:\/\/www.nationalturk.com\/tr\/wp-json\/wp\/v2\/posts\/150490","targetHints":{"allow":["GET"]}}],"collection":[{"href":"https:\/\/www.nationalturk.com\/tr\/wp-json\/wp\/v2\/posts"}],"about":[{"href":"https:\/\/www.nationalturk.com\/tr\/wp-json\/wp\/v2\/types\/post"}],"author":[{"embeddable":true,"href":"https:\/\/www.nationalturk.com\/tr\/wp-json\/wp\/v2\/users\/3"}],"replies":[{"embeddable":true,"href":"https:\/\/www.nationalturk.com\/tr\/wp-json\/wp\/v2\/comments?post=150490"}],"version-history":[{"count":0,"href":"https:\/\/www.nationalturk.com\/tr\/wp-json\/wp\/v2\/posts\/150490\/revisions"}],"wp:featuredmedia":[{"embeddable":true,"href":"https:\/\/www.nationalturk.com\/tr\/wp-json\/wp\/v2\/media\/176918"}],"wp:attachment":[{"href":"https:\/\/www.nationalturk.com\/tr\/wp-json\/wp\/v2\/media?parent=150490"}],"wp:term":[{"taxonomy":"category","embeddable":true,"href":"https:\/\/www.nationalturk.com\/tr\/wp-json\/wp\/v2\/categories?post=150490"},{"taxonomy":"post_tag","embeddable":true,"href":"https:\/\/www.nationalturk.com\/tr\/wp-json\/wp\/v2\/tags?post=150490"}],"curies":[{"name":"wp","href":"https:\/\/api.w.org\/{rel}","templated":true}]}}