{"id":150628,"date":"2013-10-20T11:16:24","date_gmt":"2013-10-20T08:16:24","guid":{"rendered":"http:\/\/www.nationalturk.com\/?p=150628"},"modified":"2013-10-20T11:16:24","modified_gmt":"2013-10-20T08:16:24","slug":"kacirilan-pilotlar-yurda-dondu-150628","status":"publish","type":"post","link":"https:\/\/www.nationalturk.com\/tr\/kacirilan-pilotlar-yurda-dondu-150628\/","title":{"rendered":"Ka\u00e7\u0131r\u0131lan pilotlar yurda d\u00f6nd\u00fc!"},"content":{"rendered":"<h1><a href=\"http:\/\/www.nationalturk.com\/tr\/wp-content\/uploads\/2013\/10\/lubnan-kacirilan-turk-pilotlar.jpg\"><img loading=\"lazy\" decoding=\"async\" class=\"alignleft size-medium wp-image-150630\" alt=\"lubnan-kacirilan-turk-pilotlar\" src=\"http:\/\/www.nationalturk.com\/tr\/wp-content\/uploads\/2013\/10\/lubnan-kacirilan-turk-pilotlar-242x220.jpg\" width=\"242\" height=\"220\" title=\"\" srcset=\"https:\/\/www.nationalturk.com\/tr\/wp-content\/uploads\/2013\/10\/lubnan-kacirilan-turk-pilotlar-242x220.jpg 242w, https:\/\/www.nationalturk.com\/tr\/wp-content\/uploads\/2013\/10\/lubnan-kacirilan-turk-pilotlar-441x400.jpg 441w, https:\/\/www.nationalturk.com\/tr\/wp-content\/uploads\/2013\/10\/lubnan-kacirilan-turk-pilotlar.jpg 882w\" sizes=\"auto, (max-width: 242px) 100vw, 242px\" \/><\/a>L\u00fcbnan&#8217;da ka\u00e7\u0131r\u0131ld\u0131ktan 71 g\u00fcn sonra serbest b\u0131rak\u0131lan T\u00fcrk pilot Murat Akp\u0131nar ve yard\u0131mc\u0131 pilot Murat A\u011fca yurda d\u00f6nd\u00fc.<\/h1>\n<p>Murat Akp\u0131nar ve Murat A\u011fca, \u0130stanbul Atat\u00fcrk Havaliman\u0131&#8217;nda kendilerini ta\u015f\u0131yan u\u00e7aktan indikten sonra Devlet Konukevi \u00f6n\u00fcnde yak\u0131nlar\u0131yla hasret giderdi.<\/p>\n<p>Akp\u0131nar, yapt\u0131\u011f\u0131 a\u00e7\u0131klamada, kurtar\u0131lmalar\u0131n\u0131 sa\u011flayan yetkililere te\u015fekk\u00fcr ederek, &#8220;Devletimiz bizim arkam\u0131zda. Buna sonsuza kadar inan\u0131yorduk. Bizi orada b\u0131rakmayacaklar\u0131n\u0131 biliyorduk. Allah herkesten raz\u0131 olsun&#8221; dedi.<\/p>\n<p>Kendilerini burada kar\u015f\u0131layan Ba\u015fbakan Erdo\u011fan&#8217;a te\u015fekk\u00fcr eden Akp\u0131nar, kendilerini kurtarmaya y\u00f6nelik bir operasyon yap\u0131lmamas\u0131 ve di\u011fer yollar\u0131n denenmesi karar\u0131n\u0131 da do\u011fru buldu\u011funu ifade ederek, &#8220;Operasyon yap\u0131lm\u0131\u015f olsayd\u0131, emin olun orada 100 ki\u015fiye yak\u0131n insan \u00f6l\u00fcrd\u00fc. Bizi orada koruyan 100 ki\u015finin \u00fczerinde insan vard\u0131&#8221; diye konu\u015ftu.<\/p>\n<p>Akp\u0131nar, zor g\u00fcnler ge\u00e7irdiklerini ancak hi\u00e7bir zaman umutlar\u0131n\u0131 kaybetmediklerini belirterek, &#8220;Umudumu asla yitirmedim. Arkamda bu kadar insan var, T\u00fcrk milleti var, neden yitireyim?&#8221; dedi.<\/p>\n<p>Kendilerine k\u00f6t\u00fc muamele yap\u0131lmad\u0131\u011f\u0131n\u0131 da vurgulayan Akp\u0131nar, ancak kilit alt\u0131nda tutulduklar\u0131n\u0131 ifade etti.<\/p>\n<p>Akp\u0131nar, yak\u0131nlar\u0131na sar\u0131larak bas\u0131n mensuplar\u0131na poz verdi.<\/p>\n<p>Yard\u0131mc\u0131 pilot Murat A\u011fca ise yak\u0131nlar\u0131na kavu\u015fman\u0131n mutlulu\u011funu ya\u015fad\u0131\u011f\u0131n\u0131 dile getirdi.<\/p>\n<p>&#8220;Biz orada T\u00fcrk vatanda\u015f\u0131na yak\u0131\u015f\u0131r bir \u015fekilde durduk&#8221; diyen A\u011fca, k\u00f6t\u00fc bir muamele g\u00f6rmediklerini ancak hi\u00e7 g\u00fcne\u015f g\u00f6rmedikleri ilk 30 g\u00fcn\u00fcn kendileri i\u00e7in \u00e7ok k\u00f6t\u00fc ge\u00e7ti\u011fini ifade etti. A\u011fca, s\u00f6zlerini \u015f\u00f6yle s\u00fcrd\u00fcrd\u00fc:<\/p>\n<p>&#8220;Allah kimseye bu ac\u0131lar\u0131 ya\u015fatmas\u0131n. Ba\u015fbakan\u0131m\u0131za \u00e7ok te\u015fekk\u00fcr ettik. Konuyla yak\u0131ndan ilgilendi, bize orada destek oldu. Ba\u015fbakan\u0131m\u0131z\u0131n orada bir tek kelimesi bile herkesi ayakland\u0131r\u0131yordu. &#8216;Sizinle ilgileniyor&#8217; deniyordu. Kendisine \u00e7ok te\u015fekk\u00fcr ettik. Allah raz\u0131 olsun bizi kavu\u015fturdu\u011fu i\u00e7in.&#8221;<\/p>\n<p>Ayr\u0131 kald\u0131\u011f\u0131 g\u00fcnlerde k\u0131z\u0131n\u0131 ve o\u011flunu \u00e7ok \u00f6zledi\u011fini ifade eden A\u011fca, art\u0131k hasret gidereceklerini anlatt\u0131.<\/p>\n<p>L\u00fcbnan&#8217;da 9 A\u011fustos&#8217;ta, \u0130stanbul-Beyrut seferini yapan THY personelini havaliman\u0131ndan otele g\u00f6t\u00fcren servis arac\u0131n\u0131 durduran silahl\u0131 ki\u015filer, T\u00fcrk pilot Murat Akp\u0131nar ile yard\u0131mc\u0131s\u0131 Murat A\u011fca&#8217;y\u0131 ka\u00e7\u0131rm\u0131\u015ft\u0131.<\/p>\n<p>Eylemin sorumlulu\u011funu &#8220;\u0130mam R\u0131za&#8217;n\u0131n Ziyaret\u00e7ileri&#8221; adl\u0131 grup \u00fcstlenmi\u015fti. Grup ad\u0131na yap\u0131lan a\u00e7\u0131klamada, T\u00fcrk pilotlar\u0131n, Suriye&#8217;de rehin tutulan 9 L\u00fcbnanl\u0131 kar\u015f\u0131l\u0131\u011f\u0131nda serbest b\u0131rak\u0131lacaklar\u0131 belirtilmi\u015fti.<\/p>\n<p>Ge\u00e7en y\u0131l may\u0131s ay\u0131nda \u0130ran&#8217;dan \u00fclkelerine d\u00f6nerken Suriye&#8217;nin Azez kenti yak\u0131nlar\u0131nda ka\u00e7\u0131r\u0131lan ve o g\u00fcnden bu yana rehin tutulan 9 L\u00fcbnan vatanda\u015f\u0131, d\u00fcn serbest b\u0131rak\u0131lm\u0131\u015ft\u0131.<\/p>\n<!-- Error, Advert is not available at this time due to schedule\/geolocation restrictions! -->\n","protected":false},"excerpt":{"rendered":"<p>L\u00fcbnan&#8217;da ka\u00e7\u0131r\u0131ld\u0131ktan 71 g\u00fcn sonra serbest b\u0131rak\u0131lan T\u00fcrk pilot Murat Akp\u0131nar ve yard\u0131mc\u0131 pilot Murat A\u011fca yurda d\u00f6nd\u00fc. <\/p>\n","protected":false},"author":3,"featured_media":176888,"comment_status":"open","ping_status":"open","sticky":false,"template":"","format":"standard","meta":{"_acf_changed":false,"footnotes":""},"categories":[6155,5005,6805,6662],"tags":[144262,3798,138469,138116,138121,138119],"class_list":["post-150628","post","type-post","status-publish","format-standard","has-post-thumbnail","hentry","category-gundem","category-manset","category-turkiye","category-yasam","tag-kacirilan-pilotlar","tag-lubnan","tag-lubnan-kacirilan-pilotlar","tag-lubnan-pilot","tag-murat-agca","tag-murat-akpinar"],"acf":[],"_links":{"self":[{"href":"https:\/\/www.nationalturk.com\/tr\/wp-json\/wp\/v2\/posts\/150628","targetHints":{"allow":["GET"]}}],"collection":[{"href":"https:\/\/www.nationalturk.com\/tr\/wp-json\/wp\/v2\/posts"}],"about":[{"href":"https:\/\/www.nationalturk.com\/tr\/wp-json\/wp\/v2\/types\/post"}],"author":[{"embeddable":true,"href":"https:\/\/www.nationalturk.com\/tr\/wp-json\/wp\/v2\/users\/3"}],"replies":[{"embeddable":true,"href":"https:\/\/www.nationalturk.com\/tr\/wp-json\/wp\/v2\/comments?post=150628"}],"version-history":[{"count":0,"href":"https:\/\/www.nationalturk.com\/tr\/wp-json\/wp\/v2\/posts\/150628\/revisions"}],"wp:featuredmedia":[{"embeddable":true,"href":"https:\/\/www.nationalturk.com\/tr\/wp-json\/wp\/v2\/media\/176888"}],"wp:attachment":[{"href":"https:\/\/www.nationalturk.com\/tr\/wp-json\/wp\/v2\/media?parent=150628"}],"wp:term":[{"taxonomy":"category","embeddable":true,"href":"https:\/\/www.nationalturk.com\/tr\/wp-json\/wp\/v2\/categories?post=150628"},{"taxonomy":"post_tag","embeddable":true,"href":"https:\/\/www.nationalturk.com\/tr\/wp-json\/wp\/v2\/tags?post=150628"}],"curies":[{"name":"wp","href":"https:\/\/api.w.org\/{rel}","templated":true}]}}