{"id":150632,"date":"2013-10-21T09:33:17","date_gmt":"2013-10-21T06:33:17","guid":{"rendered":"http:\/\/www.nationalturk.com\/?p=150632"},"modified":"2013-10-21T09:33:17","modified_gmt":"2013-10-21T06:33:17","slug":"bagdatta-kafeye-intihar-saldirisi-52-olu-150632","status":"publish","type":"post","link":"https:\/\/www.nationalturk.com\/tr\/bagdatta-kafeye-intihar-saldirisi-52-olu-150632\/","title":{"rendered":"Ba\u011fdat&#8217;ta kafeye intihar sald\u0131r\u0131s\u0131: 52 \u00f6l\u00fc"},"content":{"rendered":"<h1><img loading=\"lazy\" decoding=\"async\" class=\"alignleft size-medium wp-image-150633\" alt=\"Ba\u011fdat\" src=\"http:\/\/www.nationalturk.com\/tr\/wp-content\/uploads\/2013\/10\/bagdat_bomba-280x189.jpg\" width=\"280\" height=\"189\" title=\"\" srcset=\"https:\/\/www.nationalturk.com\/tr\/wp-content\/uploads\/2013\/10\/bagdat_bomba-280x189.jpg 280w, https:\/\/www.nationalturk.com\/tr\/wp-content\/uploads\/2013\/10\/bagdat_bomba.jpg 301w\" sizes=\"auto, (max-width: 280px) 100vw, 280px\" \/><\/h1>\n<h1>Irak&#8217;\u0131n ba\u015fkenti Ba\u011fdat&#8217;ta bir kafeteryaya d\u00fczenlenen intihar sald\u0131r\u0131s\u0131nda 52 ki\u015fi hayat\u0131n\u0131 kaybetti, 44 ki\u015fi de yaraland\u0131.<\/h1>\n<p>AA muhabirinin emniyet kaynaklar\u0131ndan ald\u0131\u011f\u0131 bilgiye g\u00f6re, Ba\u011fdat&#8217;\u0131n g\u00fcneyinde El-Amil semtinde bir kafeteryada, intihar eylemcisinin \u00fczerindeki bombay\u0131 patlatmas\u0131 ve ard\u0131ndan kafeteryaya yerle\u015ftirilen patlay\u0131c\u0131n\u0131n infilak etmesi sonucu, 52 ki\u015fi \u00f6ld\u00fc, 44 ki\u015fi yaraland\u0131.<\/p>\n<p>Kurtarma ekiplerinin, enkaz alt\u0131nda kalanlar\u0131 \u00e7\u0131karmaya devam etti\u011fi ve \u00f6l\u00fc say\u0131s\u0131n\u0131n artabilece\u011fi belirtildi.\u00a0Sald\u0131r\u0131y\u0131 hen\u00fcz \u00fcstlenen olmad\u0131.<\/p>\n<!-- Error, Advert is not available at this time due to schedule\/geolocation restrictions! -->\n","protected":false},"excerpt":{"rendered":"<p>Irak&#8217;\u0131n ba\u015fkenti Ba\u011fdat&#8217;ta bir kafeteryaya d\u00fczenlenen intihar sald\u0131r\u0131s\u0131nda 52 ki\u015fi hayat\u0131n\u0131 kaybetti, 44 ki\u015fi de yaraland\u0131.<\/p>\n","protected":false},"author":4,"featured_media":176887,"comment_status":"open","ping_status":"open","sticky":false,"template":"","format":"standard","meta":{"_acf_changed":false,"footnotes":""},"categories":[6769,6665,6155,5005,6772,349],"tags":[10815,40071,7359,73371],"class_list":["post-150632","post","type-post","status-publish","format-standard","has-post-thumbnail","hentry","category-asya","category-dunya","category-gundem","category-manset","category-ortadogu","category-son-dakika","tag-bagdat","tag-bagdat-intihar-saldirisi","tag-irak","tag-irak-saldiri"],"acf":[],"_links":{"self":[{"href":"https:\/\/www.nationalturk.com\/tr\/wp-json\/wp\/v2\/posts\/150632","targetHints":{"allow":["GET"]}}],"collection":[{"href":"https:\/\/www.nationalturk.com\/tr\/wp-json\/wp\/v2\/posts"}],"about":[{"href":"https:\/\/www.nationalturk.com\/tr\/wp-json\/wp\/v2\/types\/post"}],"author":[{"embeddable":true,"href":"https:\/\/www.nationalturk.com\/tr\/wp-json\/wp\/v2\/users\/4"}],"replies":[{"embeddable":true,"href":"https:\/\/www.nationalturk.com\/tr\/wp-json\/wp\/v2\/comments?post=150632"}],"version-history":[{"count":0,"href":"https:\/\/www.nationalturk.com\/tr\/wp-json\/wp\/v2\/posts\/150632\/revisions"}],"wp:featuredmedia":[{"embeddable":true,"href":"https:\/\/www.nationalturk.com\/tr\/wp-json\/wp\/v2\/media\/176887"}],"wp:attachment":[{"href":"https:\/\/www.nationalturk.com\/tr\/wp-json\/wp\/v2\/media?parent=150632"}],"wp:term":[{"taxonomy":"category","embeddable":true,"href":"https:\/\/www.nationalturk.com\/tr\/wp-json\/wp\/v2\/categories?post=150632"},{"taxonomy":"post_tag","embeddable":true,"href":"https:\/\/www.nationalturk.com\/tr\/wp-json\/wp\/v2\/tags?post=150632"}],"curies":[{"name":"wp","href":"https:\/\/api.w.org\/{rel}","templated":true}]}}