{"id":15068,"date":"2010-02-15T12:06:59","date_gmt":"2010-02-15T10:06:59","guid":{"rendered":"http:\/\/www.nationalturk.com\/?p=15068"},"modified":"2022-10-04T09:58:42","modified_gmt":"2022-10-04T06:58:42","slug":"turkiyeye-vize-uygulamayan-ulkeler","status":"publish","type":"post","link":"https:\/\/www.nationalturk.com\/tr\/turkiyeye-vize-uygulamayan-ulkeler\/","title":{"rendered":"T\u00fcrkiye&#8217;ye vize uygulamayan \u00fclke say\u0131s\u0131 58&#8217;e y\u00fckseldi"},"content":{"rendered":"<p><strong><img loading=\"lazy\" decoding=\"async\" class=\"alignleft size-full wp-image-15069\" title=\"Turistler\" src=\"http:\/\/www.nationalturk.com\/tr\/wp-content\/uploads\/2010\/02\/turist_havaalani260.jpg\" alt=\"Turistler\" width=\"260\" height=\"220\" \/>Ba\u015fbakan Recep Tayyip Erdo\u011fan\u2019\u0131n Katar ile T\u00fcrkiye aras\u0131nda vize uygulamas\u0131n\u0131n kald\u0131raca\u011f\u0131n\u0131 a\u00e7\u0131klamas\u0131yla birlikte, T\u00fcrkiye\u2019ye vize uygulamayan \u00fclke say\u0131s\u0131 58&#8217;e y\u00fckseldi.<\/strong><\/p>\n<p>T\u00fcrkiye\u2019ye vize uygulamayan \u00fclke ve \u00f6zel idare b\u00f6lgeleri \u015f\u00f6yle:<\/p>\n<p>\u201cAntigua-Barbuda, Arjantin, Arnavutluk, Bahamalar, Barbados, Belize, Bolivya, Bosna-Hersek, Brezilya, Ekvador, El Salvador, Fas, Fiji, Filipinler, Guatemala, G\u00fcney Afrika Cumhuriyeti, G\u00fcrcistan, Haiti, H\u0131rvatistan, Honduras, Hong Kong, \u0130ran, Jamaika, Japonya, Karada\u011f, Kazakistan, K\u0131rg\u0131zistan, Kuzey K\u0131br\u0131s T\u00fcrk Cumhuriyeti, Kolombiya, Kore Cumhuriyeti (G\u00fcney Kore), Kosova, Kosta Rika, Libya, L\u00fcbnan, Makau \u00d6zel \u0130dare B\u00f6lgesi, Makedonya, Maldivler, Malezya, Mauritus, Nikaragua, Pakistan, Palau Cumhuriyeti, Paraguay, St. Vincent-Grenadines, Singapur, Solomon Adalar\u0131, Sri Lanka, Suriye, Svaziland, \u015eili, Tayland, Trinidad-Tobago, Tunus, Tuvalu, Uruguay, \u00dcrd\u00fcn, Venezuela ve Katar\u201d<\/p>\n<span style=\"font-weight: bold; color: #f00;\">Error, group does not exist! Check your syntax! (ID: 62)<\/span>\n","protected":false},"excerpt":{"rendered":"<p>Ba\u015fbakan Recep Tayyip Erdo\u011fan\u2019\u0131n Katar ile T\u00fcrkiye aras\u0131nda vize uygulamas\u0131n\u0131n kald\u0131raca\u011f\u0131n\u0131 a\u00e7\u0131klamas\u0131yla birlikte, T\u00fcrkiye\u2019ye vize uygulamayan \u00fclke say\u0131s\u0131 58&#8217;e y\u00fckseldi.<\/p>\n","protected":false},"author":4,"featured_media":15069,"comment_status":"open","ping_status":"open","sticky":false,"template":"","format":"standard","meta":{"_acf_changed":false,"footnotes":""},"categories":[6155,220968,6772,6202,6671,339,6805,220816],"tags":[16028,7089,16029,13748,742,16030,8038,1960,1178,16031,16032,1183,6397,4312,16033,1875,13744,1091,9995,773,1981,16035,863,1961,853,7275,16036,5209,13929,8037,2533,4787,3798,16038,13181,841,2670,16039,7017,2547,16040,12641,13138,1248,16042,2131,16041,806,16043,9,8409,16044,16045,7421,6604,7013,16049,16046,16048],"class_list":["post-15068","post","type-post","status-publish","format-standard","has-post-thumbnail","hentry","category-gundem","category-maldivler","category-ortadogu","category-politika","category-seyahat","category-turizm","category-turkiye","category-uzak-dogu","tag-antigua-barbuda","tag-arjantin","tag-arnavutluk","tag-bahamalar","tag-barbados","tag-belize","tag-bolivya","tag-bosna-hersek","tag-brezilya","tag-ekvador","tag-el-salvador","tag-fas","tag-fiji","tag-filipinler","tag-guatemala","tag-gurcistan","tag-haiti","tag-hirvatistan","tag-honduras","tag-hong-kong","tag-iran","tag-jamaika","tag-japonya","tag-karadag","tag-katar","tag-kazakistan","tag-kirgizistan","tag-kolombiya","tag-kosova","tag-kosta-rika","tag-kuzey-kibris-turk-cumhuriyeti","tag-libya","tag-lubnan","tag-makau-ozel-idare-bolgesi","tag-makedonya","tag-maldivler","tag-malezya","tag-mauritus","tag-nikaragua","tag-pakistan","tag-palau-cumhuriyeti","tag-paraguay","tag-sili","tag-singapur","tag-solomon-adalari","tag-sri-lanka","tag-st-vincent-grenadines","tag-suriye","tag-svaziland","tag-tayland","tag-trinidad-tobago","tag-tunus","tag-tuvalu","tag-urdun","tag-uruguay","tag-venezuela","tag-vize-uygulamayan-ulkeler","tag-vizesiz-gidilebilecek-ulkeler","tag-vizesiz-ulkeler"],"acf":[],"_links":{"self":[{"href":"https:\/\/www.nationalturk.com\/tr\/wp-json\/wp\/v2\/posts\/15068","targetHints":{"allow":["GET"]}}],"collection":[{"href":"https:\/\/www.nationalturk.com\/tr\/wp-json\/wp\/v2\/posts"}],"about":[{"href":"https:\/\/www.nationalturk.com\/tr\/wp-json\/wp\/v2\/types\/post"}],"author":[{"embeddable":true,"href":"https:\/\/www.nationalturk.com\/tr\/wp-json\/wp\/v2\/users\/4"}],"replies":[{"embeddable":true,"href":"https:\/\/www.nationalturk.com\/tr\/wp-json\/wp\/v2\/comments?post=15068"}],"version-history":[{"count":0,"href":"https:\/\/www.nationalturk.com\/tr\/wp-json\/wp\/v2\/posts\/15068\/revisions"}],"wp:featuredmedia":[{"embeddable":true,"href":"https:\/\/www.nationalturk.com\/tr\/wp-json\/wp\/v2\/media\/15069"}],"wp:attachment":[{"href":"https:\/\/www.nationalturk.com\/tr\/wp-json\/wp\/v2\/media?parent=15068"}],"wp:term":[{"taxonomy":"category","embeddable":true,"href":"https:\/\/www.nationalturk.com\/tr\/wp-json\/wp\/v2\/categories?post=15068"},{"taxonomy":"post_tag","embeddable":true,"href":"https:\/\/www.nationalturk.com\/tr\/wp-json\/wp\/v2\/tags?post=15068"}],"curies":[{"name":"wp","href":"https:\/\/api.w.org\/{rel}","templated":true}]}}