{"id":150843,"date":"2013-10-23T16:29:06","date_gmt":"2013-10-23T13:29:06","guid":{"rendered":"http:\/\/www.nationalturk.com\/?p=150843"},"modified":"2022-09-11T15:03:30","modified_gmt":"2022-09-11T12:03:30","slug":"abdullah-gulden-hakan-fidan-aciklamasi-150843","status":"publish","type":"post","link":"https:\/\/www.nationalturk.com\/tr\/abdullah-gulden-hakan-fidan-aciklamasi-150843\/","title":{"rendered":"Abdullah G\u00fcl&#8217;den Hakan Fidan a\u00e7\u0131klamas\u0131"},"content":{"rendered":"<p><img loading=\"lazy\" decoding=\"async\" class=\"alignleft size-medium wp-image-150847\" alt=\"Abdullah G\u00fcl\" src=\"http:\/\/www.nationalturk.com\/tr\/wp-content\/uploads\/2013\/10\/abdullah_gul_emirgan-280x209.jpg\" width=\"280\" height=\"209\" title=\"\" srcset=\"https:\/\/www.nationalturk.com\/tr\/wp-content\/uploads\/2013\/10\/abdullah_gul_emirgan-280x209.jpg 280w, https:\/\/www.nationalturk.com\/tr\/wp-content\/uploads\/2013\/10\/abdullah_gul_emirgan-534x400.jpg 534w, https:\/\/www.nationalturk.com\/tr\/wp-content\/uploads\/2013\/10\/abdullah_gul_emirgan.jpg 1069w\" sizes=\"auto, (max-width: 280px) 100vw, 280px\" \/><\/p>\n<h1>Cumhurba\u015fkan\u0131 Abdullah G\u00fcl, son d\u00f6nemde g\u00fcndemden d\u00fc\u015fmeyen M\u0130T M\u00fcste\u015far\u0131 Hakan Fidan ile ilgili a\u00e7\u0131klamalarda bulundu.<\/h1>\n<p>G\u00fcl, &#8220;Milli \u0130stihbarat Te\u015fkilat\u0131 (M\u0130T) ve M\u00fcste\u015far\u0131, T\u00fcrkiye&#8217;nin milli menfaatleri ve \u00e7\u0131karlar\u0131 do\u011frultusunda kendilerine verilen g\u00f6revleri en iyi \u015fekilde yerine getirirler ve getiriyorlar. Bazen bu faaliyetlerden rahats\u0131z olan \u00e7evreler de olabilir&#8221; dedi.<\/p>\n<p>Cumhurba\u015fkan\u0131 Abdullah G\u00fcl, Japonya&#8217;n\u0131n Ankara B\u00fcy\u00fckel\u00e7isi Yutaka Yokoi&#8217;yi kabul\u00fcnden \u00f6nce gazetecilerin sorular\u0131n\u0131 yan\u0131tlad\u0131.<\/p>\n<p>ODT\u00dc arazisinde ge\u00e7en yol nedeniyle ya\u015fananlara ili\u015fkin soruya G\u00fcl, &#8220;Bunlar b\u00fcy\u00fctmeden, konu\u015fularak halledilecek konulard\u0131r. \u0130lgililer konu\u015fur, hallederler&#8221; yan\u0131t\u0131n\u0131 verdi.<\/p>\n<p>M\u0130T M\u00fcste\u015far\u0131 Hakan Fidan&#8217;a y\u00f6nelik ele\u015ftirilerin yer ald\u0131\u011f\u0131 yabanc\u0131 bas\u0131ndaki yaz\u0131lar\u0131n hat\u0131rlat\u0131lmas\u0131 \u00fczerine G\u00fcl, \u015funlar\u0131 s\u00f6yledi:<\/p>\n<p>&#8220;Milli \u0130stihbarat Te\u015fkilat\u0131 ve M\u00fcste\u015far\u0131, T\u00fcrkiye&#8217;nin milli menfaatleri ve \u00e7\u0131karlar\u0131 do\u011frultusunda kendilerine verilen g\u00f6revleri en iyi \u015fekilde yerine getirirler ve getiriyorlar. Bazen bu faaliyetlerden rahats\u0131z olan \u00e7evreler de olabilir. G\u00f6rd\u00fc\u011f\u00fcm kadar\u0131 ile son g\u00fcnlerde sistemli yaz\u0131lan \u00e7izilenler var. Bunlar hi\u00e7 kimseyi etkilememesi gerekir. T\u00fcrkiye&#8217;nin kendi ba\u011f\u0131ms\u0131z politikalar\u0131 ve onlar\u0131n uygulanmalar\u0131, T\u00fcrkiye&#8217;nin \u00e7\u0131karlar\u0131 her \u015feyin \u00f6n\u00fcnde gelir. Dolay\u0131s\u0131yla d\u0131\u015far\u0131da yaz\u0131l\u0131p \u00e7izilenler bizim i\u00e7in o kadar \u00f6nemli de\u011fildir.&#8221;<\/p>\n<p>Hava savunma sistemi ihalesine ili\u015fkin ele\u015ftiriler kar\u015f\u0131s\u0131nda T\u00fcrkiye&#8217;nin duru\u015funun ne olaca\u011f\u0131n\u0131n sorulmas\u0131 \u00fczerine G\u00fcl, Ba\u015fbakan Recep Tayyip Erdo\u011fan&#8217;\u0131n konuyla ilgili a\u00e7\u0131klama yapt\u0131\u011f\u0131n\u0131 hat\u0131rlatt\u0131.<\/p>\n<p>G\u00fcl \u015f\u00f6yle devam etti:<\/p>\n<p>&#8220;Burada da yine her \u00fclkenin kendi milli menfaatlerini \u00f6ne \u00e7\u0131kartmas\u0131ndan daha tabii bir \u015fey olamaz. \u015e\u00fcphesiz ki T\u00fcrkiye, m\u00fcttefiklik ili\u015fkilerine her zaman \u00f6nem verir. Bu sistem \u00e7er\u00e7evesi i\u00e7erisinde e\u011fer neticelenirse bu yeni al\u0131nacak f\u00fczeler, onlar\u0131n entegrasyonu, bunlar hep konu\u015fulmu\u015ftur. Teknik k\u0131s\u0131mlard\u0131r. Burada \u00f6nemli olan T\u00fcrkiye&#8217;nin \u00e7\u0131karlar\u0131 bildi\u011finiz gibi bir \u00e7ok teknik meseleler var. Bunlar hep hesaplanm\u0131\u015f, bunlarla ilgili detayl\u0131 \u00e7al\u0131\u015fmalar yap\u0131lm\u0131\u015f ve neticide bu y\u00f6nde bir g\u00f6r\u00fc\u015f a\u011f\u0131rl\u0131\u011f\u0131 ortaya \u00e7\u0131km\u0131\u015ft\u0131r. Dolay\u0131s\u0131yla bundan ba\u015fka anlamlar da \u00e7\u0131kartmamak gerekir. Ayr\u0131ca ba\u015fka NATO \u00fclkelerinde de bu tip uygulamalar vard\u0131r.&#8221;<\/p>\n<!-- Error, Advert is not available at this time due to schedule\/geolocation restrictions! -->\n","protected":false},"excerpt":{"rendered":"<p>Cumhurba\u015fkan\u0131 Abdullah G\u00fcl, son d\u00f6nemde g\u00fcndemden d\u00fc\u015fmeyen M\u0130T M\u00fcste\u015far\u0131 Hakan Fidan ile ilgili a\u00e7\u0131klamalarda bulundu.<\/p>\n","protected":false},"author":4,"featured_media":176847,"comment_status":"open","ping_status":"open","sticky":false,"template":"","format":"standard","meta":{"_acf_changed":false,"footnotes":""},"categories":[6155,5005,6202,349,6805,220816],"tags":[4343,27155,863,11669],"class_list":["post-150843","post","type-post","status-publish","format-standard","has-post-thumbnail","hentry","category-gundem","category-manset","category-politika","category-son-dakika","category-turkiye","category-uzak-dogu","tag-abdullah-gul","tag-hakan-fidan","tag-japonya","tag-odtu"],"acf":[],"_links":{"self":[{"href":"https:\/\/www.nationalturk.com\/tr\/wp-json\/wp\/v2\/posts\/150843","targetHints":{"allow":["GET"]}}],"collection":[{"href":"https:\/\/www.nationalturk.com\/tr\/wp-json\/wp\/v2\/posts"}],"about":[{"href":"https:\/\/www.nationalturk.com\/tr\/wp-json\/wp\/v2\/types\/post"}],"author":[{"embeddable":true,"href":"https:\/\/www.nationalturk.com\/tr\/wp-json\/wp\/v2\/users\/4"}],"replies":[{"embeddable":true,"href":"https:\/\/www.nationalturk.com\/tr\/wp-json\/wp\/v2\/comments?post=150843"}],"version-history":[{"count":0,"href":"https:\/\/www.nationalturk.com\/tr\/wp-json\/wp\/v2\/posts\/150843\/revisions"}],"wp:featuredmedia":[{"embeddable":true,"href":"https:\/\/www.nationalturk.com\/tr\/wp-json\/wp\/v2\/media\/176847"}],"wp:attachment":[{"href":"https:\/\/www.nationalturk.com\/tr\/wp-json\/wp\/v2\/media?parent=150843"}],"wp:term":[{"taxonomy":"category","embeddable":true,"href":"https:\/\/www.nationalturk.com\/tr\/wp-json\/wp\/v2\/categories?post=150843"},{"taxonomy":"post_tag","embeddable":true,"href":"https:\/\/www.nationalturk.com\/tr\/wp-json\/wp\/v2\/tags?post=150843"}],"curies":[{"name":"wp","href":"https:\/\/api.w.org\/{rel}","templated":true}]}}