{"id":150936,"date":"2013-10-24T22:11:59","date_gmt":"2013-10-24T19:11:59","guid":{"rendered":"http:\/\/www.nationalturk.com\/?p=150936"},"modified":"2026-04-27T02:21:25","modified_gmt":"2026-04-26T23:21:25","slug":"trabzonspor-firtina-150936","status":"publish","type":"post","link":"https:\/\/www.nationalturk.com\/tr\/trabzonspor-firtina-150936\/","title":{"rendered":"Trabzonspor &#8220;F\u0131rt\u0131na&#8221; gibi esmeye devam ediyor"},"content":{"rendered":"<h1><a href=\"http:\/\/www.nationalturk.com\/tr\/wp-content\/uploads\/2013\/10\/trabzonspor-uefa-avrupa-ligi.jpg\"><img loading=\"lazy\" decoding=\"async\" class=\"aligncenter size-large wp-image-150937\" alt=\"trabzonspor-uefa-avrupa-ligi\" src=\"http:\/\/www.nationalturk.com\/tr\/wp-content\/uploads\/2013\/10\/trabzonspor-uefa-avrupa-ligi-610x356.jpg\" width=\"610\" height=\"356\" title=\"\" srcset=\"https:\/\/www.nationalturk.com\/tr\/wp-content\/uploads\/2013\/10\/trabzonspor-uefa-avrupa-ligi-610x356.jpg 610w, https:\/\/www.nationalturk.com\/tr\/wp-content\/uploads\/2013\/10\/trabzonspor-uefa-avrupa-ligi-280x163.jpg 280w, https:\/\/www.nationalturk.com\/tr\/wp-content\/uploads\/2013\/10\/trabzonspor-uefa-avrupa-ligi.jpg 1200w\" sizes=\"auto, (max-width: 610px) 100vw, 610px\" \/><\/a>UEFA Avrupa Ligi&#8217;nde m\u00fccadele eden temsilcimiz Trabzonspor, J Grubu&#8217;ndaki 3. ma\u00e7\u0131nda Legia Var\u015fova&#8217;y\u0131 2-0 ma\u011flup etti.<\/h1>\n<p>UEFA Avrupa Ligi J Grubu&#8217;nda m\u00fccadele eden Trabzonspor, H\u00fcseyin Avni Aker Stad\u0131&#8217;nda Polonya temsilcisi Legia Var\u015fova&#8217;y\u0131 a\u011f\u0131rlad\u0131.<\/p>\n<p>Kar\u015f\u0131la\u015fmaya h\u0131zl\u0131 ba\u015flayan Bordo mavili ekip 7. dakikada Janko&#8217;nun att\u0131\u011f\u0131 golle 1-0 \u00f6ne ge\u00e7ti ve m\u00fccadelenin ilk yar\u0131s\u0131 da bu skorla sona erdi.<\/p>\n<p>\u0130kinci yar\u0131ya da istekli ba\u015flayan Trabzonspor 82. dakikada duran toptan ikinci gol\u00fc buldu. Sol \u00e7aprazdan Olcan Ad\u0131n&#8217;\u0131n kulland\u0131\u011f\u0131 serbest vuru\u015fta kimsenin dokunamad\u0131\u011f\u0131 top direkt filelere gitti.<\/p>\n<p>Bu sonu\u00e7la Trabzonspor puan\u0131n\u0131 7&#8217;ye \u00e7\u0131kard\u0131 ve liderli\u011fini s\u00fcrd\u00fcrd\u00fc.<\/p>\n<!-- Error, Advert is not available at this time due to schedule\/geolocation restrictions! -->\n","protected":false},"excerpt":{"rendered":"<p>UEFA Avrupa Ligi&#8217;nde m\u00fccadele eden temsilcimiz Trabzonspor, J Grubu&#8217;ndaki 3. ma\u00e7\u0131nda Legia Var\u015fova&#8217;y\u0131 2-0 ma\u011flup etti.<\/p>\n","protected":false},"author":3,"featured_media":176830,"comment_status":"open","ping_status":"open","sticky":false,"template":"","format":"standard","meta":{"_acf_changed":false,"footnotes":""},"categories":[6774,5005,6194],"tags":[144616,76854,88788,3037,4117,40413,4118,38726],"class_list":["post-150936","post","type-post","status-publish","format-standard","has-post-thumbnail","hentry","category-futbol","category-manset","category-spor","tag-huseyin-avni-aker-stadi","tag-legia-varsova","tag-olcan-adin","tag-trabzon","tag-trabzonspor","tag-trabzonspor-uefa-maclari","tag-uefa-avrupa-ligi","tag-uefa-avrupa-ligi-trabzonspor"],"acf":[],"_links":{"self":[{"href":"https:\/\/www.nationalturk.com\/tr\/wp-json\/wp\/v2\/posts\/150936","targetHints":{"allow":["GET"]}}],"collection":[{"href":"https:\/\/www.nationalturk.com\/tr\/wp-json\/wp\/v2\/posts"}],"about":[{"href":"https:\/\/www.nationalturk.com\/tr\/wp-json\/wp\/v2\/types\/post"}],"author":[{"embeddable":true,"href":"https:\/\/www.nationalturk.com\/tr\/wp-json\/wp\/v2\/users\/3"}],"replies":[{"embeddable":true,"href":"https:\/\/www.nationalturk.com\/tr\/wp-json\/wp\/v2\/comments?post=150936"}],"version-history":[{"count":1,"href":"https:\/\/www.nationalturk.com\/tr\/wp-json\/wp\/v2\/posts\/150936\/revisions"}],"predecessor-version":[{"id":308917,"href":"https:\/\/www.nationalturk.com\/tr\/wp-json\/wp\/v2\/posts\/150936\/revisions\/308917"}],"wp:featuredmedia":[{"embeddable":true,"href":"https:\/\/www.nationalturk.com\/tr\/wp-json\/wp\/v2\/media\/176830"}],"wp:attachment":[{"href":"https:\/\/www.nationalturk.com\/tr\/wp-json\/wp\/v2\/media?parent=150936"}],"wp:term":[{"taxonomy":"category","embeddable":true,"href":"https:\/\/www.nationalturk.com\/tr\/wp-json\/wp\/v2\/categories?post=150936"},{"taxonomy":"post_tag","embeddable":true,"href":"https:\/\/www.nationalturk.com\/tr\/wp-json\/wp\/v2\/tags?post=150936"}],"curies":[{"name":"wp","href":"https:\/\/api.w.org\/{rel}","templated":true}]}}