{"id":150950,"date":"2013-10-25T10:11:50","date_gmt":"2013-10-25T07:11:50","guid":{"rendered":"http:\/\/www.nationalturk.com\/?p=150950"},"modified":"2013-10-25T10:11:50","modified_gmt":"2013-10-25T07:11:50","slug":"rusya-maaddamiye-sivil-halk-150950","status":"publish","type":"post","link":"https:\/\/www.nationalturk.com\/tr\/rusya-maaddamiye-sivil-halk-150950\/","title":{"rendered":"Rusya, Maaddamiye&#8217;deki sivil halk\u0131n tahliyesini istedi"},"content":{"rendered":"<h1><a href=\"http:\/\/www.nationalturk.com\/tr\/wp-content\/uploads\/2013\/10\/rusya-suriye-aciklamasi.jpg\"><img loading=\"lazy\" decoding=\"async\" class=\"aligncenter size-large wp-image-150951\" alt=\"rusya-suriye-aciklamasi\" src=\"http:\/\/www.nationalturk.com\/tr\/wp-content\/uploads\/2013\/10\/rusya-suriye-aciklamasi-610x305.jpg\" width=\"610\" height=\"305\" title=\"\" srcset=\"https:\/\/www.nationalturk.com\/tr\/wp-content\/uploads\/2013\/10\/rusya-suriye-aciklamasi-610x305.jpg 610w, https:\/\/www.nationalturk.com\/tr\/wp-content\/uploads\/2013\/10\/rusya-suriye-aciklamasi-280x140.jpg 280w, https:\/\/www.nationalturk.com\/tr\/wp-content\/uploads\/2013\/10\/rusya-suriye-aciklamasi.jpg 620w\" sizes=\"auto, (max-width: 610px) 100vw, 610px\" \/><\/a>Rusya D\u0131\u015fileri Bakanl\u0131\u011f\u0131, Suriye y\u00f6netimine, Maaddamiye b\u00f6lgesinde bulunan sivil halk\u0131n tahliyesinin s\u00fcrd\u00fcr\u00fclmesi i\u00e7in \u00e7a\u011fr\u0131 yapt\u0131.<\/h1>\n<p>Rusya D\u0131\u015fi\u015fleri Bakanl\u0131\u011f\u0131ndan yap\u0131lan yaz\u0131l\u0131 a\u00e7\u0131klamada, &#8221;Suriye y\u00f6netimine, Maaddamiye b\u00f6lgesinde bulunan sivil halk\u0131n tahliyesine devam edilmesi \u00e7a\u011fr\u0131s\u0131nda bulunuyoruz. Ayr\u0131ca Maaddamiye b\u00f6lgesini kontrol alt\u0131nda tutan muhaliflerin, Suriyelilerin hayatlar\u0131n\u0131 kurtarmaya y\u00f6nelik insani yard\u0131m faaliyetlerini engellemeyeceklerini d\u00fc\u015f\u00fcn\u00fcyoruz&#8221; ifadesi yer ald\u0131.<\/p>\n<p>Maaddamiye b\u00f6lgesinde, aras\u0131nda kad\u0131n ve \u00e7ocuklar\u0131n da bulundu\u011fu \u00fc\u00e7 binin \u00fczerinde ki\u015finin tahliye edildi\u011fi hat\u0131rlat\u0131lan a\u00e7\u0131klamada, 16 Ekim&#8217;de ger\u00e7ekle\u015ftirilmesi planlanan bir sonraki tahliye i\u015fleminin, g\u00f6revlilere ve yard\u0131m edenlere ate\u015f a\u00e7\u0131lmas\u0131 sonucu ba\u015far\u0131s\u0131z oldu\u011fu kaydedildi.<\/p>\n<p>Ayr\u0131ca a\u00e7\u0131klamda, &#8221;BM \u0130nsani \u0130\u015flerden Sorumlu Genel Sekreter Yard\u0131mc\u0131s\u0131 ve Acil Durumlar Koordinat\u00f6r\u00fc Valerie Amos&#8217;un ifade etti\u011fi kayg\u0131lara kat\u0131l\u0131yoruz&#8221; denildi.<\/p>\n<!-- Error, Advert is not available at this time due to schedule\/geolocation restrictions! -->\n","protected":false},"excerpt":{"rendered":"<p>Rusya D\u0131\u015fileri Bakanl\u0131\u011f\u0131, Suriye y\u00f6netimine, Maaddamiye b\u00f6lgesinde bulunan sivil halk\u0131n tahliyesinin s\u00fcrd\u00fcr\u00fclmesi i\u00e7in \u00e7a\u011fr\u0131 yapt\u0131.<\/p>\n","protected":false},"author":3,"featured_media":176827,"comment_status":"open","ping_status":"open","sticky":false,"template":"","format":"standard","meta":{"_acf_changed":false,"footnotes":""},"categories":[6770,6665,6155,5005,6772,6202],"tags":[721,806],"class_list":["post-150950","post","type-post","status-publish","format-standard","has-post-thumbnail","hentry","category-avrupa","category-dunya","category-gundem","category-manset","category-ortadogu","category-politika","tag-rusya","tag-suriye"],"acf":[],"_links":{"self":[{"href":"https:\/\/www.nationalturk.com\/tr\/wp-json\/wp\/v2\/posts\/150950","targetHints":{"allow":["GET"]}}],"collection":[{"href":"https:\/\/www.nationalturk.com\/tr\/wp-json\/wp\/v2\/posts"}],"about":[{"href":"https:\/\/www.nationalturk.com\/tr\/wp-json\/wp\/v2\/types\/post"}],"author":[{"embeddable":true,"href":"https:\/\/www.nationalturk.com\/tr\/wp-json\/wp\/v2\/users\/3"}],"replies":[{"embeddable":true,"href":"https:\/\/www.nationalturk.com\/tr\/wp-json\/wp\/v2\/comments?post=150950"}],"version-history":[{"count":0,"href":"https:\/\/www.nationalturk.com\/tr\/wp-json\/wp\/v2\/posts\/150950\/revisions"}],"wp:featuredmedia":[{"embeddable":true,"href":"https:\/\/www.nationalturk.com\/tr\/wp-json\/wp\/v2\/media\/176827"}],"wp:attachment":[{"href":"https:\/\/www.nationalturk.com\/tr\/wp-json\/wp\/v2\/media?parent=150950"}],"wp:term":[{"taxonomy":"category","embeddable":true,"href":"https:\/\/www.nationalturk.com\/tr\/wp-json\/wp\/v2\/categories?post=150950"},{"taxonomy":"post_tag","embeddable":true,"href":"https:\/\/www.nationalturk.com\/tr\/wp-json\/wp\/v2\/tags?post=150950"}],"curies":[{"name":"wp","href":"https:\/\/api.w.org\/{rel}","templated":true}]}}