{"id":150998,"date":"2013-10-25T13:54:36","date_gmt":"2013-10-25T10:54:36","guid":{"rendered":"http:\/\/www.nationalturk.com\/?p=150998"},"modified":"2013-10-25T13:54:36","modified_gmt":"2013-10-25T10:54:36","slug":"lady-gaga-biyik-150998","status":"publish","type":"post","link":"https:\/\/www.nationalturk.com\/tr\/lady-gaga-biyik-150998\/","title":{"rendered":"Lady Gaga b\u0131y\u0131klar\u0131 ile \u015fa\u015f\u0131rtt\u0131!"},"content":{"rendered":"<h1><a href=\"http:\/\/www.nationalturk.com\/tr\/wp-content\/uploads\/2013\/10\/lady-gaga-biyik.jpg\"><img loading=\"lazy\" decoding=\"async\" class=\"aligncenter size-full wp-image-151000\" alt=\"lady-gaga-biyik\" src=\"http:\/\/www.nationalturk.com\/tr\/wp-content\/uploads\/2013\/10\/lady-gaga-biyik.jpg\" width=\"613\" height=\"396\" title=\"\" srcset=\"https:\/\/www.nationalturk.com\/tr\/wp-content\/uploads\/2013\/10\/lady-gaga-biyik.jpg 613w, https:\/\/www.nationalturk.com\/tr\/wp-content\/uploads\/2013\/10\/lady-gaga-biyik-280x180.jpg 280w, https:\/\/www.nationalturk.com\/tr\/wp-content\/uploads\/2013\/10\/lady-gaga-biyik-610x394.jpg 610w\" sizes=\"auto, (max-width: 613px) 100vw, 613px\" \/><\/a>Almanya&#8217;n\u0131n Ba\u015fkenti Berlin&#8217;de d\u00fczenlenen alb\u00fcm tan\u0131t\u0131m gecesine Lady Gaga&#8217;n\u0131n b\u0131y\u0131klar\u0131 damga vurdu.<\/h1>\n<p>&#8220;Artpop&#8221; alb\u00fcm\u00fcn\u00fcn Berlin&#8217;de d\u00fczenlenen tan\u0131t\u0131m gecesine kat\u0131lan Lady Gaga, takma b\u0131y\u0131klar\u0131 ile herkesi \u015fa\u015f\u0131rtt\u0131.<\/p>\n<p>Birbirinden cesur pozlar\u0131 ile tan\u0131d\u0131\u011f\u0131m\u0131z 27 ya\u015f\u0131ndaki \u015fark\u0131c\u0131n\u0131n b\u0131y\u0131klar\u0131, s\u00fcrrelist ak\u0131m\u0131n en \u00fcnl\u00fc ismi Salvador Dali&#8217;nin b\u0131y\u0131klar\u0131na benzetildi.<\/p>\n<p>Gaga&#8217;n\u0131n yeni alb\u00fcm\u00fc 8 Kas\u0131m&#8217;da Almanya&#8217;da piyasaya \u00e7\u0131kacak.<\/p>\n<!-- Error, Advert is not available at this time due to schedule\/geolocation restrictions! -->\n","protected":false},"excerpt":{"rendered":"<p>Almanya&#8217;n\u0131n Ba\u015fkenti Berlin&#8217;de d\u00fczenlenen alb\u00fcm tan\u0131t\u0131m gecesine Lady Gaga&#8217;n\u0131n b\u0131y\u0131klar\u0131 damga vurdu.<\/p>\n","protected":false},"author":3,"featured_media":151000,"comment_status":"open","ping_status":"open","sticky":false,"template":"","format":"standard","meta":{"_acf_changed":false,"footnotes":""},"categories":[6664,6232,36154,67944],"tags":[2174,1120,4531,5303,5775],"class_list":["post-150998","post","type-post","status-publish","format-standard","has-post-thumbnail","hentry","category-eglence","category-magazin","category-muzik","category-yurtdisi-magazin-haberleri","tag-almanya","tag-berlin","tag-berlin-almanya","tag-lady-gaga","tag-lady-gaga-sarkilari"],"acf":[],"_links":{"self":[{"href":"https:\/\/www.nationalturk.com\/tr\/wp-json\/wp\/v2\/posts\/150998","targetHints":{"allow":["GET"]}}],"collection":[{"href":"https:\/\/www.nationalturk.com\/tr\/wp-json\/wp\/v2\/posts"}],"about":[{"href":"https:\/\/www.nationalturk.com\/tr\/wp-json\/wp\/v2\/types\/post"}],"author":[{"embeddable":true,"href":"https:\/\/www.nationalturk.com\/tr\/wp-json\/wp\/v2\/users\/3"}],"replies":[{"embeddable":true,"href":"https:\/\/www.nationalturk.com\/tr\/wp-json\/wp\/v2\/comments?post=150998"}],"version-history":[{"count":0,"href":"https:\/\/www.nationalturk.com\/tr\/wp-json\/wp\/v2\/posts\/150998\/revisions"}],"wp:featuredmedia":[{"embeddable":true,"href":"https:\/\/www.nationalturk.com\/tr\/wp-json\/wp\/v2\/media\/151000"}],"wp:attachment":[{"href":"https:\/\/www.nationalturk.com\/tr\/wp-json\/wp\/v2\/media?parent=150998"}],"wp:term":[{"taxonomy":"category","embeddable":true,"href":"https:\/\/www.nationalturk.com\/tr\/wp-json\/wp\/v2\/categories?post=150998"},{"taxonomy":"post_tag","embeddable":true,"href":"https:\/\/www.nationalturk.com\/tr\/wp-json\/wp\/v2\/tags?post=150998"}],"curies":[{"name":"wp","href":"https:\/\/api.w.org\/{rel}","templated":true}]}}