{"id":151146,"date":"2013-10-27T12:46:01","date_gmt":"2013-10-27T10:46:01","guid":{"rendered":"http:\/\/www.nationalturk.com\/?p=151146"},"modified":"2013-10-27T12:46:01","modified_gmt":"2013-10-27T10:46:01","slug":"cumhurbaskani-gul-rahatsizlandi-151146","status":"publish","type":"post","link":"https:\/\/www.nationalturk.com\/tr\/cumhurbaskani-gul-rahatsizlandi-151146\/","title":{"rendered":"Cumhurba\u015fkan\u0131 G\u00fcl rahats\u0131zland\u0131, program\u0131 iptal oldu!"},"content":{"rendered":"<h1><a href=\"http:\/\/www.nationalturk.com\/tr\/wp-content\/uploads\/2013\/10\/abdullah-gul-rahatsizlandi.jpg\"><img loading=\"lazy\" decoding=\"async\" class=\"aligncenter  wp-image-151147\" alt=\"abdullah-gul-rahatsizlandi\" src=\"http:\/\/www.nationalturk.com\/tr\/wp-content\/uploads\/2013\/10\/abdullah-gul-rahatsizlandi-602x400.jpg\" width=\"610\" height=\"400\" title=\"\"><\/a>Kayseri B\u00fcy\u00fck\u015fehir Belediye Ba\u015fkan\u0131 Mehmet \u00d6zhaseki, Cumhurba\u015fkan\u0131 Abdullah G\u00fcl&#8217;\u00fcn, Kayseri 4. Hay\u0131rseverler Zirvesi&#8217;ne rahats\u0131zl\u0131\u011f\u0131 nedeniyle kat\u0131lamayaca\u011f\u0131n\u0131 a\u00e7\u0131klad\u0131.<\/h1>\n<p>\u00d6zhaseki, gazetecilere yapt\u0131\u011f\u0131 a\u00e7\u0131klamada, Kayseri B\u00fcy\u00fck\u015fehir Belediyesi taraf\u0131ndan Erciyes Da\u011f\u0131n\u0131n 2 bin 200 metre y\u00fckseklikteki Tekir Yaylas\u0131&#8217;ndaki Kardan Adam tesislerinde bu y\u0131l 4&#8217;\u00fcnc\u00fcs\u00fc d\u00fczenlenen Hay\u0131rseverler Zirvesi&#8217;ne Cumhurba\u015fkan\u0131 Abdullah G\u00fcl&#8217;\u00fcn de kat\u0131lmas\u0131n\u0131 beklediklerini ancak son dakikada rahats\u0131zl\u0131\u011f\u0131 nedeniyle program\u0131n\u0131 iptal etmek zorunda kald\u0131\u011f\u0131n\u0131 s\u00f6yledi.<\/p>\n<p>G\u00fcl&#8217;\u00fcn Kayseri&#8217;ye geldi\u011finde rahats\u0131zl\u0131\u011f\u0131 bulundu\u011funu ifade eden \u00d6zhaseki, &#8220;\u0130ki g\u00fcn boyunca da yo\u011fun bir program oldu. O programlar d\u0131\u015far\u0131dan bakan insanlar i\u00e7in &#8216;ne var ki d\u0131\u015far\u0131da oturuyor, kalk\u0131yor, gidiyor, geliyor&#8217; gibi de\u011ferlendirilebilir. Ama her birinin kendine has zorluklar\u0131, stresleri var, verilecek mesajlar var ve bir de iklim ko\u015fullar\u0131 var. Kapal\u0131 yere giriyorsunuz terliyorsunuz, d\u0131\u015far\u0131 \u00e7\u0131k\u0131yorsunuz buz gibi bir esinti. O anda kendinizi korumak icap ediyor. Bu durum \u00fczerindeki nezleyi biraz art\u0131rd\u0131. D\u00fcnden itibaren ila\u00e7l\u0131 tedavi ba\u015flam\u0131\u015ft\u0131 ama hastal\u0131\u011f\u0131 yo\u011funla\u015ft\u0131, buraya gelemeyecek kadar rahats\u0131zland\u0131. Allah&#8217;tan \u015fifa diliyoruz&#8221; diye konu\u015ftu.<\/p>\n<p>G\u00fcl&#8217;\u00fcn yar\u0131ndan itibaren ciddi bir program\u0131 oldu\u011funa dikkati \u00e7eken \u00d6zhaseki, \u015f\u00f6yle devam etti:<\/p>\n<p>&#8220;Program\u0131na bakt\u0131m ayn\u0131 g\u00fcn i\u00e7inde \u0130stanbul&#8217;a gidecek, yine ayn\u0131 g\u00fcn i\u00e7inde geri gelip \u00c7ankaya&#8217;da y\u00fczlerce insan\u0131 kar\u015f\u0131lay\u0131p Cumhuriyet resepsiyonuna kat\u0131lacak. Ertesi g\u00fcn \u0130zmir \u0130ktisat Kongresine kat\u0131lacak ve ondan sonraki g\u00fcn \u0130ngiltere&#8217;de ba\u015fka bir program\u0131 var. Buralara da yeti\u015fmek icap ediyor. Devlet i\u015fi hastal\u0131k, sa\u011fl\u0131k dinlemiyor. Allah \u015fifa versin diyoruz. Bizim buradaki sevincimiz ve bayram\u0131m\u0131z biraz buruk olacak ama ne yapal\u0131m hay\u0131rseverler hay\u0131rlar\u0131n\u0131 Cenab-\u0131 Allah&#8217;\u0131n r\u0131zas\u0131 i\u00e7in yap\u0131yor, bu insanlara hizmet olsun diye yapt\u0131lar. Cumhurba\u015fkan\u0131m\u0131zla konu\u015ftuk, selamlar\u0131n\u0131, sevgilerini, muhabbetlerini g\u00f6nderdi. Mesaj\u0131n\u0131 hay\u0131rseverlerimize iletece\u011fiz.&#8221;<\/p>\n<!-- Error, Advert is not available at this time due to schedule\/geolocation restrictions! -->\n","protected":false},"excerpt":{"rendered":"<p>Kayseri B\u00fcy\u00fck\u015fehir Belediye Ba\u015fkan\u0131 Mehmet \u00d6zhaseki, Cumhurba\u015fkan\u0131 Abdullah G\u00fcl&#8217;\u00fcn, Kayseri 4. Hay\u0131rseverler Zirvesi&#8217;ne rahats\u0131zl\u0131\u011f\u0131 nedeniyle kat\u0131lamayaca\u011f\u0131n\u0131 a\u00e7\u0131klad\u0131.<\/p>\n","protected":false},"author":3,"featured_media":176797,"comment_status":"open","ping_status":"open","sticky":false,"template":"","format":"standard","meta":{"_acf_changed":false,"footnotes":""},"categories":[6155,5005,6202,349,6805],"tags":[4343,31896,4353,2051],"class_list":["post-151146","post","type-post","status-publish","format-standard","has-post-thumbnail","hentry","category-gundem","category-manset","category-politika","category-son-dakika","category-turkiye","tag-abdullah-gul","tag-cumhurbaskani","tag-cumhurbaskani-abdullah-gul","tag-mehmet-ozhaseki"],"acf":[],"_links":{"self":[{"href":"https:\/\/www.nationalturk.com\/tr\/wp-json\/wp\/v2\/posts\/151146","targetHints":{"allow":["GET"]}}],"collection":[{"href":"https:\/\/www.nationalturk.com\/tr\/wp-json\/wp\/v2\/posts"}],"about":[{"href":"https:\/\/www.nationalturk.com\/tr\/wp-json\/wp\/v2\/types\/post"}],"author":[{"embeddable":true,"href":"https:\/\/www.nationalturk.com\/tr\/wp-json\/wp\/v2\/users\/3"}],"replies":[{"embeddable":true,"href":"https:\/\/www.nationalturk.com\/tr\/wp-json\/wp\/v2\/comments?post=151146"}],"version-history":[{"count":0,"href":"https:\/\/www.nationalturk.com\/tr\/wp-json\/wp\/v2\/posts\/151146\/revisions"}],"wp:featuredmedia":[{"embeddable":true,"href":"https:\/\/www.nationalturk.com\/tr\/wp-json\/wp\/v2\/media\/176797"}],"wp:attachment":[{"href":"https:\/\/www.nationalturk.com\/tr\/wp-json\/wp\/v2\/media?parent=151146"}],"wp:term":[{"taxonomy":"category","embeddable":true,"href":"https:\/\/www.nationalturk.com\/tr\/wp-json\/wp\/v2\/categories?post=151146"},{"taxonomy":"post_tag","embeddable":true,"href":"https:\/\/www.nationalturk.com\/tr\/wp-json\/wp\/v2\/tags?post=151146"}],"curies":[{"name":"wp","href":"https:\/\/api.w.org\/{rel}","templated":true}]}}