{"id":151276,"date":"2013-10-29T12:18:38","date_gmt":"2013-10-29T10:18:38","guid":{"rendered":"http:\/\/www.nationalturk.com\/?p=151276"},"modified":"2013-10-29T12:18:38","modified_gmt":"2013-10-29T10:18:38","slug":"taksim-ve-cevresinde-polis-ordusu-151276","status":"publish","type":"post","link":"https:\/\/www.nationalturk.com\/tr\/taksim-ve-cevresinde-polis-ordusu-151276\/","title":{"rendered":"Taksim ve \u00e7evresinde polis ordusu!"},"content":{"rendered":"<p><img loading=\"lazy\" decoding=\"async\" class=\"alignleft size-medium wp-image-151280\" alt=\"Taksim\" src=\"http:\/\/www.nationalturk.com\/tr\/wp-content\/uploads\/2013\/10\/istiklal_taksim_polis-e1383041759780-280x155.jpg\" width=\"280\" height=\"155\" title=\"\" srcset=\"https:\/\/www.nationalturk.com\/tr\/wp-content\/uploads\/2013\/10\/istiklal_taksim_polis-e1383041759780-280x155.jpg 280w, https:\/\/www.nationalturk.com\/tr\/wp-content\/uploads\/2013\/10\/istiklal_taksim_polis-e1383041759780.jpg 526w\" sizes=\"auto, (max-width: 280px) 100vw, 280px\" \/><\/p>\n<h1>\u0130stiklal Caddesi&#8217;nde saat 14:00&#8217;te Cumhuriyet Bayram\u0131 nedeniyle yap\u0131lacak y\u00fcr\u00fcy\u00fc\u015f nedeniyle polis ekipleri Taksim ve \u00e7evresini adeta ablukaya ald\u0131.<\/h1>\n<p>Taksim Meydan\u0131&#8217;nda polis geni\u015f g\u00fcvenlik \u00f6nlemleri al\u0131yor. \u00c7ok say\u0131da \u00e7evik kuvvet polisi otob\u00fcslerle Taksim&#8217;e getirildi. Tepeba\u015f\u0131&#8217;ndaki \u0130ngiliz Konsoloslu\u011fu ile \u00d6mer Hayyam dura\u011f\u0131 aras\u0131nda yakla\u015f\u0131k 20 otob\u00fcs \u00e7evik kuvvet polisi haz\u0131r beklerken Taksim Meydan\u0131&#8217;nda da y\u00fczlerce polis konu\u015fland\u0131r\u0131ld\u0131.<\/p>\n<p>\u0130stiklal Caddesi&#8217;nin giri\u015finde TOMA beklerken Taksim meydan\u0131ndaki sivil polis yo\u011funlu da dikkat \u00e7ekiyor. Gezi Park\u0131 \u00e7evresinde de polisler \u00f6nlem alm\u0131\u015f durumda.<\/p>\n<p>\u00d6nlemlerin saat 14.00&#8217;da yap\u0131laca\u011f\u0131 belirtilen y\u00fcr\u00fcy\u00fc\u015f nedeniyle al\u0131nd\u0131\u011f\u0131 \u00f6\u011frenildi.<\/p>\n<p>&nbsp;<\/p>\n<!-- Error, Advert is not available at this time due to schedule\/geolocation restrictions! -->\n","protected":false},"excerpt":{"rendered":"<p>\u0130stiklal Caddesi&#8217;nde saat 14:00&#8217;te Cumhuriyet Bayram\u0131 nedeniyle yap\u0131lacak y\u00fcr\u00fcy\u00fc\u015f nedeniyle polis ekipleri Taksim ve \u00e7evresini adeta ablukaya ald\u0131.<\/p>\n","protected":false},"author":4,"featured_media":176775,"comment_status":"open","ping_status":"open","sticky":false,"template":"","format":"standard","meta":{"_acf_changed":false,"footnotes":""},"categories":[6155,5005,6202,349,6805],"tags":[26869,3805],"class_list":["post-151276","post","type-post","status-publish","format-standard","has-post-thumbnail","hentry","category-gundem","category-manset","category-politika","category-son-dakika","category-turkiye","tag-istiklal-caddesi","tag-taksim"],"acf":[],"_links":{"self":[{"href":"https:\/\/www.nationalturk.com\/tr\/wp-json\/wp\/v2\/posts\/151276","targetHints":{"allow":["GET"]}}],"collection":[{"href":"https:\/\/www.nationalturk.com\/tr\/wp-json\/wp\/v2\/posts"}],"about":[{"href":"https:\/\/www.nationalturk.com\/tr\/wp-json\/wp\/v2\/types\/post"}],"author":[{"embeddable":true,"href":"https:\/\/www.nationalturk.com\/tr\/wp-json\/wp\/v2\/users\/4"}],"replies":[{"embeddable":true,"href":"https:\/\/www.nationalturk.com\/tr\/wp-json\/wp\/v2\/comments?post=151276"}],"version-history":[{"count":0,"href":"https:\/\/www.nationalturk.com\/tr\/wp-json\/wp\/v2\/posts\/151276\/revisions"}],"wp:featuredmedia":[{"embeddable":true,"href":"https:\/\/www.nationalturk.com\/tr\/wp-json\/wp\/v2\/media\/176775"}],"wp:attachment":[{"href":"https:\/\/www.nationalturk.com\/tr\/wp-json\/wp\/v2\/media?parent=151276"}],"wp:term":[{"taxonomy":"category","embeddable":true,"href":"https:\/\/www.nationalturk.com\/tr\/wp-json\/wp\/v2\/categories?post=151276"},{"taxonomy":"post_tag","embeddable":true,"href":"https:\/\/www.nationalturk.com\/tr\/wp-json\/wp\/v2\/tags?post=151276"}],"curies":[{"name":"wp","href":"https:\/\/api.w.org\/{rel}","templated":true}]}}