{"id":151667,"date":"2013-11-02T14:11:22","date_gmt":"2013-11-02T12:11:22","guid":{"rendered":"http:\/\/www.nationalturk.com\/?p=151667"},"modified":"2013-11-02T14:11:22","modified_gmt":"2013-11-02T12:11:22","slug":"fenerbahcede-son-dakika-hulusi-belgu-secimde-yok-151667","status":"publish","type":"post","link":"https:\/\/www.nationalturk.com\/tr\/fenerbahcede-son-dakika-hulusi-belgu-secimde-yok-151667\/","title":{"rendered":"Fenerbah\u00e7e&#8217;de Son Dakika! Hulusi Belg\u00fc se\u00e7imde yok!"},"content":{"rendered":"<p><img loading=\"lazy\" decoding=\"async\" class=\"alignnone size-full wp-image-151668\" alt=\"Fenerbah\u00e7e Kongresi\" src=\"http:\/\/www.nationalturk.com\/tr\/wp-content\/uploads\/2013\/11\/fenerbahce_kongre_sondakika.jpg\" width=\"610\" height=\"360\" title=\"\"><\/p>\n<h1>Fenerbah\u00e7e&#8217;de tarihi ola\u011fan\u00fcst\u00fc se\u00e7imli genel kurul bu sabah ba\u015flad\u0131. Ba\u015fkan adaylar\u0131ndan Hulusi Belg\u00fc hakk\u0131ndaki ge\u00e7ici ihra\u00e7 karar\u0131n\u0131n kald\u0131r\u0131lmas\u0131 talebi reddedildi. Hulusi Belg\u00fc ba\u015fkanl\u0131k se\u00e7imine giremeyecek. \/ Son Dakika&#8230;<\/h1>\n<p>Fenerbah\u00e7e&#8217;de ba\u015fkan adaylar\u0131ndan Hulusi Belg\u00fc hakk\u0131ndaki ge\u00e7ici ihra\u00e7 karar\u0131n\u0131n kald\u0131r\u0131lmas\u0131 talebi 2 kez yap\u0131lan oylama sonucunda reddedildi. Hulusi Belg\u00fc yar\u0131n yap\u0131lacak se\u00e7ime kat\u0131lamayacak.<\/p>\n<p>Kritik toplant\u0131da, 3 Temmuz s\u00fcrecinde yarg\u0131lanan isimlerden y\u00f6neticiler \u0130lhan Ek\u015fio\u011flu ve \u015eekip Mosturo\u011flu, konu\u015fma i\u00e7in k\u00fcrs\u00fcye geldiklerinde \u00fcyeler taraf\u0131ndan dakikalarca ayakta alk\u0131\u015fland\u0131.. \u00d6te yandan kongrede Fenerbah\u00e7e y\u00f6netimi oy birli\u011fiyle de ibra edildi.<\/p>\n<p>Aziz Y\u0131ld\u0131r\u0131m&#8217;\u0131n, \u0130lhan Ek\u015fio\u011flu&#8217;nun ve \u015eekip Mosturo\u011flu&#8217;nun &#8216;K\u00f6t\u00fc \u015e\u00f6hret Sahibi&#8217; olmad\u0131\u011f\u0131 kabul edildi.\u00a0Fenerbah\u00e7e Ola\u011fan\u00fcst\u00fc Kongresi&#8217;nde ek b\u00fct\u00e7e talebi oybirli\u011fi ile kabul edildi.<\/p>\n<p>Fenerbah\u00e7e&#8217;nin kazand\u0131\u011f\u0131 kupalar da salona getirildi. T\u00fcm kupalar bir yerde topland\u0131 ancak futbol tak\u0131m\u0131n\u0131n 2010-2011 sezonunda kazand\u0131\u011f\u0131 \u015fampiyonluk kupas\u0131 Y\u00f6netim Kurulu masas\u0131na koyuldu.<\/p>\n<!-- Error, Advert is not available at this time due to schedule\/geolocation restrictions! -->\n","protected":false},"excerpt":{"rendered":"<p>Fenerbah\u00e7e&#8217;de tarihi ola\u011fan\u00fcst\u00fc se\u00e7imli genel kurul bu sabah ba\u015flad\u0131. Ba\u015fkan adaylar\u0131ndan Hulusi Belg\u00fc hakk\u0131ndaki ge\u00e7ici ihra\u00e7 karar\u0131n\u0131n kald\u0131r\u0131lmas\u0131 talebi reddedildi. Hulusi Belg\u00fc ba\u015fkanl\u0131k se\u00e7imine giremeyecek. \/ Son Dakika&#8230;<\/p>\n","protected":false},"author":4,"featured_media":151668,"comment_status":"open","ping_status":"open","sticky":false,"template":"","format":"standard","meta":{"_acf_changed":false,"footnotes":""},"categories":[6774,5005,349,6194],"tags":[5058,849,140067,74520,65461,98841],"class_list":["post-151667","post","type-post","status-publish","format-standard","has-post-thumbnail","hentry","category-futbol","category-manset","category-son-dakika","category-spor","tag-aziz-yildirim","tag-fenerbahce","tag-fenerbahce-kongresi","tag-fenerbahce-son-dakika","tag-hulusi-belgu","tag-son-dakika-fenerbahce"],"acf":[],"_links":{"self":[{"href":"https:\/\/www.nationalturk.com\/tr\/wp-json\/wp\/v2\/posts\/151667","targetHints":{"allow":["GET"]}}],"collection":[{"href":"https:\/\/www.nationalturk.com\/tr\/wp-json\/wp\/v2\/posts"}],"about":[{"href":"https:\/\/www.nationalturk.com\/tr\/wp-json\/wp\/v2\/types\/post"}],"author":[{"embeddable":true,"href":"https:\/\/www.nationalturk.com\/tr\/wp-json\/wp\/v2\/users\/4"}],"replies":[{"embeddable":true,"href":"https:\/\/www.nationalturk.com\/tr\/wp-json\/wp\/v2\/comments?post=151667"}],"version-history":[{"count":0,"href":"https:\/\/www.nationalturk.com\/tr\/wp-json\/wp\/v2\/posts\/151667\/revisions"}],"wp:featuredmedia":[{"embeddable":true,"href":"https:\/\/www.nationalturk.com\/tr\/wp-json\/wp\/v2\/media\/151668"}],"wp:attachment":[{"href":"https:\/\/www.nationalturk.com\/tr\/wp-json\/wp\/v2\/media?parent=151667"}],"wp:term":[{"taxonomy":"category","embeddable":true,"href":"https:\/\/www.nationalturk.com\/tr\/wp-json\/wp\/v2\/categories?post=151667"},{"taxonomy":"post_tag","embeddable":true,"href":"https:\/\/www.nationalturk.com\/tr\/wp-json\/wp\/v2\/tags?post=151667"}],"curies":[{"name":"wp","href":"https:\/\/api.w.org\/{rel}","templated":true}]}}