{"id":151853,"date":"2013-11-05T11:57:20","date_gmt":"2013-11-05T09:57:20","guid":{"rendered":"http:\/\/www.nationalturk.com\/?p=151853"},"modified":"2013-11-05T11:57:20","modified_gmt":"2013-11-05T09:57:20","slug":"devlet-bahceli-marmarayda-payimiz-buyuk-erdogan-ahlakli-konusmuyor-151853","status":"publish","type":"post","link":"https:\/\/www.nationalturk.com\/tr\/devlet-bahceli-marmarayda-payimiz-buyuk-erdogan-ahlakli-konusmuyor-151853\/","title":{"rendered":"Devlet Bah\u00e7eli: Marmaray&#8217;da pay\u0131m\u0131z b\u00fcy\u00fck, Erdo\u011fan ahlakl\u0131 konu\u015fmuyor"},"content":{"rendered":"<h1><img loading=\"lazy\" decoding=\"async\" class=\"alignleft size-medium wp-image-151854\" alt=\"Devlet Bah\u00e7eli marmaray\" src=\"http:\/\/www.nationalturk.com\/tr\/wp-content\/uploads\/2013\/11\/devlet_bahceli_grup_1ekim-280x208.jpg\" width=\"280\" height=\"208\" title=\"\" srcset=\"https:\/\/www.nationalturk.com\/tr\/wp-content\/uploads\/2013\/11\/devlet_bahceli_grup_1ekim-280x208.jpg 280w, https:\/\/www.nationalturk.com\/tr\/wp-content\/uploads\/2013\/11\/devlet_bahceli_grup_1ekim-536x400.jpg 536w, https:\/\/www.nationalturk.com\/tr\/wp-content\/uploads\/2013\/11\/devlet_bahceli_grup_1ekim.jpg 1073w\" sizes=\"auto, (max-width: 280px) 100vw, 280px\" \/><\/h1>\n<h1>MHP Genel Ba\u015fkan\u0131 Devlet Bah\u00e7eli, Marmaray projesi nedeniyle AKP&#8217;yi hem \u00f6vd\u00fc hem ele\u015ftirdi. Bah\u00e7eli, Marmaray&#8217;da MHP ve 57. h\u00fck\u00fcmetin pay\u0131n\u0131n b\u00fcy\u00fck oldu\u011funu belirterek Ba\u015fbakan Erdo\u011fan&#8217;\u0131 ahlakl\u0131 konu\u015fmamakla su\u00e7lad\u0131.<\/h1>\n<p>Partisinin TBMM&#8217;deki grup toplant\u0131s\u0131nda konu\u015fan MHP lideri Devlet Bah\u00e7eli&#8217;nin Marmaray projesi hakk\u0131ndaki s\u00f6yledikleri \u015f\u00f6yle;<\/p>\n<p>&#8220;29 Ekim\u2019de Marmaray\u2019\u0131n a\u00e7\u0131l\u0131\u015f\u0131 yap\u0131lm\u0131\u015ft\u0131r. Bu projede eme\u011fi ge\u00e7en herkese partim ad\u0131na te\u015fekk\u00fcr ediyorum. Kim T\u00fcrk milleti i\u00e7in ta\u015f \u00fczerine ta\u015f koyarsa te\u015fekk\u00fcr ederiz. Zira bizim kompleksimiz utanaca\u011f\u0131m\u0131z bir \u015fey yoktur. Milletimizin raz\u0131 oldu\u011fu her \u015feyden biz de raz\u0131 olur ve arkas\u0131nda dururuz. Do\u011frudur Marmaray 153 y\u0131ll\u0131k bir r\u00fcyad\u0131r. Hayal ger\u00e7e\u011fin ilk safhas\u0131d\u0131r. Marmaray projesi \u0130stanbul\u2019un iki yakas\u0131n\u0131 denizin alt\u0131ndan bulu\u015fturmu\u015ftur.<\/p>\n<p>Ancak bu projenin ger\u00e7ekle\u015fmesinde partimizin h\u00fck\u00fcmet orta\u011f\u0131 oldu\u011fu 57. H\u00fck\u00fcmet&#8217;in b\u00fcy\u00fck pay\u0131 vard\u0131r. Bizim katk\u0131m\u0131z asla inkar edilemeyecektir. Marmaray projesi i\u00e7in gereken krediyi biz temin etmi\u015ftik ve 25 Temmuz 2002 tarihinde ihaleye \u00e7\u0131km\u0131\u015ft\u0131k.<\/p>\n<p>&#8216;\u0130ktidar s\u00fcremiz yetmedi\u011fi i\u00e7in bize a\u00e7\u0131l\u0131\u015f yapmak nasip olmam\u0131\u015ft\u0131r. 57. H\u00fck\u00fcmet&#8217;te g\u00f6rev alan ula\u015ft\u0131rma bakanlar\u0131m\u0131z Enes \u00d6ks\u00fcz ve Oktay Vural&#8217;a te\u015fekk\u00fcr ederim. Eme\u011fimiz \u00e7ok fazlad\u0131r. Erdo\u011fan\u2019\u0131n yok sayan vefas\u0131z zihniyeti burada da kendini g\u00f6stermektedir. Marmaray projesini kendisine ve h\u00fck\u00fcmetine mal eden Ba\u015fbakan ahlakl\u0131 konu\u015fmamaktad\u0131r. Bo\u011faz&#8217;\u0131n iki yakas\u0131 biraraya gelmi\u015fse bunda eme\u011fimiz \u00e7oktur. Ba\u015fbakan bizim vizyonumuzun tozuna bile yeti\u015femeyecektir. Bug\u00fcn H\u0131zl\u0131 Tren mesafeleri k\u0131salt\u0131yorsa \u015feref payesi MHP&#8217;dedir.&#8221;<\/p>\n<!-- Error, Advert is not available at this time due to schedule\/geolocation restrictions! -->\n","protected":false},"excerpt":{"rendered":"<p>MHP Genel Ba\u015fkan\u0131 Devlet Bah\u00e7eli, Marmaray projesi nedeniyle AKP&#8217;yi hem \u00f6vd\u00fc hem ele\u015ftirdi. Bah\u00e7eli, Marmaray&#8217;da MHP ve 57. h\u00fck\u00fcmetin pay\u0131n\u0131n b\u00fcy\u00fck oldu\u011funu belirterek Ba\u015fbakan Erdo\u011fan&#8217;\u0131 ahlakl\u0131 konu\u015fmamakla su\u00e7lad\u0131.<\/p>\n","protected":false},"author":4,"featured_media":176677,"comment_status":"open","ping_status":"open","sticky":false,"template":"","format":"standard","meta":{"_acf_changed":false,"footnotes":""},"categories":[6155,5005,6202,349,6805],"tags":[8469,83672,14545,10828,14655,10829],"class_list":["post-151853","post","type-post","status-publish","format-standard","has-post-thumbnail","hentry","category-gundem","category-manset","category-politika","category-son-dakika","category-turkiye","tag-devlet-bahceli","tag-devlet-bahceli-grup","tag-devlet-bahceli-grup-konusmasi","tag-devlet-bahceli-grup-toplantisi","tag-marmaray","tag-mhp"],"acf":[],"_links":{"self":[{"href":"https:\/\/www.nationalturk.com\/tr\/wp-json\/wp\/v2\/posts\/151853","targetHints":{"allow":["GET"]}}],"collection":[{"href":"https:\/\/www.nationalturk.com\/tr\/wp-json\/wp\/v2\/posts"}],"about":[{"href":"https:\/\/www.nationalturk.com\/tr\/wp-json\/wp\/v2\/types\/post"}],"author":[{"embeddable":true,"href":"https:\/\/www.nationalturk.com\/tr\/wp-json\/wp\/v2\/users\/4"}],"replies":[{"embeddable":true,"href":"https:\/\/www.nationalturk.com\/tr\/wp-json\/wp\/v2\/comments?post=151853"}],"version-history":[{"count":0,"href":"https:\/\/www.nationalturk.com\/tr\/wp-json\/wp\/v2\/posts\/151853\/revisions"}],"wp:featuredmedia":[{"embeddable":true,"href":"https:\/\/www.nationalturk.com\/tr\/wp-json\/wp\/v2\/media\/176677"}],"wp:attachment":[{"href":"https:\/\/www.nationalturk.com\/tr\/wp-json\/wp\/v2\/media?parent=151853"}],"wp:term":[{"taxonomy":"category","embeddable":true,"href":"https:\/\/www.nationalturk.com\/tr\/wp-json\/wp\/v2\/categories?post=151853"},{"taxonomy":"post_tag","embeddable":true,"href":"https:\/\/www.nationalturk.com\/tr\/wp-json\/wp\/v2\/tags?post=151853"}],"curies":[{"name":"wp","href":"https:\/\/api.w.org\/{rel}","templated":true}]}}