{"id":152016,"date":"2013-11-07T09:09:02","date_gmt":"2013-11-07T07:09:02","guid":{"rendered":"http:\/\/www.nationalturk.com\/?p=152016"},"modified":"2013-11-07T09:09:02","modified_gmt":"2013-11-07T07:09:02","slug":"bodrum-etkili-sagnak-152016","status":"publish","type":"post","link":"https:\/\/www.nationalturk.com\/tr\/bodrum-etkili-sagnak-152016\/","title":{"rendered":"Bodrum&#8217;da etkili olan sa\u011fnak, hayat\u0131 olumsuz etkiledi"},"content":{"rendered":"<h1><a href=\"http:\/\/www.nationalturk.com\/tr\/wp-content\/uploads\/2013\/11\/bodrum-sagnak-yagis.jpg\"><img loading=\"lazy\" decoding=\"async\" class=\"aligncenter size-large wp-image-152017\" alt=\"bodrum-sagnak-yagis\" src=\"http:\/\/www.nationalturk.com\/tr\/wp-content\/uploads\/2013\/11\/bodrum-sagnak-yagis-610x398.jpg\" width=\"610\" height=\"398\" title=\"\" srcset=\"https:\/\/www.nationalturk.com\/tr\/wp-content\/uploads\/2013\/11\/bodrum-sagnak-yagis-610x398.jpg 610w, https:\/\/www.nationalturk.com\/tr\/wp-content\/uploads\/2013\/11\/bodrum-sagnak-yagis-280x182.jpg 280w, https:\/\/www.nationalturk.com\/tr\/wp-content\/uploads\/2013\/11\/bodrum-sagnak-yagis.jpg 1200w\" sizes=\"auto, (max-width: 610px) 100vw, 610px\" \/><\/a>Bodrum&#8217;da sa\u011fnak ya\u011f\u0131\u015f hayat\u0131 olumsuz etkiliyor. Sa\u011fnak nedeniyle baz\u0131 ev ve i\u015f yerlerinde su bask\u0131nlar\u0131 ya\u015fand\u0131.<\/h1>\n<p>Sa\u011fanak \u015feklinde aral\u0131klarla devam eden ya\u011f\u0131\u015f nedeniyle il\u00e7ede s\u00fcr\u00fcc\u00fcler ve yayalar zor anlar ya\u015fad\u0131, baz\u0131 i\u015f yerlerini su bast\u0131. \u0130ki saat s\u00fcren ya\u011f\u0131\u015flar nedeniyle su birikintileri olu\u015fan Konac\u0131k-Bodrum karayolu bir s\u00fcre ula\u015f\u0131ma kapand\u0131.<\/p>\n<p>Atat\u00fcrk Caddesi ba\u015fta olmak \u00fczere baz\u0131 cadde ve sokaklarda su birikintileri meydana geldi, Belediye Meydan\u0131&#8217;ndaki r\u00f6garlar ta\u015ft\u0131. Trafi\u011fe kapanan yol Bodrum belediyesine ba\u011fl\u0131 ekiplerin \u00e7al\u0131\u015fmalar\u0131yla bir s\u00fcre sonra yeniden a\u00e7\u0131ld\u0131.<\/p>\n<p>Konac\u0131k beldesinde i\u015f yerlerinde ya\u015fanan su bask\u0131nlar\u0131 itfaiye ekipleri taraf\u0131ndan tahliye edilirken, Turgutreis beldesinde su birikintisinde kalan bir otomobil ise i\u015f makinesi yard\u0131m\u0131yla kurtar\u0131ld\u0131.<\/p>\n<!-- Error, Advert is not available at this time due to schedule\/geolocation restrictions! -->\n","protected":false},"excerpt":{"rendered":"<p>Bodrum&#8217;da sa\u011fnak ya\u011f\u0131\u015f hayat\u0131 olumsuz etkiliyor. Sa\u011fnak nedeniyle baz\u0131 ev ve i\u015f yerlerinde su bask\u0131nlar\u0131 ya\u015fand\u0131.<\/p>\n","protected":false},"author":3,"featured_media":176649,"comment_status":"open","ping_status":"open","sticky":false,"template":"","format":"standard","meta":{"_acf_changed":false,"footnotes":""},"categories":[6155,5005,6805],"tags":[707,145745,702,998],"class_list":["post-152016","post","type-post","status-publish","format-standard","has-post-thumbnail","hentry","category-gundem","category-manset","category-turkiye","tag-bodrum","tag-bodrum-sel","tag-mugla","tag-mugla-bodrum"],"acf":[],"_links":{"self":[{"href":"https:\/\/www.nationalturk.com\/tr\/wp-json\/wp\/v2\/posts\/152016","targetHints":{"allow":["GET"]}}],"collection":[{"href":"https:\/\/www.nationalturk.com\/tr\/wp-json\/wp\/v2\/posts"}],"about":[{"href":"https:\/\/www.nationalturk.com\/tr\/wp-json\/wp\/v2\/types\/post"}],"author":[{"embeddable":true,"href":"https:\/\/www.nationalturk.com\/tr\/wp-json\/wp\/v2\/users\/3"}],"replies":[{"embeddable":true,"href":"https:\/\/www.nationalturk.com\/tr\/wp-json\/wp\/v2\/comments?post=152016"}],"version-history":[{"count":0,"href":"https:\/\/www.nationalturk.com\/tr\/wp-json\/wp\/v2\/posts\/152016\/revisions"}],"wp:featuredmedia":[{"embeddable":true,"href":"https:\/\/www.nationalturk.com\/tr\/wp-json\/wp\/v2\/media\/176649"}],"wp:attachment":[{"href":"https:\/\/www.nationalturk.com\/tr\/wp-json\/wp\/v2\/media?parent=152016"}],"wp:term":[{"taxonomy":"category","embeddable":true,"href":"https:\/\/www.nationalturk.com\/tr\/wp-json\/wp\/v2\/categories?post=152016"},{"taxonomy":"post_tag","embeddable":true,"href":"https:\/\/www.nationalturk.com\/tr\/wp-json\/wp\/v2\/tags?post=152016"}],"curies":[{"name":"wp","href":"https:\/\/api.w.org\/{rel}","templated":true}]}}