{"id":152047,"date":"2013-11-07T10:37:12","date_gmt":"2013-11-07T08:37:12","guid":{"rendered":"http:\/\/www.nationalturk.com\/?p=152047"},"modified":"2013-11-07T10:37:12","modified_gmt":"2013-11-07T08:37:12","slug":"kopenhagda-3-galatasaray-taraftari-tutuklandi-152047","status":"publish","type":"post","link":"https:\/\/www.nationalturk.com\/tr\/kopenhagda-3-galatasaray-taraftari-tutuklandi-152047\/","title":{"rendered":"Kopenhag&#8217;da 3 Galatasaray taraftar\u0131 tutukland\u0131"},"content":{"rendered":"<p><img loading=\"lazy\" decoding=\"async\" class=\"alignnone size-full wp-image-152048\" alt=\"Galatasaray taraftarlar\u0131 tutukland\u0131\" src=\"http:\/\/www.nationalturk.com\/tr\/wp-content\/uploads\/2013\/11\/galatasaray_taraftari_tutuklandi.jpg\" width=\"610\" height=\"369\" title=\"\"><\/p>\n<h1>Kopenhag Galatasaray ma\u00e7\u0131 s\u0131ras\u0131nda Parken Stad\u0131&#8217;ndaki g\u00fcvenlik g\u00f6revlilerine sald\u0131rd\u0131klar\u0131 iddias\u0131yla g\u00f6zalt\u0131na al\u0131nan 3 Galatasaray taraftar\u0131 tutukland\u0131.<\/h1>\n<p>Danimarka&#8217;n\u0131n ba\u015fkenti Kopenhag&#8217;da, FC Kopenhag ile Galatasaray aras\u0131nda oynanan \u015eampiyonlar Ligi ma\u00e7\u0131ndan sonra g\u00f6zalt\u0131na al\u0131nan 3 Galatasaray taraftar\u0131 tutukland\u0131. Al\u0131nan bilgilere g\u00f6re Parken Stad\u0131&#8217;nda oynanan Kopenhag Galatasaray ma\u00e7\u0131 devam ederken sar\u0131 k\u0131rm\u0131z\u0131l\u0131 taraftarlar aras\u0131nda ya\u015fanan arbedede baz\u0131 taraftarlar g\u00fcvenlik g\u00f6revlileri ile tart\u0131\u015ft\u0131. Ma\u00e7tan sonra ise 3 taraftar g\u00fcvenlik g\u00fc\u00e7lerine \u015fiddet uygulad\u0131klar\u0131 ve tehdit ettikleri iddias\u0131yla g\u00f6zalt\u0131na al\u0131nm\u0131\u015ft\u0131. G\u00f6zalt\u0131na al\u0131nan taraftarlar n\u00f6bet\u00e7i mahkeme taraf\u0131ndan tutuklanarak Vestre Cezaevi&#8217;ne g\u00f6nderildi.<\/p>\n<p>Taraftarlardan ikisinin Almanya&#8217;dan birinin ise Holanda&#8217;dan Danimarka&#8217;ya geldi\u011fi \u00f6\u011frenildi.<\/p>\n<!-- Error, Advert is not available at this time due to schedule\/geolocation restrictions! -->\n","protected":false},"excerpt":{"rendered":"<p>Kopenhag Galatasaray ma\u00e7\u0131 s\u0131ras\u0131nda Parken Stad\u0131&#8217;ndaki g\u00fcvenlik g\u00f6revlilerine sald\u0131rd\u0131klar\u0131 iddias\u0131yla g\u00f6zalt\u0131na al\u0131nan 3 Galatasaray taraftar\u0131 tutukland\u0131.<\/p>\n","protected":false},"author":4,"featured_media":152048,"comment_status":"open","ping_status":"open","sticky":false,"template":"","format":"standard","meta":{"_acf_changed":false,"footnotes":""},"categories":[6774,5005,349,6194],"tags":[4114,80101,145621],"class_list":["post-152047","post","type-post","status-publish","format-standard","has-post-thumbnail","hentry","category-futbol","category-manset","category-son-dakika","category-spor","tag-galatasaray","tag-galatasaray-taraftarlari","tag-kopenhag-galatasaray"],"acf":[],"_links":{"self":[{"href":"https:\/\/www.nationalturk.com\/tr\/wp-json\/wp\/v2\/posts\/152047","targetHints":{"allow":["GET"]}}],"collection":[{"href":"https:\/\/www.nationalturk.com\/tr\/wp-json\/wp\/v2\/posts"}],"about":[{"href":"https:\/\/www.nationalturk.com\/tr\/wp-json\/wp\/v2\/types\/post"}],"author":[{"embeddable":true,"href":"https:\/\/www.nationalturk.com\/tr\/wp-json\/wp\/v2\/users\/4"}],"replies":[{"embeddable":true,"href":"https:\/\/www.nationalturk.com\/tr\/wp-json\/wp\/v2\/comments?post=152047"}],"version-history":[{"count":0,"href":"https:\/\/www.nationalturk.com\/tr\/wp-json\/wp\/v2\/posts\/152047\/revisions"}],"wp:featuredmedia":[{"embeddable":true,"href":"https:\/\/www.nationalturk.com\/tr\/wp-json\/wp\/v2\/media\/152048"}],"wp:attachment":[{"href":"https:\/\/www.nationalturk.com\/tr\/wp-json\/wp\/v2\/media?parent=152047"}],"wp:term":[{"taxonomy":"category","embeddable":true,"href":"https:\/\/www.nationalturk.com\/tr\/wp-json\/wp\/v2\/categories?post=152047"},{"taxonomy":"post_tag","embeddable":true,"href":"https:\/\/www.nationalturk.com\/tr\/wp-json\/wp\/v2\/tags?post=152047"}],"curies":[{"name":"wp","href":"https:\/\/api.w.org\/{rel}","templated":true}]}}