{"id":152204,"date":"2013-11-08T17:25:07","date_gmt":"2013-11-08T15:25:07","guid":{"rendered":"http:\/\/www.nationalturk.com\/?p=152204"},"modified":"2013-11-08T19:17:21","modified_gmt":"2013-11-08T17:17:21","slug":"bu-ulke-sizin-degil-sayin-basbakan-152204","status":"publish","type":"post","link":"https:\/\/www.nationalturk.com\/tr\/bu-ulke-sizin-degil-sayin-basbakan-152204\/","title":{"rendered":"Bu \u00fclke sizin de\u011fil say\u0131n Ba\u015fbakan!"},"content":{"rendered":"<p><img loading=\"lazy\" decoding=\"async\" class=\"alignnone size-large wp-image-152206\" alt=\"Can D\u00fcndar\" src=\"http:\/\/www.nationalturk.com\/tr\/wp-content\/uploads\/2013\/11\/can_dundar_28347-610x305.jpg\" width=\"610\" height=\"305\" title=\"\" srcset=\"https:\/\/www.nationalturk.com\/tr\/wp-content\/uploads\/2013\/11\/can_dundar_28347-610x305.jpg 610w, https:\/\/www.nationalturk.com\/tr\/wp-content\/uploads\/2013\/11\/can_dundar_28347-280x140.jpg 280w, https:\/\/www.nationalturk.com\/tr\/wp-content\/uploads\/2013\/11\/can_dundar_28347.jpg 800w\" sizes=\"auto, (max-width: 610px) 100vw, 610px\" \/><\/p>\n<h1>Ba\u015fbakan Recep Tayyip Erdo\u011fan&#8217;\u0131n k\u0131zl\u0131 erkekli \u00f6\u011frenci evlerine m\u00fcdahale edilece\u011fini a\u00e7\u0131klamas\u0131yla ilgili olarak Cumhuriyet gazetesi yazar\u0131 Can D\u00fcndar&#8217;\u0131n kaleme ald\u0131\u011f\u0131 yaz\u0131;<\/h1>\n<p>Bu \u00fclke sizin de\u011fil say\u0131n Ba\u015fbakan!<\/p>\n<p>Hemen ekleyeyim:<\/p>\n<p>Bizim de de\u011fil.<br \/>\nBirbirimize (\u201cal\u0131\u015farak\u201d diyemiyorum art\u0131k) \u201ckatlanarak\u201d ya\u015famak zorunda oldu\u011fumuz bu \u00fclke, hepimizin\u2026<\/p>\n<p>Ve siz -tahamm\u00fcl s\u0131n\u0131rlar\u0131n\u0131 zorlayarak- bu g\u00f6kku\u015fa\u011f\u0131n\u0131n \u00fcst\u00fcne, kendi siyah tak\u0131m\u0131n\u0131z\u0131 giydirme konusunda kararl\u0131 g\u00f6r\u00fcn\u00fcyorsunuz.<br \/>\n\u201cGerekirse evlere m\u00fcdahale ederiz\u201d \u00e7\u0131k\u0131\u015f\u0131n\u0131z, bu \u00fclkenin tarihine \u201cbarda\u011f\u0131n ta\u015ft\u0131\u011f\u0131nokta\u201d olarak kaydedilmeye adayd\u0131r. \u015eak\u015fak\u00e7\u0131lar\u0131n\u0131z, ellerini en g\u00f6r\u00fcn\u00fcr \u015fekilde \u00e7\u0131rpma hararetinde fazla g\u00fcr\u00fclt\u00fc yapt\u0131\u011f\u0131 i\u00e7in ne s\u00f6yledi\u011finizi tam i\u015fitememi\u015f olabilir. Ama \u201cVallahi \u00f6yle demek istemedi\u201d diye d\u00fczeltme tela\u015f\u0131na d\u00fc\u015fen bakanlar\u0131n\u0131z, ate\u015fle oynad\u0131\u011f\u0131n\u0131z\u0131 fark etti.<\/p>\n<p>Ama siz, o koltukta fazla oturman\u0131n getirdi\u011fi \u201cDedimse dedim\u201d b\u00f6b\u00fcrlenmenizle, sadece onlar\u0131 hi\u00e7le\u015ftirmekle kalmad\u0131n\u0131z, kendinizi de onlardan ay\u0131rd\u0131n\u0131z.<br \/>\n\u015eimdi fark etmeseniz de asl\u0131nda bu intihar dal\u0131\u015f\u0131nda yaln\u0131zs\u0131n\u0131z.<\/p>\n<p>***<\/p>\n<p>Ne yalan s\u00f6yleyeyim; panik halinde imdat kolunu \u00e7eken dalkavuklara ald\u0131rmadan, duvara bodoslama ko\u015fan tavr\u0131n\u0131z\u0131 seviyorum ve destekliyorum asl\u0131nda\u2026<br \/>\nTak\u0131yyeden iyi b\u00f6ylesi\u2026<\/p>\n<p>Ba\u011fnaz kitleleri yan\u0131n\u0131za \u00e7ekme u\u011fruna, \u201cDevleti yatak odalar\u0131na kadar sokan adam\u201d nam\u0131n\u0131 \u00fcstlenmeye haz\u0131r g\u00f6r\u00fcn\u00fcyorsunuz. O zaman bir itirafta bulunay\u0131m:<br \/>\n\u00d6\u011frenciyken (ve kimi arkada\u015f\u0131m\u0131z polis takibindeyken) k\u0131zl\u0131 erkekli ayn\u0131 evde kald\u0131k biz\u2026<br \/>\nYani sizin g\u00f6z\u00fcn\u00fczde su\u00e7luyuz.<br \/>\nNe var ki halimizden memnunuz.<\/p>\n<p>Hayat\u0131m\u0131za kar\u0131\u015fma hakk\u0131n\u0131 ana babam\u0131za vermemi\u015fiz; size mi verece\u011fiz?<br \/>\n28 \u015eubat\u2019ta Aczmendi liderinin evini basan askere kar\u015f\u0131 \u00e7\u0131km\u0131\u015f\u0131z, ayn\u0131 kafayla kap\u0131m\u0131za dayanan size mi \u00e7\u0131kmayaca\u011f\u0131z?<\/p>\n<p>De\u011fil siz, her k\u00f6\u015fe ba\u015f\u0131na dikti\u011finiz polisiniz, \u201cFuhu\u015f yap\u0131yorlar\u201d diye b\u0131y\u0131k buran vekiliniz, talimat\u0131n\u0131zla bek\u00e2r evlerine dalmaya haz\u0131r valiniz, ihbarc\u0131l\u0131\u011fa sevk etti\u011finiz \u201cFazilet Teyze\u201dleriniz, dedikoduyla harekete ge\u00e7ecek ahlak zab\u0131talar\u0131n\u0131z gelse, ya\u015fam tarz\u0131m\u0131za kar\u0131\u015famaz.<\/p>\n<p>Hem bir \u015fey tavsiye edeyim:<br \/>\nO cam kenar\u0131nda f\u0131s\u0131lda\u015fan dedikoduculara da \u00e7ok g\u00fcvenmeyin.<br \/>\nBir g\u00fcn tebdili k\u0131yafetle aralar\u0131na kar\u0131\u015f\u0131p sizin i\u00e7in ne dedikodular yapt\u0131klar\u0131n\u0131 duysan\u0131z duda\u011f\u0131n\u0131z u\u00e7uklar.<\/p>\n<p>***<\/p>\n<p>Ana babalar\u0131n \u201cDevlet nerede\u201d diye feryat etti\u011fini s\u00f6yl\u00fcyorsunuz ya; bizim i\u00e7in tersine:<br \/>\nBiz \u00e7ocuklar\u0131m\u0131z\u0131 sizin ve devletin elinden nas\u0131l kurtaraca\u011f\u0131m\u0131z\u0131 d\u00fc\u015f\u00fcnerek feryat ediyoruz.<br \/>\nSizin \u201cmuhafazak\u00e2r demokrat\u201d oldu\u011funu s\u00f6yledi\u011finiz, asl\u0131nda ne muhafazak\u00e2r ne de demokrat olan o otoriter kimli\u011finizle derdimiz\u2026<br \/>\n\u201cHukuk\u201dun yerine \u201cg\u00fcnah\u201d\u0131 koyan, dindar bir nesil hayalinizle\u2026<\/p>\n<p>Oy oran\u0131n\u0131z\u0131n, size hayatlar\u0131m\u0131z\u0131 zapturapt alt\u0131na alma hakk\u0131 verdi\u011fini san\u0131yorsunuz; tarih kitaplar\u0131n\u0131n deh\u015fetle hat\u0131rlad\u0131\u011f\u0131, \u00f6nc\u00fcl\u00fcn\u00fcz olan di\u011fer despotik liderler gibi\u2026<br \/>\nYan\u0131l\u0131yorsunuz.<br \/>\nYan\u0131ld\u0131\u011f\u0131n\u0131z\u0131 Gezi Park\u0131 s\u00f6yledi size\u2026<br \/>\n\u201cBize kar\u0131\u015fma\u201d diye uyard\u0131.<br \/>\nAnlamad\u0131n\u0131z.<\/p>\n<p><img loading=\"lazy\" decoding=\"async\" class=\"size-full wp-image-152214 alignnone\" alt=\"erdogan_grup_24722-610x387\" src=\"http:\/\/www.nationalturk.com\/tr\/wp-content\/uploads\/2013\/11\/erdogan_grup_24722-610x387.jpg\" width=\"610\" height=\"387\" title=\"\" srcset=\"https:\/\/www.nationalturk.com\/tr\/wp-content\/uploads\/2013\/11\/erdogan_grup_24722-610x387.jpg 610w, https:\/\/www.nationalturk.com\/tr\/wp-content\/uploads\/2013\/11\/erdogan_grup_24722-610x387-280x177.jpg 280w\" sizes=\"auto, (max-width: 610px) 100vw, 610px\" \/><\/p>\n<p>\u00c7evrenizde \u201cMesaj\u0131 ald\u0131k\u201d diyenlere de, -t\u0131pk\u0131 \u015fimdiki gibi- laf\u0131n\u0131 yutturdunuz.<\/p>\n<p>F\u0131r\u00e7a yeme korkusuyla size ini\u015f i\u00e7in al\u00e7almaya ba\u015flad\u0131\u011f\u0131n\u0131z\u0131 s\u00f6yleyemeyen yanda\u015flar\u0131n\u0131za kanmay\u0131n.<br \/>\nGe\u00e7en yaz ne ya\u015fand\u0131\u011f\u0131n\u0131 bir daha sorgulay\u0131n.<\/p>\n<p>\u00d6zeti \u015fuydu:<br \/>\n\u00c7ok s\u0131karsan\u0131z, bu toplum patlar.<\/p>\n<p>***<\/p>\n<p>K\u0131sacas\u0131 Say\u0131n Ba\u015fbakan; istedi\u011finiz kadar tehdit savurun, bizi sokmaya \u00e7al\u0131\u015ft\u0131\u011f\u0131n\u0131z o darac\u0131k kara elbiseye s\u0131\u011fmayaca\u011f\u0131z.<\/p>\n<p>Devlet diye keyfimize k\u00e2hya aram\u0131yoruz biz, sizin tabirinizle \u201chizmetimize garson\u201d istiyoruz.<\/p>\n<p>Gerekirse ya\u015fam tarz\u0131m\u0131z\u0131, (k\u0131zl\u0131 erkekli) hayat\u0131m\u0131z pahas\u0131na savunuruz.<br \/>\nSonunda bu \u00fclkede, -t\u0131pk\u0131 Gezi\u2019deki gibi- t\u00fcrbanl\u0131s\u0131 mini eteklisi, d\u00f6vmelisi seccadiyelisi, namaz k\u0131lan\u0131, i\u00e7ki i\u00e7eniyle her rengin yan yana durdu\u011fu, birbirine sayg\u0131 duydu\u011fu, karde\u015f\u00e7e bir ya\u015fam kuraca\u011f\u0131z.<br \/>\nSize ra\u011fmen\u2026<\/p>\n<!-- Error, Advert is not available at this time due to schedule\/geolocation restrictions! -->\n","protected":false},"excerpt":{"rendered":"<p>Ba\u015fbakan Recep Tayyip Erdo\u011fan&#8217;\u0131n k\u0131zl\u0131 erkekli \u00f6\u011frenci evlerine m\u00fcdahale edilece\u011fini a\u00e7\u0131klamas\u0131yla ilgili olarak Cumhuriyet gazetesi yazar\u0131 Can D\u00fcndar&#8217;\u0131n kaleme ald\u0131\u011f\u0131 yaz\u0131;<\/p>\n","protected":false},"author":4,"featured_media":176615,"comment_status":"open","ping_status":"open","sticky":false,"template":"","format":"standard","meta":{"_acf_changed":false,"footnotes":""},"categories":[6155,5005,6667,6202,6805],"tags":[3888,13755,32322,32323,145954,145798,787],"class_list":["post-152204","post","type-post","status-publish","format-standard","has-post-thumbnail","hentry","category-gundem","category-manset","category-medya","category-politika","category-turkiye","tag-basbakan-erdogan","tag-can-dundar","tag-cumhuriyet","tag-cumhuriyet-gazetesi","tag-kizli-erkekli","tag-kizli-erkekli-ogrenci-evi","tag-recep-tayyip-erdogan"],"acf":[],"_links":{"self":[{"href":"https:\/\/www.nationalturk.com\/tr\/wp-json\/wp\/v2\/posts\/152204","targetHints":{"allow":["GET"]}}],"collection":[{"href":"https:\/\/www.nationalturk.com\/tr\/wp-json\/wp\/v2\/posts"}],"about":[{"href":"https:\/\/www.nationalturk.com\/tr\/wp-json\/wp\/v2\/types\/post"}],"author":[{"embeddable":true,"href":"https:\/\/www.nationalturk.com\/tr\/wp-json\/wp\/v2\/users\/4"}],"replies":[{"embeddable":true,"href":"https:\/\/www.nationalturk.com\/tr\/wp-json\/wp\/v2\/comments?post=152204"}],"version-history":[{"count":0,"href":"https:\/\/www.nationalturk.com\/tr\/wp-json\/wp\/v2\/posts\/152204\/revisions"}],"wp:featuredmedia":[{"embeddable":true,"href":"https:\/\/www.nationalturk.com\/tr\/wp-json\/wp\/v2\/media\/176615"}],"wp:attachment":[{"href":"https:\/\/www.nationalturk.com\/tr\/wp-json\/wp\/v2\/media?parent=152204"}],"wp:term":[{"taxonomy":"category","embeddable":true,"href":"https:\/\/www.nationalturk.com\/tr\/wp-json\/wp\/v2\/categories?post=152204"},{"taxonomy":"post_tag","embeddable":true,"href":"https:\/\/www.nationalturk.com\/tr\/wp-json\/wp\/v2\/tags?post=152204"}],"curies":[{"name":"wp","href":"https:\/\/api.w.org\/{rel}","templated":true}]}}