{"id":152218,"date":"2013-11-09T14:37:39","date_gmt":"2013-11-09T12:37:39","guid":{"rendered":"http:\/\/www.nationalturk.com\/?p=152218"},"modified":"2013-11-09T14:37:39","modified_gmt":"2013-11-09T12:37:39","slug":"mustafa-sarigul-40-bin-kisiyle-geldi-istanbulun-anahtarini-getirecegiz-video-152218","status":"publish","type":"post","link":"https:\/\/www.nationalturk.com\/tr\/mustafa-sarigul-40-bin-kisiyle-geldi-istanbulun-anahtarini-getirecegiz-video-152218\/","title":{"rendered":"Mustafa Sar\u0131g\u00fcl 40 bin ki\u015fiyle geldi! &#8220;\u0130stanbul&#8217;un anahtar\u0131n\u0131 getirece\u011fiz&#8221; (Video)"},"content":{"rendered":"<p><img loading=\"lazy\" decoding=\"async\" class=\"alignnone size-large wp-image-152220\" alt=\"Mustafa Sar\u0131g\u00fcl Kemal K\u0131l\u0131\u00e7daro\u011flu\" src=\"http:\/\/www.nationalturk.com\/tr\/wp-content\/uploads\/2013\/11\/mustafa_sarigul_kilicdaroglu_2847222-e1384000543829-610x343.jpg\" width=\"610\" height=\"343\" title=\"\" srcset=\"https:\/\/www.nationalturk.com\/tr\/wp-content\/uploads\/2013\/11\/mustafa_sarigul_kilicdaroglu_2847222-e1384000543829-610x343.jpg 610w, https:\/\/www.nationalturk.com\/tr\/wp-content\/uploads\/2013\/11\/mustafa_sarigul_kilicdaroglu_2847222-e1384000543829-280x157.jpg 280w, https:\/\/www.nationalturk.com\/tr\/wp-content\/uploads\/2013\/11\/mustafa_sarigul_kilicdaroglu_2847222-e1384000543829.jpg 1134w\" sizes=\"auto, (max-width: 610px) 100vw, 610px\" \/><\/p>\n<h1>\u015ei\u015fli Belediye Ba\u015fkan\u0131 Mustafa Sar\u0131g\u00fcl, CHP \u00fcye kimlik kart\u0131n\u0131 Genel Ba\u015fkan Kemal K\u0131l\u0131\u00e7daro\u011flu&#8217;ndan miting havas\u0131nda ge\u00e7en t\u00f6renle ald\u0131.\u00a0Mustafa Sar\u0131g\u00fcl 40 bin ki\u015fiyle geldi! &#8220;\u0130stanbul&#8217;un anahtar\u0131n\u0131 getirece\u011fiz&#8221; (Video)<\/h1>\n<p>CHP Genel Ba\u015fkan\u0131 Kemal K\u0131l\u0131\u00e7daro\u011flu&#8217;ndan parti \u00fcye kimlik kart\u0131n\u0131 alan \u015ei\u015fli Belediye Ba\u015fkan\u0131 Mustafa Sar\u0131g\u00fcl, &#8220;Bu demokratik bulu\u015fma, T\u00fcrkiye demokrasi tarihinde \u00e7ok \u00f6nemli bir s\u00fcreci ba\u015flatm\u0131\u015ft\u0131r&#8221; dedi.<\/p>\n<p>Mustafa Sar\u0131g\u00fcl kart\u0131n\u0131 almadan \u00f6nce t\u00f6ren alan\u0131nda yaln\u0131zca 4 dakika konu\u015ftu.<\/p>\n<p>Sar\u0131g\u00fcl k\u0131sa konu\u015fmas\u0131nda \u015funlar\u0131 s\u00f6yledi:<\/p>\n<p>&#8220;Bar\u0131\u015f i\u00e7in \u00f6zg\u00fcrl\u00fck i\u00e7in demokrasi i\u00e7in T\u00fcrkiye\u2019mizin her noktas\u0131nda \u0130stanbullumuzdan bu g\u00fczel g\u00fcn\u00fc onurland\u0131ran \u015fereflendiren b\u00fct\u00fcn yurtta\u015flar\u0131m\u0131 hi\u00e7bir siyasi parti g\u00f6zetmeden Genel Ba\u015fkan\u0131m\u0131z\u0131 Say\u0131n K\u0131l\u0131\u00e7daro\u011flu ile birlikte sayg\u0131yla sevgiyle selaml\u0131yorum. \u00a0Bu b\u00fcy\u00fck demokratik bulu\u015fmaya ho\u015fgeldiniz. \u00a0G\u00fcn birlik g\u00fcn\u00fc g\u00fcn el ele kol kola omuz omuza olma g\u00fcn\u00fc\u2026\u00a0Bu \u00f6nemli ayda bu muharrem ay\u0131nda rabbim bizi burada bulu\u015fturdu. Tutmu\u015f oldu\u011funuz oru\u00e7lar\u0131 Allah\u2019\u0131n makbul eylesin. Genel Ba\u015fkan\u0131m\u0131z\u0131 Say\u0131n K\u0131l\u0131\u00e7daro\u011flu ile birlikte diyoruz ki Ramazan ay\u0131 da bizi muharrem ay\u0131 da bizim. Ba\u015f\u0131 a\u00e7\u0131k olan karde\u015fimiz de bizim ba\u015f\u0131 kapal\u0131 olan da bizim.<\/p>\n<p>Genel Ba\u015fkan\u0131m\u0131z\u0131n oldu\u011fu yerde bizim fazla konu\u015fmamam\u0131z do\u011fru de\u011fil. \u00a0Art\u0131k muhalefetteki son g\u00fcnlerimiz. \u0130stanbul\u2019un anahtar\u0131n\u0131 genel ba\u015fkana getirece\u011fim. \u00a0Yolunuz a\u00e7\u0131k olsun Allah\u2019\u0131m hepimizi korusun \u0131\u015f\u0131\u011f\u0131n\u0131z bol olsun.&#8221;<\/p>\n[media id=2189 width=610 height=340]\n<p>Sar\u0131g\u00fcl, parti genel merkezinden ayr\u0131l\u0131rken gazetecilere a\u00e7\u0131klamalarda bulundu, sorular\u0131 yan\u0131tlad\u0131.<\/p>\n<p>Bug\u00fcn yeni bir sayfa a\u00e7\u0131ld\u0131\u011f\u0131n\u0131, bug\u00fcn\u00fcn birlik beraberlik g\u00fcn\u00fc oldu\u011funu ifade eden Sar\u0131g\u00fcl, &#8220;Bug\u00fcn inan\u00e7lara sayg\u0131l\u0131 olma, laikli\u011fi koruma g\u00fcn\u00fc. Bug\u00fcn \u00f6rflerimizi, t\u00f6relerimizi, geleneklerimizi koruma g\u00fcn\u00fc. Bug\u00fcn MHP&#8217;li, DSP&#8217;li, Anavatan Partili, DYP&#8217;li, CHP&#8217;li, BDP&#8217;li b\u00fct\u00fcn yurtta\u015flar\u0131m\u0131zla beraber olma g\u00fcn\u00fc. Bug\u00fcn AK Parti&#8217;ye oy vermi\u015f yurtta\u015flar\u0131m\u0131z i\u00e7in de ger\u00e7ekten demokrasi ad\u0131na \u00e7ok g\u00fczel bir g\u00fcn. Ben inan\u0131yorum ki demokrasi ad\u0131na, \u00f6zg\u00fcrl\u00fckler ad\u0131na, \u00e7ocuklar\u0131m\u0131z\u0131n gelece\u011fi ad\u0131na, \u00e7ocuklar\u0131m\u0131z\u0131n mutlu olmas\u0131 ad\u0131na AK Parti&#8217;ye oy veren yurtta\u015flar\u0131m\u0131z da bug\u00fcn \u00e7ok mutlulard\u0131r. \u00c7\u00fcnk\u00fc bug\u00fcn yeni bir g\u00fcn ba\u015flad\u0131. Bu demokratik bulu\u015fma, T\u00fcrkiye demokrasi tarihinde \u00e7ok \u00f6nemli bir s\u00fcreci ba\u015flatm\u0131\u015ft\u0131r&#8221; de\u011ferlendirmesinde bulundu.<\/p>\n<p>Bundan sonraki s\u00fcre\u00e7te \u00e7almad\u0131klar\u0131 kap\u0131 ve s\u0131kmad\u0131klar\u0131 elin kalmayaca\u011f\u0131n\u0131 belirten Sar\u0131g\u00fcl, &#8220;CHP Genel Merkezi&#8217;ne selam verip\u00a0selamlar\u0131 almaya geldik, bereketli sofralar\u0131 kurmaya geldik, b\u00fcy\u00fcklerimizin hay\u0131r duas\u0131n\u0131 almaya geldik&#8221; ifadelerini kulland\u0131.<\/p>\n<p>CHP&#8217;nin muhalefetteki son g\u00fcnleri oldu\u011funu da iddia eden Sar\u0131g\u00fcl, &#8220;Bug\u00fcn Ankara&#8217;daki \u0131\u015f\u0131\u011f\u0131, yurtta\u015flar\u0131m\u0131z\u0131n g\u00f6zlerinin i\u00e7indeki \u0131\u015f\u0131\u011f\u0131 ben\u00a0g\u00f6rd\u00fcm. Ankara&#8217;dakiler konu\u015facaklar\u0131n\u0131 konu\u015ftular. Bundan sonra meydanlar konu\u015facak&#8221; dedi.<\/p>\n<p>&#8220;Genel Ba\u015fkan K\u0131l\u0131\u00e7daro\u011flu ile \u0130stanbul B\u00fcy\u00fck\u015fehir Belediye Ba\u015fkanl\u0131\u011f\u0131 i\u00e7in g\u00f6r\u00fc\u015fme oldu mu&#8221; y\u00f6n\u00fcndeki soruya Sar\u0131g\u00fcl, kendisinin ve arkada\u015flar\u0131n\u0131n koltuk pe\u015finde ko\u015fmayaca\u011f\u0131n\u0131 s\u00f6yledi. K\u0131l\u0131\u00e7daro\u011flu ile hi\u00e7bir siyasi g\u00f6r\u00fc\u015fmelerinin olmad\u0131\u011f\u0131n\u0131 vurgulayan Sar\u0131g\u00fcl, &#8220;Say\u0131n Genel Ba\u015fkan\u0131m\u0131zla yapt\u0131\u011f\u0131m\u0131z g\u00f6r\u00fc\u015fme, \u00fclkemizin mutlulu\u011fudur. T\u00fcrkiye Cumhuriyeti&#8217;nin demokratik ve medeni \u00fclkeler seviyesine \u00e7\u0131kmas\u0131d\u0131r. Say\u0131n Genel Ba\u015fkan\u0131m\u0131zla yapt\u0131\u011f\u0131m\u0131z, uzun y\u0131llardan beri iktidar olamayan sosyal demokaratlar\u0131n iktidar olmas\u0131d\u0131r. Onun d\u0131\u015f\u0131nda Say\u0131n Genel Ba\u015fkan\u0131m\u0131zla bireysel bir konu\u015fma, bir adayl\u0131k konu\u015fma yapmad\u0131k&#8221; dedi.<\/p>\n<p>&#8211; &#8220;O ulu \u00e7\u0131nar\u0131n yan dallar\u0131ndan sadece biriyim&#8221;<\/p>\n<p>Genel Ba\u015fkan Yard\u0131mc\u0131s\u0131 G\u00fcrsel Tekin&#8217;in bug\u00fcn \u0130stanbul&#8217;da aday adayl\u0131\u011f\u0131n\u0131 a\u00e7\u0131klayaca\u011f\u0131n\u0131n hat\u0131rlat\u0131larak, &#8220;Sizden de<br \/>\nyak\u0131n zamanda b\u00f6yle bir a\u00e7\u0131klama duyabilecek miyiz&#8221; sorusu \u00fczerine Sar\u0131g\u00fcl, \u015funlar\u0131 kaydetti:<\/p>\n<p>&#8220;CHP 90 y\u0131ll\u0131k bir \u00e7\u0131nar. O ulu \u00e7\u0131nar\u0131n yan dallar\u0131 var. Ben o yan dallar\u0131ndan sadece bir tanesiyim. Ben bu okulun talebisiyim. Partili\u00a0yurtta\u015flar\u0131m bana hangi g\u00f6revi veririse \u0130stanbul&#8217;daki, T\u00fcrkiye&#8217;deki yurtta\u015flar\u0131m neyi takdir ederse Rabbim de neye izin verirse ben\u00a0bismillah diyerek o yolda ilerlerim.&#8221;<\/p>\n<!-- Error, Advert is not available at this time due to schedule\/geolocation restrictions! -->\n","protected":false},"excerpt":{"rendered":"<p>\u015ei\u015fli Belediye Ba\u015fkan\u0131 Mustafa Sar\u0131g\u00fcl, CHP \u00fcye kimlik kart\u0131n\u0131 Genel Ba\u015fkan Kemal K\u0131l\u0131\u00e7daro\u011flu&#8217;ndan miting havas\u0131nda ge\u00e7en t\u00f6renle ald\u0131. Mustafa Sar\u0131g\u00fcl 40 bin ki\u015fiyle geldi! &#8220;\u0130stanbul&#8217;un anahtar\u0131n\u0131 getirece\u011fiz&#8221; (Video)<\/p>\n","protected":false},"author":4,"featured_media":176614,"comment_status":"open","ping_status":"open","sticky":false,"template":"","format":"standard","meta":{"_acf_changed":false,"footnotes":""},"categories":[6155,5005,6202,349,6805,342],"tags":[8723,5115,2266,25960],"class_list":["post-152218","post","type-post","status-publish","format-standard","has-post-thumbnail","hentry","category-gundem","category-manset","category-politika","category-son-dakika","category-turkiye","category-video","tag-chp","tag-kemal-kilicdaroglu","tag-mustafa-sarigul","tag-mustafa-sarigul-chp"],"acf":[],"_links":{"self":[{"href":"https:\/\/www.nationalturk.com\/tr\/wp-json\/wp\/v2\/posts\/152218","targetHints":{"allow":["GET"]}}],"collection":[{"href":"https:\/\/www.nationalturk.com\/tr\/wp-json\/wp\/v2\/posts"}],"about":[{"href":"https:\/\/www.nationalturk.com\/tr\/wp-json\/wp\/v2\/types\/post"}],"author":[{"embeddable":true,"href":"https:\/\/www.nationalturk.com\/tr\/wp-json\/wp\/v2\/users\/4"}],"replies":[{"embeddable":true,"href":"https:\/\/www.nationalturk.com\/tr\/wp-json\/wp\/v2\/comments?post=152218"}],"version-history":[{"count":0,"href":"https:\/\/www.nationalturk.com\/tr\/wp-json\/wp\/v2\/posts\/152218\/revisions"}],"wp:featuredmedia":[{"embeddable":true,"href":"https:\/\/www.nationalturk.com\/tr\/wp-json\/wp\/v2\/media\/176614"}],"wp:attachment":[{"href":"https:\/\/www.nationalturk.com\/tr\/wp-json\/wp\/v2\/media?parent=152218"}],"wp:term":[{"taxonomy":"category","embeddable":true,"href":"https:\/\/www.nationalturk.com\/tr\/wp-json\/wp\/v2\/categories?post=152218"},{"taxonomy":"post_tag","embeddable":true,"href":"https:\/\/www.nationalturk.com\/tr\/wp-json\/wp\/v2\/tags?post=152218"}],"curies":[{"name":"wp","href":"https:\/\/api.w.org\/{rel}","templated":true}]}}