{"id":152544,"date":"2013-11-13T14:01:55","date_gmt":"2013-11-13T12:01:55","guid":{"rendered":"http:\/\/www.nationalturk.com\/?p=152544"},"modified":"2013-11-13T14:01:55","modified_gmt":"2013-11-13T12:01:55","slug":"son-dakika-berkin-elvan-ameliyattan-cikti-152544","status":"publish","type":"post","link":"https:\/\/www.nationalturk.com\/tr\/son-dakika-berkin-elvan-ameliyattan-cikti-152544\/","title":{"rendered":"Son Dakika: Berkin Elvan ameliyattan \u00e7\u0131kt\u0131"},"content":{"rendered":"<p><img loading=\"lazy\" decoding=\"async\" class=\"alignnone size-full wp-image-152545\" alt=\"Berkin Elvan\" src=\"http:\/\/www.nationalturk.com\/tr\/wp-content\/uploads\/2013\/11\/berkin_elvan_2983472.jpg\" width=\"610\" height=\"320\" title=\"\"><\/p>\n<h1>Gezi Park\u0131 olaylar\u0131 s\u0131ras\u0131nda Okmeydan\u0131&#8217;ndaki evinden ekmek almak i\u00e7in \u00e7\u0131kan ve polisin att\u0131\u011f\u0131 biber gaz\u0131yla ba\u015f\u0131ndan yaralanan 14 ya\u015f\u0131ndaki Berkin Elvan 4. ameliyat\u0131ndan \u00e7\u0131kt\u0131. Berkin Elvan 5 ayd\u0131r komadayd\u0131.\u00a0Son Dakika: Berkin Elvan ameliyattan \u00e7\u0131kt\u0131&#8230;<\/h1>\n<p>16 Haziran&#8217;da polisin att\u0131\u011f\u0131 gaz bombas\u0131yla a\u011f\u0131r yaralan\u0131p komaya giren Berkin Elvan d\u00f6rd\u00fcnc\u00fc kez ameliyat edildi. Sabah saatlerinde ba\u015flayan ameliyatta Berkin Elvan&#8217;\u0131n kafas\u0131nda biriken s\u0131v\u0131n\u0131n bo\u015falt\u0131lmas\u0131 i\u00e7in \u201c\u015fant\u201d tak\u0131ld\u0131. soL\u2019a konu\u015fan baba Sami Elvan, doktorlar\u0131n ameliyat sonras\u0131 a\u00e7\u0131klama yapmas\u0131n\u0131 beklediklerini kaydetti.<\/p>\n<p>150 g\u00fcn\u00fc a\u015fk\u0131n s\u00fcredir komada olan Berkin, 16 Haziran g\u00fcn\u00fc ge\u00e7irdi\u011fi iki ameliyat\u0131n ard\u0131ndan, 8 Kas\u0131m\u2019da bir operasyon daha ge\u00e7irdi. Ge\u00e7en hafta ve bug\u00fcn \u00e7ekilen tomografi sonu\u00e7lar\u0131n\u0131 de\u011ferlendiren doktorlar\u0131, Berkin\u2019in bu sabah ameliyat ettiler.<\/p>\n<!-- Error, Advert is not available at this time due to schedule\/geolocation restrictions! -->\n","protected":false},"excerpt":{"rendered":"<p>Gezi Park\u0131 olaylar\u0131 s\u0131ras\u0131nda Okmeydan\u0131&#8217;ndaki evinden ekmek almak i\u00e7in \u00e7\u0131kan ve polisin att\u0131\u011f\u0131 biber gaz\u0131yla ba\u015f\u0131ndan yaralanan 14 ya\u015f\u0131ndaki Berkin Elvan 4. ameliyat\u0131ndan \u00e7\u0131kt\u0131. Berkin Elvan 5 ayd\u0131r komadayd\u0131. Son Dakika: Berkin Elvan ameliyattan \u00e7\u0131kt\u0131&#8230;<\/p>\n","protected":false},"author":4,"featured_media":152545,"comment_status":"open","ping_status":"open","sticky":false,"template":"","format":"standard","meta":{"_acf_changed":false,"footnotes":""},"categories":[6155,5005,6202,349,6805],"tags":[139541,92829,131226,47687,146282],"class_list":["post-152544","post","type-post","status-publish","format-standard","has-post-thumbnail","hentry","category-gundem","category-manset","category-politika","category-son-dakika","category-turkiye","tag-berkin-elvan","tag-gezi-parki","tag-gezi-parki-olaylari","tag-okmeydani","tag-son-dakika-berkin-elvan"],"acf":[],"_links":{"self":[{"href":"https:\/\/www.nationalturk.com\/tr\/wp-json\/wp\/v2\/posts\/152544","targetHints":{"allow":["GET"]}}],"collection":[{"href":"https:\/\/www.nationalturk.com\/tr\/wp-json\/wp\/v2\/posts"}],"about":[{"href":"https:\/\/www.nationalturk.com\/tr\/wp-json\/wp\/v2\/types\/post"}],"author":[{"embeddable":true,"href":"https:\/\/www.nationalturk.com\/tr\/wp-json\/wp\/v2\/users\/4"}],"replies":[{"embeddable":true,"href":"https:\/\/www.nationalturk.com\/tr\/wp-json\/wp\/v2\/comments?post=152544"}],"version-history":[{"count":0,"href":"https:\/\/www.nationalturk.com\/tr\/wp-json\/wp\/v2\/posts\/152544\/revisions"}],"wp:featuredmedia":[{"embeddable":true,"href":"https:\/\/www.nationalturk.com\/tr\/wp-json\/wp\/v2\/media\/152545"}],"wp:attachment":[{"href":"https:\/\/www.nationalturk.com\/tr\/wp-json\/wp\/v2\/media?parent=152544"}],"wp:term":[{"taxonomy":"category","embeddable":true,"href":"https:\/\/www.nationalturk.com\/tr\/wp-json\/wp\/v2\/categories?post=152544"},{"taxonomy":"post_tag","embeddable":true,"href":"https:\/\/www.nationalturk.com\/tr\/wp-json\/wp\/v2\/tags?post=152544"}],"curies":[{"name":"wp","href":"https:\/\/api.w.org\/{rel}","templated":true}]}}