{"id":152551,"date":"2013-11-13T15:17:16","date_gmt":"2013-11-13T13:17:16","guid":{"rendered":"http:\/\/www.nationalturk.com\/?p=152551"},"modified":"2013-11-13T15:17:16","modified_gmt":"2013-11-13T13:17:16","slug":"alasehirde-motosiklet-kazasi-2-olu-152551","status":"publish","type":"post","link":"https:\/\/www.nationalturk.com\/tr\/alasehirde-motosiklet-kazasi-2-olu-152551\/","title":{"rendered":"Ala\u015fehir&#8217;de motosiklet kazas\u0131: 2 \u00f6l\u00fc"},"content":{"rendered":"<h1><img loading=\"lazy\" decoding=\"async\" class=\"alignleft size-medium wp-image-152552\" alt=\"\" src=\"http:\/\/www.nationalturk.com\/tr\/wp-content\/uploads\/2013\/11\/trafik_canavari1-220x220.jpg\" width=\"220\" height=\"220\" title=\"\" srcset=\"https:\/\/www.nationalturk.com\/tr\/wp-content\/uploads\/2013\/11\/trafik_canavari1-220x220.jpg 220w, https:\/\/www.nationalturk.com\/tr\/wp-content\/uploads\/2013\/11\/trafik_canavari1-50x50.jpg 50w, https:\/\/www.nationalturk.com\/tr\/wp-content\/uploads\/2013\/11\/trafik_canavari1-400x400.jpg 400w, https:\/\/www.nationalturk.com\/tr\/wp-content\/uploads\/2013\/11\/trafik_canavari1.jpg 500w\" sizes=\"auto, (max-width: 220px) 100vw, 220px\" \/><\/h1>\n<h1>Manisa&#8217;n\u0131n Ala\u015fehir il\u00e7esinde u\u00e7uruma yuvarlanan motosiklette bulunan Hikmet Zeybek ve Sultan Zeybek adl\u0131 \u015fah\u0131slar hayat\u0131n\u0131 kaybetti.<\/h1>\n<p>Al\u0131nan bilgilere g\u00f6re Manisa&#8217;n\u0131n\u00a0Ala\u015fehir il\u00e7esine ba\u011fl\u0131 So\u011fukyurt k\u00f6y\u00fcnde Hikmet Zeybek (65) idaresindeki 45 Z 1828 plakal\u0131 sepetli motosiklet, Karak\u00f6se mevkinde yoldan \u00e7\u0131karak u\u00e7uruma yuvarland\u0131.\u00a0Kazada motosikletteki s\u00fcr\u00fcc\u00fc Hikmet Zeybek (65) ile e\u015fi Sultan Zeybek (60) hayat\u0131n\u0131 kaybetti.<\/p>\n<p>Ala\u015fehir Devlet Hastanesi morguna kald\u0131r\u0131lan \u00e7iftin cenazeleri daha sonra otopsi i\u00e7in \u0130zmir Adli T\u0131p Kurumu&#8217;na g\u00f6nderildi.<\/p>\n<!-- Error, Advert is not available at this time due to schedule\/geolocation restrictions! -->\n","protected":false},"excerpt":{"rendered":"<p>Manisa&#8217;n\u0131n Ala\u015fehir il\u00e7esinde u\u00e7uruma yuvarlanan motosiklette bulunan Hikmet Zeybek ve Sultan Zeybek adl\u0131 \u015fah\u0131slar hayat\u0131n\u0131 kaybetti.<\/p>\n","protected":false},"author":4,"featured_media":176561,"comment_status":"open","ping_status":"open","sticky":false,"template":"","format":"standard","meta":{"_acf_changed":false,"footnotes":""},"categories":[6155,349,6805],"tags":[20924,146290,3144,77646],"class_list":["post-152551","post","type-post","status-publish","format-standard","has-post-thumbnail","hentry","category-gundem","category-son-dakika","category-turkiye","tag-alasehir","tag-alasehir-kaza","tag-manisa","tag-manisa-trafik-kazasi"],"acf":[],"_links":{"self":[{"href":"https:\/\/www.nationalturk.com\/tr\/wp-json\/wp\/v2\/posts\/152551","targetHints":{"allow":["GET"]}}],"collection":[{"href":"https:\/\/www.nationalturk.com\/tr\/wp-json\/wp\/v2\/posts"}],"about":[{"href":"https:\/\/www.nationalturk.com\/tr\/wp-json\/wp\/v2\/types\/post"}],"author":[{"embeddable":true,"href":"https:\/\/www.nationalturk.com\/tr\/wp-json\/wp\/v2\/users\/4"}],"replies":[{"embeddable":true,"href":"https:\/\/www.nationalturk.com\/tr\/wp-json\/wp\/v2\/comments?post=152551"}],"version-history":[{"count":0,"href":"https:\/\/www.nationalturk.com\/tr\/wp-json\/wp\/v2\/posts\/152551\/revisions"}],"wp:featuredmedia":[{"embeddable":true,"href":"https:\/\/www.nationalturk.com\/tr\/wp-json\/wp\/v2\/media\/176561"}],"wp:attachment":[{"href":"https:\/\/www.nationalturk.com\/tr\/wp-json\/wp\/v2\/media?parent=152551"}],"wp:term":[{"taxonomy":"category","embeddable":true,"href":"https:\/\/www.nationalturk.com\/tr\/wp-json\/wp\/v2\/categories?post=152551"},{"taxonomy":"post_tag","embeddable":true,"href":"https:\/\/www.nationalturk.com\/tr\/wp-json\/wp\/v2\/tags?post=152551"}],"curies":[{"name":"wp","href":"https:\/\/api.w.org\/{rel}","templated":true}]}}