{"id":152654,"date":"2013-11-14T17:28:27","date_gmt":"2013-11-14T15:28:27","guid":{"rendered":"http:\/\/www.nationalturk.com\/?p=152654"},"modified":"2013-11-14T17:28:27","modified_gmt":"2013-11-14T15:28:27","slug":"besiktas-in-eski-kalecisi-fevzi-tutuklandi-ve-cezaevine-goturuldu-152654","status":"publish","type":"post","link":"https:\/\/www.nationalturk.com\/tr\/besiktas-in-eski-kalecisi-fevzi-tutuklandi-ve-cezaevine-goturuldu-152654\/","title":{"rendered":"Be\u015fikta\u015f&#8217;\u0131n eski kalecisi Fevzi tutukland\u0131 ve cezaevine g\u00f6t\u00fcr\u00fcld\u00fc!.."},"content":{"rendered":"<h1><a href=\"http:\/\/www.nationalturk.com\/tr\/wp-content\/uploads\/2013\/11\/besiktas-in-eski-kalecisi-fevzi-tutuklandi-ve-cezaevine-goturuldu-nationalturk-1.jpg\"><img loading=\"lazy\" decoding=\"async\" class=\"alignnone size-full wp-image-152655\" alt=\"besiktas-in-eski-kalecisi-fevzi-tutuklandi-ve-cezaevine-goturuldu-nationalturk-1\" src=\"http:\/\/www.nationalturk.com\/tr\/wp-content\/uploads\/2013\/11\/besiktas-in-eski-kalecisi-fevzi-tutuklandi-ve-cezaevine-goturuldu-nationalturk-1.jpg\" width=\"620\" height=\"300\" title=\"\" srcset=\"https:\/\/www.nationalturk.com\/tr\/wp-content\/uploads\/2013\/11\/besiktas-in-eski-kalecisi-fevzi-tutuklandi-ve-cezaevine-goturuldu-nationalturk-1.jpg 620w, https:\/\/www.nationalturk.com\/tr\/wp-content\/uploads\/2013\/11\/besiktas-in-eski-kalecisi-fevzi-tutuklandi-ve-cezaevine-goturuldu-nationalturk-1-280x135.jpg 280w, https:\/\/www.nationalturk.com\/tr\/wp-content\/uploads\/2013\/11\/besiktas-in-eski-kalecisi-fevzi-tutuklandi-ve-cezaevine-goturuldu-nationalturk-1-610x295.jpg 610w\" sizes=\"auto, (max-width: 620px) 100vw, 620px\" \/><\/a><\/h1>\n<h1>Be\u015fikta\u015f&#8217;\u0131n eski kalecisi Fevzi tutukland\u0131 ve cezaevine g\u00f6t\u00fcr\u00fcld\u00fc!.. 6 sezon boyunca Be\u015fikta\u015f&#8217;\u0131n kalesini koruyan Fevzi Tuncay tutukland\u0131 ve cezaevine g\u00f6t\u00fcr\u00fcld\u00fc.<\/h1>\n<p>Be\u015fikta\u015fl\u0131 eski milli kaleci Fevzi Tuncay, bo\u015fand\u0131\u011f\u0131 Eylem \u00c7ukuryurt&#8217;a nafaka ve bo\u015fanma tazminat\u0131 taksidini \u00f6deyemeyince, hakk\u0131nda verilen 3 ay hapis cezas\u0131 nedeniyle \u0130zmir&#8217;de polise teslim oldu. Ntvspor&#8217;un haberine g\u00f6re,\u00a0Fevzi Tuncay, 7 y\u0131l \u00f6nce bo\u015fand\u0131\u011f\u0131 Eylem \u00c7ukuryurt&#8217;un a\u00e7t\u0131\u011f\u0131 davada, nafaka ve bo\u015fanma tazminatlar\u0131n\u0131n taksitlerini \u00f6deyemeyince, Fethiye \u0130cra Mahkemesi hakk\u0131nda 3 ay hapis karar\u0131 verdi. \u0130zmir&#8217;de bulunan Fevzi Tuncay, Adliye Karakolu&#8217;na giderek teslim oldu.<\/p>\n<p>Be\u015fikta\u015fl\u0131 eski milli kaleci Fevzi Tuncay, cezaevine g\u00f6t\u00fcr\u00fclmeden \u00f6nce gazetecilere yapt\u0131\u011f\u0131 a\u00e7\u0131klamada, 2,5 y\u0131l evli kald\u0131\u011f\u0131 ve bir k\u0131z \u00e7ocuklar\u0131 olan Eylem \u00c7ukuryurt&#8217;la 7 sene \u00f6nce bo\u015fand\u0131\u011f\u0131n\u0131, mahkemenin belirledi\u011fi nafaka ve bo\u015fanma tazminat\u0131 taksitlerini bir s\u00fcre sonra \u00f6deyememeye ba\u015flad\u0131\u011f\u0131n\u0131 anlatt\u0131.<\/p>\n<p>Tuncay, ana paras\u0131 toplam 150 bin liray\u0131 bulan borcu i\u00e7in Fethiye \u0130cra Tetkik Mahkemesinin &#8216;3 ay tazyik hapsi&#8217;ne h\u00fckmederek, hakk\u0131nda yakalama karar\u0131 \u00e7\u0131kard\u0131\u011f\u0131n\u0131 s\u00f6yledi.\u00a0Nafaka ve bo\u015fanma tazminat\u0131 taksitlerini maddi olanaks\u0131zl\u0131klar nedeniyle \u00f6deyemedi\u011fini, 2 y\u0131ld\u0131r i\u015fsiz oldu\u011funu dile getiren Tuncay, &#8220;Arad\u0131\u011f\u0131m insanlar\u0131n hi\u00e7birinden yard\u0131m g\u00f6remedim&#8221; dedi.<\/p>\n<p>Tuncay, gazetecilerin &#8220;Kul\u00fcp sahip \u00e7\u0131kmad\u0131 m\u0131? sorusuna, &#8220;hay\u0131r&#8221; yan\u0131t\u0131n\u0131 verdi.\u00a0Haziran ay\u0131nda Be\u015fikta\u015f&#8217;\u0131n altyap\u0131s\u0131nda g\u00f6rev almas\u0131 konusunda kul\u00fcple g\u00f6r\u00fc\u015fmeler yapt\u0131\u011f\u0131n\u0131 hat\u0131rlatan Fevzi Tuncay, BJK Altyap\u0131 Sorumlusu Emrah Bayraktar&#8217;a durumunu anlatt\u0131\u011f\u0131nda &#8220;Biz bu durumu \u00e7\u00f6zemeyiz, kendiniz halledin&#8221; kar\u015f\u0131l\u0131\u011f\u0131n\u0131 ald\u0131\u011f\u0131n\u0131 s\u00f6yledi.\u00a0Tuncay, borcun kapanmas\u0131 durumunda cezaevinden \u00e7\u0131kabilece\u011fini s\u00f6zlerine ekledi.<\/p>\n<p>Tuncay&#8217;\u0131n, \u0130zmir Adliyesi Karakolu&#8217;ndaki i\u015flemlerinin ard\u0131ndan Buca Kapal\u0131 ve A\u00e7\u0131k Ceza \u0130nfaz Kurumu&#8217;na teslim edilece\u011fi \u00f6\u011frenildi.<\/p>\n<!-- Error, Advert is not available at this time due to schedule\/geolocation restrictions! -->\n","protected":false},"excerpt":{"rendered":"<p>Be\u015fikta\u015f&#8217;\u0131n eski kalecisi Fevzi tutukland\u0131 ve cezaevine g\u00f6t\u00fcr\u00fcld\u00fc!.. 6 sezon boyunca Be\u015fikta\u015f&#8217;\u0131n kalesini koruyan Fevzi Tuncay tutukland\u0131 ve cezaevine g\u00f6t\u00fcr\u00fcld\u00fc.<\/p>\n","protected":false},"author":28,"featured_media":152655,"comment_status":"open","ping_status":"open","sticky":false,"template":"","format":"standard","meta":{"_acf_changed":false,"footnotes":""},"categories":[6774,6155,5005,6667,6194],"tags":[1748,146442,146441],"class_list":["post-152654","post","type-post","status-publish","format-standard","has-post-thumbnail","hentry","category-futbol","category-gundem","category-manset","category-medya","category-spor","tag-besiktas","tag-fevzi","tag-fevzi-tuncay"],"acf":[],"_links":{"self":[{"href":"https:\/\/www.nationalturk.com\/tr\/wp-json\/wp\/v2\/posts\/152654","targetHints":{"allow":["GET"]}}],"collection":[{"href":"https:\/\/www.nationalturk.com\/tr\/wp-json\/wp\/v2\/posts"}],"about":[{"href":"https:\/\/www.nationalturk.com\/tr\/wp-json\/wp\/v2\/types\/post"}],"author":[{"embeddable":true,"href":"https:\/\/www.nationalturk.com\/tr\/wp-json\/wp\/v2\/users\/28"}],"replies":[{"embeddable":true,"href":"https:\/\/www.nationalturk.com\/tr\/wp-json\/wp\/v2\/comments?post=152654"}],"version-history":[{"count":0,"href":"https:\/\/www.nationalturk.com\/tr\/wp-json\/wp\/v2\/posts\/152654\/revisions"}],"wp:featuredmedia":[{"embeddable":true,"href":"https:\/\/www.nationalturk.com\/tr\/wp-json\/wp\/v2\/media\/152655"}],"wp:attachment":[{"href":"https:\/\/www.nationalturk.com\/tr\/wp-json\/wp\/v2\/media?parent=152654"}],"wp:term":[{"taxonomy":"category","embeddable":true,"href":"https:\/\/www.nationalturk.com\/tr\/wp-json\/wp\/v2\/categories?post=152654"},{"taxonomy":"post_tag","embeddable":true,"href":"https:\/\/www.nationalturk.com\/tr\/wp-json\/wp\/v2\/tags?post=152654"}],"curies":[{"name":"wp","href":"https:\/\/api.w.org\/{rel}","templated":true}]}}