{"id":152894,"date":"2013-11-18T12:18:17","date_gmt":"2013-11-18T10:18:17","guid":{"rendered":"http:\/\/www.nationalturk.com\/?p=152894"},"modified":"2015-03-28T15:56:32","modified_gmt":"2015-03-28T13:56:32","slug":"tataristanda-ucak-kazasi-sonrasi-yas-gunu-ilan-edildi-video-152894","status":"publish","type":"post","link":"https:\/\/www.nationalturk.com\/tr\/tataristanda-ucak-kazasi-sonrasi-yas-gunu-ilan-edildi-video-152894\/","title":{"rendered":"Tataristan&#8217;da u\u00e7ak kazas\u0131 sonras\u0131 yas g\u00fcn\u00fc ilan edildi (Video)"},"content":{"rendered":"<p><img loading=\"lazy\" decoding=\"async\" class=\"alignnone size-full wp-image-152895\" alt=\"Tataristan u\u00e7ak kazas\u0131\" src=\"http:\/\/www.nationalturk.com\/tr\/wp-content\/uploads\/2013\/11\/tataristan_kaza.jpg\" width=\"610\" height=\"360\" title=\"\"><\/p>\n<h1>Rusya&#8217;ya ba\u011fl\u0131 Tataristan Cumhuriyeti&#8217;nin ba\u015fkenti Kazan&#8217;da meydana gelen u\u00e7ak kazas\u0131n\u0131n ard\u0131ndan bug\u00fcn \u00fclke genelinde yas ilan edildi. \/\u00a0Tataristan&#8217;da u\u00e7ak kazas\u0131 sonras\u0131 yas g\u00fcn\u00fc ilan edildi (Video)<\/h1>\n<p>Ba\u015fta Tataristan Cumhurba\u015fkanl\u0131\u011f\u0131 K\u00f6\u015fk\u00fc olmak \u00fczere Tataristan&#8217;\u0131n t\u00fcm devlet kurumlar\u0131nda bayraklar yar\u0131ya indirildi. Binalar\u0131n giri\u015flerine as\u0131lan bayraklara ise siyah bant ba\u011fland\u0131. Radyo ve televizyonlar ile e\u011flence merkezlerinde e\u011flence programlar\u0131 iptal edildi. Kazan Uluslararas\u0131 Havaalan\u0131nda d\u00fcn 19.25 itibariyle t\u00fcm u\u00e7u\u015flara kapat\u0131lm\u0131\u015f durumda. Kazan&#8217;a gelecek olan u\u00e7aklar kom\u015fu cumhuriyetlerin ve Tataristan&#8217;\u0131n ba\u015fka havaalanlar\u0131na y\u00f6nlendiriliyor. U\u00e7u\u015flar\u0131n bug\u00fcn \u00f6\u011fleden sonra normale d\u00f6nmesi bekleniyor.<\/p>\n<h2>Tataristan&#8217;da u\u00e7ak kazas\u0131 \/ Karakutu bulundu<\/h2>\n<p>Tataristan Cumhuriyeti&#8217;nin ba\u015fkenti Kazan&#8217;da d\u00fcn meydana gelen u\u00e7ak kazas\u0131n\u0131n nedeninin belirlenmesini sa\u011flayacak karakutular\u0131n bulundu\u011fu a\u00e7\u0131kland\u0131.\u00a0Rusya Acil Durumlar Bakanl\u0131\u011f\u0131, iki karakutunun bulundu\u011funu duyurdu ancak kutular\u0131n ne durumda oldu\u011funa ili\u015fkin bilgi vermedi. Kazada \u00f6lenlerin kimliklerinin belirlenmesi i\u00e7in y\u00fcr\u00fct\u00fclen \u00e7al\u0131\u015fmalar\u0131n s\u00fcrd\u00fc\u011f\u00fc belirtildi.\u00a0Kazada hayat\u0131n\u0131 kaybedenlerin cenazeleri hen\u00fcz ailelere teslim edilmedi. Tataristan Sa\u011fl\u0131k Bakanl\u0131\u011f\u0131, psikolojik yard\u0131m i\u00e7in kaza kurbanlar\u0131n\u0131n yak\u0131nlar\u0131ndan 16 ki\u015finin kendilerini ba\u015fvurdu\u011funu a\u00e7\u0131klad\u0131. Bu ki\u015filerin Tataristan hastanelerinde olu\u015fturulan \u00f6zel birimlerde tedavi g\u00f6rd\u00fc\u011f\u00fc bildirildi.<\/p>\n<p>Bu arada, havaliman\u0131n\u0131n yak\u0131n\u0131nda kazada \u00f6lenlerin isimlerinin yaz\u0131l\u0131 oldu\u011fu bir k\u00f6\u015fe olu\u015fturuldu ve kazada hayat\u0131n\u0131 kaybedenlerin an\u0131s\u0131na buraya \u00e7i\u00e7ekler b\u0131rak\u0131ld\u0131.\u00a0\u00d6te yandan, \u00f6\u011flene kadar kapal\u0131 olaca\u011f\u0131 a\u00e7\u0131klanan Kazan Havaliman\u0131&#8217;n\u0131n 18.00&#8217;e kadar kapal\u0131 kalaca\u011f\u0131, u\u00e7aklar\u0131n Tataristan&#8217;\u0131n di\u011fer havalimanlar\u0131na y\u00f6nlendirildi\u011fi belirtildi.<\/p>\n<h3>Tataristan&#8217;da u\u00e7ak kazas\u0131 \/ Putin ve Medvedev&#8217;den ba\u015fsa\u011fl\u0131\u011f\u0131 mesaj\u0131<\/h3>\n<p>Rusya Devlet Ba\u015fkan\u0131 Vladimir Putin ve Ba\u015fbakan Dmitriy Medvedev, Tataristan&#8217;\u0131n ba\u015fkenti Kazan&#8217;da meydana gelen u\u00e7ak kazas\u0131nda \u00f6lenlerin yak\u0131nlar\u0131na ba\u015fsa\u011fl\u0131\u011f\u0131 diledi.<\/p>\n<p>Kremlin Bas\u0131n S\u00f6zc\u00fcs\u00fc Dmitriy Peskov, Putin&#8217;in u\u00e7ak kazas\u0131nda hayat\u0131n\u0131 kaybedenlerin yak\u0131nlar\u0131na en derin ba\u015fsa\u011fl\u0131\u011f\u0131 dileklerini iletti\u011fini s\u00f6yledi. Putin&#8217;in, kazayla ilgili soru\u015fturma komitesi kurularak, kendisine en k\u0131sa zamanda rapor verilmesini istedi\u011fini belirtti.\u00a0Ba\u015fbakanl\u0131k Bas\u0131n Dan\u0131\u015fman\u0131 Natalya Timakova da Medvedev&#8217;in kazada \u00f6lenlerin ailelerine ba\u015fsa\u011fl\u0131\u011f\u0131 diledi\u011fini kaydetti\u011fini, Ula\u015ft\u0131rma Bakan\u0131 Mihail Sakalov&#8217;u kazan\u0131n ayr\u0131nt\u0131l\u0131 raporunu haz\u0131rlamak \u00fczere g\u00f6revlendirdi\u011fini bildirdi.<\/p>\n<p>Acil Durumlar Bakanl\u0131\u011f\u0131, olay yerinde 350 ki\u015finin \u00e7al\u0131\u015ft\u0131\u011f\u0131n\u0131 a\u00e7\u0131klayarak, kazayla ilgili t\u00fcm detaylar\u0131n en k\u0131sa s\u00fcrede kamuoyuyla payla\u015f\u0131laca\u011f\u0131n\u0131 ifade etti.<\/p>\n<p>\u00d6te yandan kazada ya\u015fam\u0131n\u0131 yitirenlerin yak\u0131nlar\u0131na Sogaz sigorta \u015firketi taraf\u0131ndan 2 milyon ruble (yakla\u015f\u0131k 60 bin dolar ) \u00f6deme yap\u0131lacak. Kazan Devlet Fonu ise \u00f6lenlerin yak\u0131nlar\u0131na birer milyon ruble (30 bin dolar) da\u011f\u0131tacak.<\/p>\n<p>Tataristan Havayollar\u0131na ait U-363 nolu Moskova-Kazan seferini yapan Boeing-737 tipi u\u00e7ak, Kazan Havaliman\u0131&#8217;na ini\u015f yapt\u0131\u011f\u0131 s\u0131rada d\u00fc\u015fm\u00fc\u015f kazada 50 ki\u015fi hayat\u0131n\u0131 kaybetmi\u015fti.<\/p>\n<p>Kazada, Tataristan Cumhurba\u015fkan\u0131 R\u00fcstem Minnehanov&#8217;un o\u011flu ve Rus istihbarat servisinin Tataristan sorumlusu da \u00f6lm\u00fc\u015ft\u00fc.<\/p>\n<h4>Tataristan&#8217;da ulusal yas \/ Video;<\/h4>\n[media id=2201 width=610 height=340]\n<p>&nbsp;<\/p>\n","protected":false},"excerpt":{"rendered":"<p>Rusya&#8217;ya ba\u011fl\u0131 Tataristan Cumhuriyeti&#8217;nin ba\u015fkenti Kazan&#8217;da meydana gelen u\u00e7ak kazas\u0131n\u0131n ard\u0131ndan bug\u00fcn \u00fclke genelinde yas ilan edildi. \/ Tataristan&#8217;da u\u00e7ak kazas\u0131 sonras\u0131 yas g\u00fcn\u00fc ilan edildi (Video)<\/p>\n","protected":false},"author":4,"featured_media":152895,"comment_status":"open","ping_status":"open","sticky":false,"template":"","format":"standard","meta":{"_acf_changed":false,"footnotes":""},"categories":[6770,6665,6155,5005,349,342],"tags":[75086,143324],"class_list":["post-152894","post","type-post","status-publish","format-standard","has-post-thumbnail","hentry","category-avrupa","category-dunya","category-gundem","category-manset","category-son-dakika","category-video","tag-tataristan","tag-tataristan-kazan"],"acf":[],"_links":{"self":[{"href":"https:\/\/www.nationalturk.com\/tr\/wp-json\/wp\/v2\/posts\/152894","targetHints":{"allow":["GET"]}}],"collection":[{"href":"https:\/\/www.nationalturk.com\/tr\/wp-json\/wp\/v2\/posts"}],"about":[{"href":"https:\/\/www.nationalturk.com\/tr\/wp-json\/wp\/v2\/types\/post"}],"author":[{"embeddable":true,"href":"https:\/\/www.nationalturk.com\/tr\/wp-json\/wp\/v2\/users\/4"}],"replies":[{"embeddable":true,"href":"https:\/\/www.nationalturk.com\/tr\/wp-json\/wp\/v2\/comments?post=152894"}],"version-history":[{"count":0,"href":"https:\/\/www.nationalturk.com\/tr\/wp-json\/wp\/v2\/posts\/152894\/revisions"}],"wp:featuredmedia":[{"embeddable":true,"href":"https:\/\/www.nationalturk.com\/tr\/wp-json\/wp\/v2\/media\/152895"}],"wp:attachment":[{"href":"https:\/\/www.nationalturk.com\/tr\/wp-json\/wp\/v2\/media?parent=152894"}],"wp:term":[{"taxonomy":"category","embeddable":true,"href":"https:\/\/www.nationalturk.com\/tr\/wp-json\/wp\/v2\/categories?post=152894"},{"taxonomy":"post_tag","embeddable":true,"href":"https:\/\/www.nationalturk.com\/tr\/wp-json\/wp\/v2\/tags?post=152894"}],"curies":[{"name":"wp","href":"https:\/\/api.w.org\/{rel}","templated":true}]}}