{"id":153042,"date":"2013-11-20T11:46:06","date_gmt":"2013-11-20T09:46:06","guid":{"rendered":"http:\/\/www.nationalturk.com\/?p=153042"},"modified":"2015-01-16T18:33:06","modified_gmt":"2015-01-16T16:33:06","slug":"yunanistan-kalimnos-adasi-24352","status":"publish","type":"post","link":"https:\/\/www.nationalturk.com\/tr\/yunanistan-kalimnos-adasi-24352\/","title":{"rendered":"Yunanistan&#8217;dan ba\u015fka bir durak: Kalimnos Adas\u0131"},"content":{"rendered":"<h1>K\u0131\u015f mevsimine yakla\u015f\u0131rken havalar\u0131n hala s\u0131cak olmas\u0131 tatilplan\u0131 yapanlar\u0131n seyahat tercihlerinin say\u0131s\u0131n\u0131 art\u0131r\u0131yor. Hem k\u0131sa s\u00fcrede ula\u015fabilece\u011finiz, bir hafta sonu i\u00e7in bile olsa dinlenebilece\u011finiz hem de k\u00fclt\u00fcr\u00fcn\u00fc, mutfa\u011f\u0131n\u0131 ve tarihini tan\u0131ma f\u0131rsat\u0131 yakalayaca\u011f\u0131n\u0131z bir durak: Yunanistan&#8217;daki Kalimnos Adas\u0131.<\/h1>\n<p><a href=\"http:\/\/www.nationalturk.com\/tr\/wp-content\/uploads\/2013\/11\/Kalimnos2.jpg\"><img loading=\"lazy\" decoding=\"async\" class=\"size-full wp-image-153047 alignleft\" alt=\"Kalimnos2\" src=\"http:\/\/www.nationalturk.com\/tr\/wp-content\/uploads\/2013\/11\/Kalimnos2.jpg\" width=\"300\" height=\"199\" title=\"\" srcset=\"https:\/\/www.nationalturk.com\/tr\/wp-content\/uploads\/2013\/11\/Kalimnos2.jpg 300w, https:\/\/www.nationalturk.com\/tr\/wp-content\/uploads\/2013\/11\/Kalimnos2-280x185.jpg 280w\" sizes=\"auto, (max-width: 300px) 100vw, 300px\" \/><\/a>Bilinen di\u011fer ismiyle Kilimli, Kalimnos adas\u0131 on iki adan\u0131n i\u00e7erisinde bulunmaktad\u0131r. Geli\u015fen bir turizm merkezi haline gelen adada, g\u00fczel y\u00fcr\u00fcy\u00fc\u015fler yapabilir, g\u00fczel vadiye gizlenen Vathi k\u00f6y\u00fcn\u00fc g\u00f6rebilir, plajlar\u0131 ke\u015ffedebilir ve Yunan e\u011flencesi ile mutfa\u011f\u0131n\u0131n tad\u0131n\u0131 \u00e7\u0131karabilirsiniz. Kalimnos adas\u0131nda gezilebilecek di\u011fer yerler Kalimnos Arkeoloji M\u00fczesi, Denizcilik m\u00fczesi ve Deniz D\u00fcnyas\u0131 M\u00fczesi.<\/p>\n<h2>TAR\u0130HTE KAL\u0130MNOS ADASI<\/h2>\n<p>Kalimnos adas\u0131 T\u00fcrkiye&#8217;nin bat\u0131 b\u00f6lgesinde bulunan on iki adadan biridir ve Kos Adas\u0131 ile Leros adas\u0131 aras\u0131nda bulunmaktad\u0131r. Ana liman Pothia \u00e7evresinde toplanan bir halk\u0131 ve s\u00fcnger sanayisi ile \u00fcnl\u00fcd\u00fcr. G\u00fcn\u00fcm\u00fczde turizm hareketleri artm\u0131\u015f olsa da en kalabal\u0131k d\u00f6nemde bile Kalimnos adas\u0131 sakinli\u011fini korumaktad\u0131r. Ziyaret\u00e7iler de y\u0131l\u0131n bu d\u00f6neminde \u0131l\u0131k ve g\u00fcne\u015fli havan\u0131n tad\u0131n\u0131 \u00e7\u0131karabilir ve sakin bir hafta sonu ge\u00e7irebilirler.\u00a0On iki adan\u0131n T\u00fcrk tarihinde de yeri b\u00fcy\u00fckt\u00fcr. 1912 y\u0131l\u0131nda \u0130talyanlara b\u0131rak\u0131lan adalar, Almanlar ve \u0130ngilizler aras\u0131nda payla\u015f\u0131lamam\u0131\u015ft\u0131r. 1947 y\u0131l\u0131ndaysa di\u011fer ada grubuyla birlikte Kalimnos Yunanistan&#8217;a ba\u011flanm\u0131\u015ft\u0131r.<\/p>\n<p>&nbsp;<\/p>\n<h2>HAFTA SONU TAT\u0130L\u0130 KAL\u0130MNOS ADASI&#8217;NDA<\/h2>\n<p>Kalimnos&#8217;a Bodrum&#8217;dan direk gidi\u015fler de m\u00fcmk\u00fcn. K\u0131sa bir feribot yolculu\u011funun ard\u0131ndan Kalimnos&#8217;a ula\u015f\u0131yorsunuz. Ancak eyl\u00fcl ay\u0131ndan itibaren Bodrum- Kalimnos feribot seferleri yerini Bodrum- Kos- Kalimnos seferlerine b\u0131rakmakta ve ziyaret\u00e7ilerine bu \u015fekilde ula\u015f\u0131m hizmeti sunmaktad\u0131r.\u00a0Kalimnos adas\u0131ndayken Telendos \u00fczerinden gelen g\u00fcne\u015fin do\u011fu\u015funu izleyebilirsiniz, Yunanistan&#8217;\u0131n bir di\u011fer etkileyici adas\u0131 Santorini&#8217;ye benzer bir manzara bulaca\u011f\u0131n\u0131zdan \u015f\u00fcpheniz olmas\u0131n.<\/p>\n<p>Kalimnos adas\u0131 ve di\u011fer <a title=\"Yunan adalar\u0131 turlar\u0131 i\u00e7in t\u0131klay\u0131n\u0131z\" href=\"http:\/\/www.wts.com.tr\/Hot_yunan_adalari.html\" target=\"_blank\" rel=\"noopener\">Yunan adalar\u0131 turlar\u0131 i\u00e7in t\u0131klay\u0131n\u0131z<\/a><\/p>\n<!-- Error, Advert is not available at this time due to schedule\/geolocation restrictions! -->\n<p>&nbsp;<\/p>\n<p>&nbsp;<\/p>\n","protected":false},"excerpt":{"rendered":"<p>K\u0131\u015f mevsimine yakla\u015f\u0131rken havalar\u0131n hala s\u0131cak olmas\u0131 tatil plan\u0131 yapanlar\u0131n seyahat tercihlerinin say\u0131s\u0131n\u0131 art\u0131r\u0131yor. Hem k\u0131sa s\u00fcrede ula\u015fabilece\u011finiz, bir hafta sonu i\u00e7in bile olsa dinlenebilece\u011finiz hem de k\u00fclt\u00fcr\u00fcn\u00fc, mutfa\u011f\u0131n\u0131 ve tarihini tan\u0131ma f\u0131rsat\u0131 yakalayaca\u011f\u0131n\u0131z bir durak: Yunanistan&#8217;daki Kalimnos Adas\u0131.<\/p>\n","protected":false},"author":816,"featured_media":153047,"comment_status":"open","ping_status":"open","sticky":false,"template":"","format":"standard","meta":{"_acf_changed":false,"footnotes":""},"categories":[6770,6671,339],"tags":[707,140816,3021,11,1202],"class_list":["post-153042","post","type-post","status-publish","format-standard","has-post-thumbnail","hentry","category-avrupa","category-seyahat","category-turizm","tag-bodrum","tag-kilimli","tag-kos","tag-yunan-adalari","tag-yunanistan"],"acf":[],"_links":{"self":[{"href":"https:\/\/www.nationalturk.com\/tr\/wp-json\/wp\/v2\/posts\/153042","targetHints":{"allow":["GET"]}}],"collection":[{"href":"https:\/\/www.nationalturk.com\/tr\/wp-json\/wp\/v2\/posts"}],"about":[{"href":"https:\/\/www.nationalturk.com\/tr\/wp-json\/wp\/v2\/types\/post"}],"author":[{"embeddable":true,"href":"https:\/\/www.nationalturk.com\/tr\/wp-json\/wp\/v2\/users\/816"}],"replies":[{"embeddable":true,"href":"https:\/\/www.nationalturk.com\/tr\/wp-json\/wp\/v2\/comments?post=153042"}],"version-history":[{"count":0,"href":"https:\/\/www.nationalturk.com\/tr\/wp-json\/wp\/v2\/posts\/153042\/revisions"}],"wp:featuredmedia":[{"embeddable":true,"href":"https:\/\/www.nationalturk.com\/tr\/wp-json\/wp\/v2\/media\/153047"}],"wp:attachment":[{"href":"https:\/\/www.nationalturk.com\/tr\/wp-json\/wp\/v2\/media?parent=153042"}],"wp:term":[{"taxonomy":"category","embeddable":true,"href":"https:\/\/www.nationalturk.com\/tr\/wp-json\/wp\/v2\/categories?post=153042"},{"taxonomy":"post_tag","embeddable":true,"href":"https:\/\/www.nationalturk.com\/tr\/wp-json\/wp\/v2\/tags?post=153042"}],"curies":[{"name":"wp","href":"https:\/\/api.w.org\/{rel}","templated":true}]}}