{"id":153074,"date":"2013-11-20T14:44:13","date_gmt":"2013-11-20T12:44:13","guid":{"rendered":"http:\/\/www.nationalturk.com\/?p=153074"},"modified":"2013-11-20T14:44:13","modified_gmt":"2013-11-20T12:44:13","slug":"babylon-ve-pozitifin-kurucusu-mehmet-ulug-hayatini-kaybetti-153074","status":"publish","type":"post","link":"https:\/\/www.nationalturk.com\/tr\/babylon-ve-pozitifin-kurucusu-mehmet-ulug-hayatini-kaybetti-153074\/","title":{"rendered":"Babylon ve Pozitif&#8217;in kurucusu Mehmet Ulu\u011f hayat\u0131n\u0131 kaybetti"},"content":{"rendered":"<p><img loading=\"lazy\" decoding=\"async\" class=\"alignleft size-medium wp-image-153075\" alt=\"Mehmet Ulu\u011f\" src=\"http:\/\/www.nationalturk.com\/tr\/wp-content\/uploads\/2013\/11\/mehmet_ulug-280x176.jpg\" width=\"280\" height=\"176\" title=\"\" srcset=\"https:\/\/www.nationalturk.com\/tr\/wp-content\/uploads\/2013\/11\/mehmet_ulug-280x176.jpg 280w, https:\/\/www.nationalturk.com\/tr\/wp-content\/uploads\/2013\/11\/mehmet_ulug.jpg 460w\" sizes=\"auto, (max-width: 280px) 100vw, 280px\" \/><\/p>\n<h1>Bir s\u00fcredir kanser tedavisi g\u00f6ren Babylon&#8217;un kurucular\u0131ndan Mehmet Ulu\u011f hayat\u0131n\u0131 kaybetti. Mehmet Ulu\u011f, bir\u00e7ok organizasyona imza atan Pozitif&#8217;in de kurucular\u0131 aras\u0131ndayd\u0131.<\/h1>\n<p>\u0130stanbul&#8217;da e\u011flence ve k\u00fclt\u00fcr-sanat ya\u015fam\u0131n\u0131n en \u00f6nemli kurulu\u015flar\u0131ndan biri olan Pozitif&#8217;in \u00f6nemli isimlerinden Mehmet Ulu\u011f bug\u00fcn ya\u015fam\u0131n\u0131 yitirdi. Mehmet Ulu\u011f, uzun bir s\u00fcredir kanser tedavisi g\u00f6r\u00fcyordu.<\/p>\n<p>Pozitif&#8217;i Cem Yeg\u00fcl ve karde\u015fi Ahmet ile kuran Mehmet Ulu\u011f&#8217;un ya\u015fam\u0131n\u0131 kaybetmesi sanat d\u00fcnyas\u0131nda b\u00fcy\u00fck \u00fcz\u00fcnt\u00fc yaratt\u0131.<\/p>\n<p>Twitter&#8217;da Mehmet Ulu\u011f i\u00e7in yaz\u0131lanlardan baz\u0131lar\u0131;<\/p>\n<p>kaan sezyum @kaansezyum<br \/>\nHayat\u0131m\u0131za m\u00fczikle \u00e7ok \u015fey katm\u0131\u015f Mehmet Ulu\u011f, di\u011fer tarafta da \u00e7ok g\u00fczel ortamlar yaratmak i\u00e7in aram\u0131zdan ayr\u0131lm\u0131\u015f.<\/p>\n<p>Murat \u015eeker @sekermurat<br \/>\nMehmet Ulu\u011f&#8217;u kaybettik. Pozitif ailesinin ba\u015f\u0131 sa\u011folsun. \u00c7ok erken bir veda.<\/p>\n<p>G\u00fclseren ONAN\u00c7 @gulserenonanc<br \/>\nMehmet Ulu\u011f tutkular\u0131n\u0131n pe\u015finden gidebiilen nadir insanlardand\u0131. Onu kaybetmek \u00e7ok ac\u0131. Tek teselli huzura etmesi.<\/p>\n<p>Ay\u00e7a \u015een @aycasenbaskan<br \/>\nTurkiye&#8217;de onemli bir akim baslatan pozitif&#8217;in kurucularindan mehmet ulu\u011f&#8217;un ruhu \u015fad olsun. Gittigi yerde cok eglensin.<\/p>\n<p>\u015eebnem \u0130\u015fig\u00fczel @Sebnemisiguzel<br \/>\n\u00c7ok iyi bir insand\u0131 Mehmet Ulu\u011f.\u00c7ok \u00fczg\u00fcn\u00fcm.<\/p>\n<p>Ebru \u00c7apa @ebrucapa<br \/>\nMehmet Ulu\u011f? \u0130nsan inanam\u0131yor. \u00c7ok \u00fcz\u00fcc\u00fc, \u00e7ok.. Baki b\u0131rakt\u0131\u011f\u0131 sada i\u00e7in sonsuz bir minnetle, g\u00f6nl\u00fcne g\u00f6re bir \u00f6te alem, \u00e7ok i\u00e7imden dilerim<\/p>\n<p>Yekta Kopan @yektakopan<br \/>\nMehmet Ulu\u011f aram\u0131zdan ayr\u0131lm\u0131\u015f. \u00c7ok \u00fczg\u00fcn\u00fcm. \u00c7ok.<\/p>\n<p>Aylin Asl\u0131m @AylinAsLIM<br \/>\nGen\u00e7 \u00f6l\u00fcm zaten \u00e7ok ac\u0131, ama Mehmet Ulu\u011f gibi entellekt\u00fcel, m\u00fcziksever giri\u015fimcilerin kayb\u0131 hepimiz i\u00e7in, m\u00fczik sekt\u00f6r\u00fc i\u00e7in ayr\u0131 \u00fcz\u00fcc\u00fc.<\/p>\n<p>Yavuz Baydar @yavuzbaydar<br \/>\nSevgili kardesimiz, canimiz Mehmet Ulug&#8217;u kaybettik. Yuce ruhu sad olsun. Ailesine sevenlerine bizlere sabirlar&#8230;<\/p>\n<!-- Error, Advert is not available at this time due to schedule\/geolocation restrictions! -->\n","protected":false},"excerpt":{"rendered":"<p>Bir s\u00fcredir kanser tedavisi g\u00f6ren Babylon&#8217;un kurucular\u0131ndan Mehmet Ulu\u011f hayat\u0131n\u0131 kaybetti. Mehmet Ulu\u011f, bir\u00e7ok organizasyona imza atan Pozitif&#8217;in de kurucular\u0131 aras\u0131ndayd\u0131.<\/p>\n","protected":false},"author":4,"featured_media":176495,"comment_status":"open","ping_status":"open","sticky":false,"template":"","format":"standard","meta":{"_acf_changed":false,"footnotes":""},"categories":[6664,6232,5005,349,6805],"tags":[112986,48055],"class_list":["post-153074","post","type-post","status-publish","format-standard","has-post-thumbnail","hentry","category-eglence","category-magazin","category-manset","category-son-dakika","category-turkiye","tag-babylon","tag-twitter"],"acf":[],"_links":{"self":[{"href":"https:\/\/www.nationalturk.com\/tr\/wp-json\/wp\/v2\/posts\/153074","targetHints":{"allow":["GET"]}}],"collection":[{"href":"https:\/\/www.nationalturk.com\/tr\/wp-json\/wp\/v2\/posts"}],"about":[{"href":"https:\/\/www.nationalturk.com\/tr\/wp-json\/wp\/v2\/types\/post"}],"author":[{"embeddable":true,"href":"https:\/\/www.nationalturk.com\/tr\/wp-json\/wp\/v2\/users\/4"}],"replies":[{"embeddable":true,"href":"https:\/\/www.nationalturk.com\/tr\/wp-json\/wp\/v2\/comments?post=153074"}],"version-history":[{"count":0,"href":"https:\/\/www.nationalturk.com\/tr\/wp-json\/wp\/v2\/posts\/153074\/revisions"}],"wp:featuredmedia":[{"embeddable":true,"href":"https:\/\/www.nationalturk.com\/tr\/wp-json\/wp\/v2\/media\/176495"}],"wp:attachment":[{"href":"https:\/\/www.nationalturk.com\/tr\/wp-json\/wp\/v2\/media?parent=153074"}],"wp:term":[{"taxonomy":"category","embeddable":true,"href":"https:\/\/www.nationalturk.com\/tr\/wp-json\/wp\/v2\/categories?post=153074"},{"taxonomy":"post_tag","embeddable":true,"href":"https:\/\/www.nationalturk.com\/tr\/wp-json\/wp\/v2\/tags?post=153074"}],"curies":[{"name":"wp","href":"https:\/\/api.w.org\/{rel}","templated":true}]}}