{"id":153275,"date":"2013-11-22T15:59:34","date_gmt":"2013-11-22T13:59:34","guid":{"rendered":"http:\/\/www.nationalturk.com\/?p=153275"},"modified":"2013-11-22T15:59:34","modified_gmt":"2013-11-22T13:59:34","slug":"basbakana-tesekkur-etmedigimiz-icin-vanda-depremler-suruyor-153275","status":"publish","type":"post","link":"https:\/\/www.nationalturk.com\/tr\/basbakana-tesekkur-etmedigimiz-icin-vanda-depremler-suruyor-153275\/","title":{"rendered":"&#8220;Ba\u015fbakan&#8217;a te\u015fekk\u00fcr etmedi\u011fimiz i\u00e7in Van&#8217;da depremler s\u00fcr\u00fcyor&#8221;"},"content":{"rendered":"<p><img loading=\"lazy\" decoding=\"async\" class=\"alignleft size-medium wp-image-153279\" alt=\"Van\" src=\"http:\/\/www.nationalturk.com\/tr\/wp-content\/uploads\/2013\/11\/van_cadirkent-280x147.jpg\" width=\"280\" height=\"147\" title=\"\" srcset=\"https:\/\/www.nationalturk.com\/tr\/wp-content\/uploads\/2013\/11\/van_cadirkent-280x147.jpg 280w, https:\/\/www.nationalturk.com\/tr\/wp-content\/uploads\/2013\/11\/van_cadirkent.jpg 550w\" sizes=\"auto, (max-width: 280px) 100vw, 280px\" \/><\/p>\n<h1>AKP Erci\u015f belediye ba\u015fkan aday aday\u0131 \u0130lyas Halilo\u011flu Van&#8217;da meydana gelen depremlerin sebebinin halk\u0131n Ba\u015fbakan Recep Tayyip Erdo\u011fan&#8217;a te\u015fekk\u00fcr etmemesi oldu\u011funu iddia etti. Facebook&#8217;taki tepkiler \u00fczerine yaz\u0131 silinirken Halilo\u011flu yaz\u0131y\u0131 kendisinin yazmad\u0131\u011f\u0131n\u0131 iddia etti.<\/h1>\n<p>Ba\u015fbakanl\u0131k&#8217;ta g\u00f6rev yapt\u0131\u011f\u0131 \u00f6\u011frenilen \u0130lyas Halilo\u011flu&#8217;nun Facebook&#8217;taki sayfas\u0131nda, bu sabah Van&#8217;da meydana gelen 4.5 \u015fiddetindeki depremin nedeni 10 madde ile s\u0131raland\u0131. \u0130\u015fte b\u00fcy\u00fck tepki toplayan 10 madde:<\/p>\n<p>&#8220;Van depremi neden durmuyor?<\/p>\n<p>\u00c7\u00fcnk\u00fc Allah&#8217;a hamd edip, \u015f\u00fckretmedi\u011fimiz i\u00e7in.<\/p>\n<p>\u00c7\u00fcnk\u00fc t\u00fcm insanlar\u0131n vergilerinden kesilerek, bizlere konut yap\u0131ld\u0131\u011f\u0131 halde, bizler te\u015fekk\u00fcr etmedi\u011fimiz i\u00e7in.<\/p>\n<p>\u00c7\u00fcnk\u00fc sahte belgelerle, kira, hak sahipli\u011fi, yard\u0131m ald\u0131\u011f\u0131m\u0131z ve depolad\u0131\u011f\u0131m\u0131z i\u00e7in.<\/p>\n<p>\u00c7\u00fcnk\u00fc sahte belgelerle kuralar \u00e7ekti\u011fimiz i\u00e7in.<\/p>\n<p>\u00c7\u00fcnk\u00fc Erci\u015f&#8217;te 85 konut ve i\u015fyeri y\u0131k\u0131ld\u0131, buna kar\u015f\u0131l\u0131k 8000 adet konut, i\u015fyeri, sosyal donat\u0131, okul ve camii yap\u0131ld\u0131. Halen devlet ne yapt\u0131 dedi\u011fimiz i\u00e7in.<\/p>\n<p>\u00c7\u00fcnk\u00fc yap\u0131lan konutlar\u0131n maliyeti, 75 bin yerine 35 bin dedi\u011fimiz i\u00e7in.<\/p>\n<p>\u00c7\u00fcnk\u00fc yap\u0131lan konutlarda medenice ya\u015famay\u0131 tercih etmedi\u011fimiz i\u00e7in.<\/p>\n<p><strong>\u00c7\u00fcnk\u00fc Say\u0131n Ba\u015fbakan\u0131m\u0131za te\u015fekk\u00fcr etmedi\u011fimiz i\u00e7in<\/strong>.<\/p>\n<p>\u00c7\u00fcnk\u00fc belaya raz\u0131 ve sab\u0131r g\u00f6stermedi\u011fimiz i\u00e7in.<\/p>\n<p>\u00c7\u00fcnk\u00fc Allaha, Resulune sar\u0131lmad\u0131\u011f\u0131m\u0131z i\u00e7indir.&#8221;<\/p>\n<p>S\u00f6z konusu mesaj gelen yo\u011fun tepkilerden dolay\u0131 sayfadan kald\u0131r\u0131l\u0131rken, telefonla ula\u015f\u0131lan AKP&#8217;li aday aday\u0131 \u0130lyas Halilo\u011flu, sayfan\u0131n kendisine ait oldu\u011funu kabul etti, ancak yaz\u0131lanlar\u0131 kendisinin yazmad\u0131\u011f\u0131n\u0131 iddia etti.<\/p>\n<!-- Error, Advert is not available at this time due to schedule\/geolocation restrictions! -->\n","protected":false},"excerpt":{"rendered":"<p>AKP Erci\u015f belediye ba\u015fkan aday aday\u0131 \u0130lyas Halilo\u011flu Van&#8217;da meydana gelen depremlerin sebebinin halk\u0131n Ba\u015fbakan Recep Tayyip Erdo\u011fan&#8217;a te\u015fekk\u00fcr etmemesi oldu\u011funu iddia etti. Facebook&#8217;taki tepkiler \u00fczerine yaz\u0131 silinirken Halilo\u011flu yaz\u0131y\u0131 kendisinin yazmad\u0131\u011f\u0131n\u0131 iddia etti.<\/p>\n","protected":false},"author":4,"featured_media":176465,"comment_status":"open","ping_status":"open","sticky":false,"template":"","format":"standard","meta":{"_acf_changed":false,"footnotes":""},"categories":[6155,5005,6202,349,6805],"tags":[9476,53947,64697,86571,85199],"class_list":["post-153275","post","type-post","status-publish","format-standard","has-post-thumbnail","hentry","category-gundem","category-manset","category-politika","category-son-dakika","category-turkiye","tag-akp","tag-ercis","tag-van-depremi","tag-van-depremler","tag-van-depremleri"],"acf":[],"_links":{"self":[{"href":"https:\/\/www.nationalturk.com\/tr\/wp-json\/wp\/v2\/posts\/153275","targetHints":{"allow":["GET"]}}],"collection":[{"href":"https:\/\/www.nationalturk.com\/tr\/wp-json\/wp\/v2\/posts"}],"about":[{"href":"https:\/\/www.nationalturk.com\/tr\/wp-json\/wp\/v2\/types\/post"}],"author":[{"embeddable":true,"href":"https:\/\/www.nationalturk.com\/tr\/wp-json\/wp\/v2\/users\/4"}],"replies":[{"embeddable":true,"href":"https:\/\/www.nationalturk.com\/tr\/wp-json\/wp\/v2\/comments?post=153275"}],"version-history":[{"count":0,"href":"https:\/\/www.nationalturk.com\/tr\/wp-json\/wp\/v2\/posts\/153275\/revisions"}],"wp:featuredmedia":[{"embeddable":true,"href":"https:\/\/www.nationalturk.com\/tr\/wp-json\/wp\/v2\/media\/176465"}],"wp:attachment":[{"href":"https:\/\/www.nationalturk.com\/tr\/wp-json\/wp\/v2\/media?parent=153275"}],"wp:term":[{"taxonomy":"category","embeddable":true,"href":"https:\/\/www.nationalturk.com\/tr\/wp-json\/wp\/v2\/categories?post=153275"},{"taxonomy":"post_tag","embeddable":true,"href":"https:\/\/www.nationalturk.com\/tr\/wp-json\/wp\/v2\/tags?post=153275"}],"curies":[{"name":"wp","href":"https:\/\/api.w.org\/{rel}","templated":true}]}}