{"id":153456,"date":"2013-11-25T16:24:23","date_gmt":"2013-11-25T14:24:23","guid":{"rendered":"http:\/\/www.nationalturk.com\/?p=153456"},"modified":"2013-11-25T16:24:23","modified_gmt":"2013-11-25T14:24:23","slug":"vatandas-bina-halice-kayiyor-demircan-bu-da-bir-imtihan-153456","status":"publish","type":"post","link":"https:\/\/www.nationalturk.com\/tr\/vatandas-bina-halice-kayiyor-demircan-bu-da-bir-imtihan-153456\/","title":{"rendered":"Vatanda\u015f: Bina Hali\u00e7&#8217;e kay\u0131yor \/ Demircan: Bu da bir imtihan!"},"content":{"rendered":"<p><img loading=\"lazy\" decoding=\"async\" class=\"alignleft size-medium wp-image-153457\" alt=\"Ahmet Misbah Demircan\" src=\"http:\/\/www.nationalturk.com\/tr\/wp-content\/uploads\/2013\/11\/ahmet_misbah_demircan_37111-280x210.jpg\" width=\"280\" height=\"210\" title=\"\" srcset=\"https:\/\/www.nationalturk.com\/tr\/wp-content\/uploads\/2013\/11\/ahmet_misbah_demircan_37111-280x210.jpg 280w, https:\/\/www.nationalturk.com\/tr\/wp-content\/uploads\/2013\/11\/ahmet_misbah_demircan_37111.jpg 400w\" sizes=\"auto, (max-width: 280px) 100vw, 280px\" \/><\/p>\n<h1>\u0130stanbul Beyo\u011flu&#8217;ndaki \u00d6rnektepe&#8217;de in\u015faat\u0131 devam eden otel nedeniyle apartmanlar Hali\u00e7&#8217;e do\u011fru kaymaya ba\u015flad\u0131. Beyo\u011flu Belediye Ba\u015fkan\u0131 Ahmet Misbah Demircan ise &#8216;Cenab-\u0131 Allah veriyor. Bu da bir imtihan&#8217; dedi.<\/h1>\n<p>\u00d6rnektepe mahallesi sakinleriyle bir araya gelen Beyo\u011flu Belediye Ba\u015fkan\u0131 Ahmet Misbah Demircan mahallede in\u015faat\u0131 devam eden otelle ilgili g\u00fcndeme oturacak s\u00f6zler sarf etti.<\/p>\n<p>Toplant\u0131da, otel in\u015faat\u0131n\u0131n oldu\u011fu 2 sokak boyunca apartmanlar\u0131n Hali\u00e7&#8217;e do\u011fru kaymas\u0131yla ilgili olarak Bo\u011fazi\u00e7i \u00dcniversitesi&#8217;nin mahalledeki kayman\u0131n devam edip etmedi\u011fi ve sebeplerini tespit etmek i\u00e7in 2 sondaj \u00e7al\u0131\u015fmas\u0131 yapt\u0131\u011f\u0131, raporlar\u0131n\u0131n bir hafta i\u00e7erisinde gelece\u011fi ve Belediye&#8217;nin de 10 g\u00fcn i\u00e7erisinde mahalle ile ilgili karar verece\u011fi belirtildi.<\/p>\n<p>Ahmet Misbah Demircan vatanda\u015flar\u0131n \u015fikayetlerine ise &#8220;Cenab-\u0131 Allah getiriyor, bu da bir imtihan. Hesap sormak gerekirse \u00e7ok g\u00fczel hesap sorar\u0131m&#8221; yan\u0131t\u0131n\u0131 verdi.<\/p>\n<p>AK Parti \u00d6rnektepe Mahallesi \u00d6rg\u00fctlenme Sorumlusu \u015eehzade \u00d6zer, Demircan&#8217;a &#8220;Biz Tayyip Beyle de Kadir Beyle de siyaset yapt\u0131k. Se\u00e7imden se\u00e7ime buraya geliyorsunuz&#8221; s\u00f6zleriyle tepki g\u00f6sterdi.<\/p>\n<p>Demircan ise \u00d6zer&#8217;e &#8220;Belli ki sen beni sevmiyorsun. Ben burada tek ba\u015f\u0131ma \u00e7al\u0131\u015fm\u0131yorum. Belediye Ba\u015fkan Yard\u0131mc\u0131lar\u0131m var, \u0130mar M\u00fcd\u00fcr\u00fcm var&#8221; diye yan\u0131t verince gerilim artt\u0131. Tart\u0131\u015fmaya \u00d6zer&#8217;in &#8220;Sayd\u0131klar\u0131n\u0131n hepsinden \u015fikayet\u00e7iyim&#8221; s\u00f6zleri nokta koydu.<\/p>\n<!-- Error, Advert is not available at this time due to schedule\/geolocation restrictions! -->\n","protected":false},"excerpt":{"rendered":"<p>\u0130stanbul Beyo\u011flu&#8217;ndaki \u00d6rnektepe&#8217;de in\u015faat\u0131 devam eden otel nedeniyle apartmanlar Hali\u00e7&#8217;e do\u011fru kaymaya ba\u015flad\u0131. Beyo\u011flu Belediye Ba\u015fkan\u0131 Ahmet Misbah Demircan ise &#8216;Cenab-\u0131 Allah veriyor. Bu da bir imtihan&#8217; dedi.<\/p>\n","protected":false},"author":4,"featured_media":176436,"comment_status":"open","ping_status":"open","sticky":false,"template":"","format":"standard","meta":{"_acf_changed":false,"footnotes":""},"categories":[6155,5005,6202,6805],"tags":[78626,147313,489],"class_list":["post-153456","post","type-post","status-publish","format-standard","has-post-thumbnail","hentry","category-gundem","category-manset","category-politika","category-turkiye","tag-ahmet-misbah-demircan","tag-ahmet-misbah-demircan-beyoglu","tag-beyoglu"],"acf":[],"_links":{"self":[{"href":"https:\/\/www.nationalturk.com\/tr\/wp-json\/wp\/v2\/posts\/153456","targetHints":{"allow":["GET"]}}],"collection":[{"href":"https:\/\/www.nationalturk.com\/tr\/wp-json\/wp\/v2\/posts"}],"about":[{"href":"https:\/\/www.nationalturk.com\/tr\/wp-json\/wp\/v2\/types\/post"}],"author":[{"embeddable":true,"href":"https:\/\/www.nationalturk.com\/tr\/wp-json\/wp\/v2\/users\/4"}],"replies":[{"embeddable":true,"href":"https:\/\/www.nationalturk.com\/tr\/wp-json\/wp\/v2\/comments?post=153456"}],"version-history":[{"count":0,"href":"https:\/\/www.nationalturk.com\/tr\/wp-json\/wp\/v2\/posts\/153456\/revisions"}],"wp:featuredmedia":[{"embeddable":true,"href":"https:\/\/www.nationalturk.com\/tr\/wp-json\/wp\/v2\/media\/176436"}],"wp:attachment":[{"href":"https:\/\/www.nationalturk.com\/tr\/wp-json\/wp\/v2\/media?parent=153456"}],"wp:term":[{"taxonomy":"category","embeddable":true,"href":"https:\/\/www.nationalturk.com\/tr\/wp-json\/wp\/v2\/categories?post=153456"},{"taxonomy":"post_tag","embeddable":true,"href":"https:\/\/www.nationalturk.com\/tr\/wp-json\/wp\/v2\/tags?post=153456"}],"curies":[{"name":"wp","href":"https:\/\/api.w.org\/{rel}","templated":true}]}}