{"id":153860,"date":"2013-12-02T11:18:42","date_gmt":"2013-12-02T09:18:42","guid":{"rendered":"http:\/\/www.nationalturk.com\/?p=153860"},"modified":"2013-12-02T11:18:42","modified_gmt":"2013-12-02T09:18:42","slug":"kacirilan-is-adami-ahmet-sireci-kurtarildi-153860","status":"publish","type":"post","link":"https:\/\/www.nationalturk.com\/tr\/kacirilan-is-adami-ahmet-sireci-kurtarildi-153860\/","title":{"rendered":"Ka\u00e7\u0131r\u0131lan i\u015f adam\u0131 Ahmet \u015eireci kurtar\u0131ld\u0131"},"content":{"rendered":"<p><img loading=\"lazy\" decoding=\"async\" class=\"alignnone size-full wp-image-153861\" alt=\"Ahmet \u015eireci\" src=\"http:\/\/www.nationalturk.com\/tr\/wp-content\/uploads\/2013\/12\/ahmet_sireci.jpg\" width=\"610\" height=\"390\" title=\"\" srcset=\"https:\/\/www.nationalturk.com\/tr\/wp-content\/uploads\/2013\/12\/ahmet_sireci.jpg 610w, https:\/\/www.nationalturk.com\/tr\/wp-content\/uploads\/2013\/12\/ahmet_sireci-280x179.jpg 280w\" sizes=\"auto, (max-width: 610px) 100vw, 610px\" \/><\/p>\n<h1>Ge\u00e7ti\u011fimiz hafta i\u00e7inde fabrikas\u0131ndan evine d\u00f6nerken ka\u00e7\u0131r\u0131lan i\u015fadam\u0131 Ahmet \u015eireci kurtar\u0131ld\u0131. Ahmet \u015eireci&#8217;yi fidye i\u00e7in ka\u00e7\u0131rd\u0131\u011f\u0131 iddia edilen 9 ki\u015fi g\u00f6zalt\u0131na al\u0131nd\u0131. \u015eireci&#8217;nin Diyarbak\u0131r&#8217;\u0131n Lice il\u00e7esine g\u00f6t\u00fcr\u00fcld\u00fc\u011f\u00fc ortaya \u00e7\u0131kt\u0131.<\/h1>\n<p>Gaziantep\u2019te faaliyet g\u00f6steren \u015eireci Tekstil\u2019in sahibi sanayici Ahmet \u015eireci, ge\u00e7en \u00e7ar\u015famba gecesi otomobiliyle evine d\u00f6nerken, Zeytinli Mahallesi\u2019nde \u00e7evreyolunda 2 ara\u00e7 taraf\u0131ndan s\u0131k\u0131\u015ft\u0131r\u0131ld\u0131ktan sonra ka\u00e7\u0131r\u0131lm\u0131\u015ft\u0131. Olay s\u0131ras\u0131nda Ahmet \u015eireci\u2019nin yan\u0131nda bulunan fabrika \u00e7al\u0131\u015fan\u0131 kad\u0131n\u0131n ihbar\u0131n\u0131n ard\u0131ndan \u00e7al\u0131\u015fma ba\u015flatan polis, \u015eireci\u2019nin kurtar\u0131lmas\u0131 i\u00e7in 50 ki\u015filik \u00f6zel bir ekip kurdu. \u015eireci\u2019yi ka\u00e7\u0131ranlar\u0131n kulland\u0131\u011f\u0131 ara\u00e7lar\u0131n ka\u00e7\u0131\u015f g\u00fczergahlar\u0131ndaki t\u00fcm kamera kay\u0131tlar\u0131n\u0131 inceleyen polis, onlarca ki\u015finin bilgisine ba\u015fvurdu.<\/p>\n<p>Ahmet \u015eireci&#8217;nin fidye i\u00e7in ka\u00e7\u0131r\u0131ld\u0131ktan sonra Diyarbak\u0131r&#8217;\u0131n Lice il\u00e7esindeki bir k\u00f6ye g\u00f6t\u00fcr\u00fcld\u00fc\u011f\u00fc bilgisine ula\u015fan polisler Diyarbak\u0131r \u0130l Jandarma Komutanl\u0131\u011f\u0131\u2019n\u0131n da deste\u011fiyle soru\u015fturmay\u0131 derinle\u015ftirdi. Polis ve jandarma, Lice\u2019de tutuldu\u011fu k\u00f6yden \u00e7\u0131kar\u0131l\u0131\u015f\u0131ndan itibaren takibe al\u0131nan Ahmet \u015eireci\u2019nin kurtar\u0131lmas\u0131 i\u00e7in Diyarbak\u0131r giri\u015finde operasyon ba\u015flatt\u0131. \u015eireci\u2019nin de k\u00f6yden kent merkezine nakledildi\u011fi ara\u00e7 gece saat 01.30 s\u0131ralar\u0131nda Diyarbak\u0131r giri\u015finde durduruldu. Operasyonda, \u015eireci kurtar\u0131l\u0131rken, ara\u00e7ta bulunan 6 ki\u015fi g\u00f6zalt\u0131na al\u0131nd\u0131.<\/p>\n<p>Gaziantep&#8217;de yap\u0131lan bir ba\u015fka operasyonda ise 3 ki\u015fi daha g\u00f6zalt\u0131na al\u0131nd\u0131. Diyarbak\u0131r\u2019da bulunan ve sa\u011fl\u0131k durumunun iyi oldu\u011fu bildirilen \u015eireci\u2019nin ise g\u00fcn i\u00e7erisinde Gaziantep\u2019e gelece\u011fi kaydedildi.<\/p>\n<!-- Error, Advert is not available at this time due to schedule\/geolocation restrictions! -->\n","protected":false},"excerpt":{"rendered":"<p>Ge\u00e7ti\u011fimiz hafta i\u00e7inde fabrikas\u0131ndan evine d\u00f6nerken ka\u00e7\u0131r\u0131lan i\u015fadam\u0131 Ahmet \u015eireci kurtar\u0131ld\u0131. Ahmet \u015eireci&#8217;yi fidye i\u00e7in ka\u00e7\u0131rd\u0131\u011f\u0131 iddia edilen 9 ki\u015fi g\u00f6zalt\u0131na al\u0131nd\u0131. \u015eireci&#8217;nin Diyarbak\u0131r&#8217;\u0131n Lice il\u00e7esine g\u00f6t\u00fcr\u00fcld\u00fc\u011f\u00fc ortaya \u00e7\u0131kt\u0131.<\/p>\n","protected":false},"author":4,"featured_media":153861,"comment_status":"open","ping_status":"open","sticky":false,"template":"","format":"standard","meta":{"_acf_changed":false,"footnotes":""},"categories":[6155,5005,349,6805],"tags":[147601,147604,147602,147603,17970,807,33842,147605],"class_list":["post-153860","post","type-post","status-publish","format-standard","has-post-thumbnail","hentry","category-gundem","category-manset","category-son-dakika","category-turkiye","tag-ahmet-sireci","tag-ahmet-sireci-gaziantep","tag-ahmet-sireci-kacirildi","tag-ahmet-sireci-kimdir","tag-diyarbakir-lice","tag-gaziantep","tag-lice","tag-sireci-tekstil"],"acf":[],"_links":{"self":[{"href":"https:\/\/www.nationalturk.com\/tr\/wp-json\/wp\/v2\/posts\/153860","targetHints":{"allow":["GET"]}}],"collection":[{"href":"https:\/\/www.nationalturk.com\/tr\/wp-json\/wp\/v2\/posts"}],"about":[{"href":"https:\/\/www.nationalturk.com\/tr\/wp-json\/wp\/v2\/types\/post"}],"author":[{"embeddable":true,"href":"https:\/\/www.nationalturk.com\/tr\/wp-json\/wp\/v2\/users\/4"}],"replies":[{"embeddable":true,"href":"https:\/\/www.nationalturk.com\/tr\/wp-json\/wp\/v2\/comments?post=153860"}],"version-history":[{"count":0,"href":"https:\/\/www.nationalturk.com\/tr\/wp-json\/wp\/v2\/posts\/153860\/revisions"}],"wp:featuredmedia":[{"embeddable":true,"href":"https:\/\/www.nationalturk.com\/tr\/wp-json\/wp\/v2\/media\/153861"}],"wp:attachment":[{"href":"https:\/\/www.nationalturk.com\/tr\/wp-json\/wp\/v2\/media?parent=153860"}],"wp:term":[{"taxonomy":"category","embeddable":true,"href":"https:\/\/www.nationalturk.com\/tr\/wp-json\/wp\/v2\/categories?post=153860"},{"taxonomy":"post_tag","embeddable":true,"href":"https:\/\/www.nationalturk.com\/tr\/wp-json\/wp\/v2\/tags?post=153860"}],"curies":[{"name":"wp","href":"https:\/\/api.w.org\/{rel}","templated":true}]}}