{"id":153914,"date":"2013-12-02T16:22:54","date_gmt":"2013-12-02T14:22:54","guid":{"rendered":"http:\/\/www.nationalturk.com\/?p=153914"},"modified":"2013-12-02T16:22:54","modified_gmt":"2013-12-02T14:22:54","slug":"sadullah-ergin-hatay-belediye-baskan-adayi-153914","status":"publish","type":"post","link":"https:\/\/www.nationalturk.com\/tr\/sadullah-ergin-hatay-belediye-baskan-adayi-153914\/","title":{"rendered":"Sadullah Ergin Hatay belediye ba\u015fkan aday\u0131"},"content":{"rendered":"<p><img loading=\"lazy\" decoding=\"async\" class=\"alignleft size-full wp-image-153915\" alt=\"Sadullah Ergin\" src=\"http:\/\/www.nationalturk.com\/tr\/wp-content\/uploads\/2013\/12\/sadullah_ergin.jpg\" width=\"343\" height=\"257\" title=\"\" srcset=\"https:\/\/www.nationalturk.com\/tr\/wp-content\/uploads\/2013\/12\/sadullah_ergin.jpg 343w, https:\/\/www.nationalturk.com\/tr\/wp-content\/uploads\/2013\/12\/sadullah_ergin-280x209.jpg 280w\" sizes=\"auto, (max-width: 343px) 100vw, 343px\" \/><\/p>\n<h1>Adalet Bakan\u0131 Sadullah Ergin memleketi Hatay&#8217;da B\u00fcy\u00fck\u015fehir Belediye Ba\u015fkan aday\u0131 oluyor. A\u00e7\u0131klamay\u0131 AKP Hatay \u0130l Ba\u015fkan\u0131 \u0130smail Kimyeci yapt\u0131.<\/h1>\n<p>Hatay B\u00fcy\u00fck\u015fehir Belediye Ba\u015fkanl\u0131\u011f\u0131 i\u00e7in ad\u0131 ge\u00e7en ve Ba\u015fbakan Recep Tayyip Erdo\u011fan taraf\u0131ndan yar\u0131n ger\u00e7ekle\u015fecek olan grup toplant\u0131s\u0131nda adayl\u0131\u011f\u0131 a\u00e7\u0131klanmas\u0131 beklenen Sadullah Ergin&#8217;in \u00c7ar\u015famba g\u00fcn\u00fc Hatay&#8217;da se\u00e7im \u00e7al\u0131\u015fmalar\u0131na ba\u015flayaca\u011f\u0131 \u00f6\u011frenildi.\u00a0AKP Hatay \u0130l Ba\u015fkan\u0131 \u0130smail Kimyeci taraf\u0131ndan yap\u0131lan a\u00e7\u0131klamada Adalet Bakan\u0131 Sadullah Ergin&#8217;in se\u00e7im start\u0131n\u0131 4 Kas\u0131m \u00c7ar\u015famba g\u00fcn\u00fc parti il binas\u0131ndan ba\u015flataca\u011f\u0131 bilgisi verildi.\u00a0\u0130l Ba\u015fkan\u0131 Kimyeci&#8217;nin yapt\u0131\u011f\u0131 duyuruda \u015fu ifadelere yer verildi: &#8220;Say\u0131n Adalet Bakan\u0131m\u0131z \u00c7ar\u015famba g\u00fcn\u00fc saat 12.00&#8217;da Topba\u011faz\u0131 mevkinde, b\u00fcy\u00fck\u015fehir ba\u015fkan aday\u0131 olarak kar\u015f\u0131lan\u0131p, saat 13.00&#8217;da parti il binam\u0131zda se\u00e7im start\u0131n\u0131 verip halk\u0131m\u0131zla bir araya gelecektir.&#8221;<\/p>\n<p>Aile ve Sosyal Politikalar Bakan\u0131 Fatma \u015eahin de Gaziantep B\u00fcy\u00fck\u015fehir Belediye Ba\u015fkanl\u0131\u011f\u0131&#8217;na aday olmu\u015ftu.<\/p>\n<!-- Error, Advert is not available at this time due to schedule\/geolocation restrictions! -->\n","protected":false},"excerpt":{"rendered":"<p>Adalet Bakan\u0131 Sadullah Ergin memleketi Hatay&#8217;da B\u00fcy\u00fck\u015fehir Belediye Ba\u015fkan aday\u0131 oluyor. A\u00e7\u0131klamay\u0131 AKP Hatay \u0130l Ba\u015fkan\u0131 \u0130smail Kimyeci yapt\u0131.<\/p>\n","protected":false},"author":4,"featured_media":153915,"comment_status":"open","ping_status":"open","sticky":false,"template":"","format":"standard","meta":{"_acf_changed":false,"footnotes":""},"categories":[6155,6202,349,6805],"tags":[1396,10400],"class_list":["post-153914","post","type-post","status-publish","format-standard","has-post-thumbnail","hentry","category-gundem","category-politika","category-son-dakika","category-turkiye","tag-hatay","tag-sadullah-ergin"],"acf":[],"_links":{"self":[{"href":"https:\/\/www.nationalturk.com\/tr\/wp-json\/wp\/v2\/posts\/153914","targetHints":{"allow":["GET"]}}],"collection":[{"href":"https:\/\/www.nationalturk.com\/tr\/wp-json\/wp\/v2\/posts"}],"about":[{"href":"https:\/\/www.nationalturk.com\/tr\/wp-json\/wp\/v2\/types\/post"}],"author":[{"embeddable":true,"href":"https:\/\/www.nationalturk.com\/tr\/wp-json\/wp\/v2\/users\/4"}],"replies":[{"embeddable":true,"href":"https:\/\/www.nationalturk.com\/tr\/wp-json\/wp\/v2\/comments?post=153914"}],"version-history":[{"count":0,"href":"https:\/\/www.nationalturk.com\/tr\/wp-json\/wp\/v2\/posts\/153914\/revisions"}],"wp:featuredmedia":[{"embeddable":true,"href":"https:\/\/www.nationalturk.com\/tr\/wp-json\/wp\/v2\/media\/153915"}],"wp:attachment":[{"href":"https:\/\/www.nationalturk.com\/tr\/wp-json\/wp\/v2\/media?parent=153914"}],"wp:term":[{"taxonomy":"category","embeddable":true,"href":"https:\/\/www.nationalturk.com\/tr\/wp-json\/wp\/v2\/categories?post=153914"},{"taxonomy":"post_tag","embeddable":true,"href":"https:\/\/www.nationalturk.com\/tr\/wp-json\/wp\/v2\/tags?post=153914"}],"curies":[{"name":"wp","href":"https:\/\/api.w.org\/{rel}","templated":true}]}}