{"id":154075,"date":"2013-12-04T12:30:13","date_gmt":"2013-12-04T10:30:13","guid":{"rendered":"http:\/\/www.nationalturk.com\/?p=154075"},"modified":"2013-12-04T12:30:13","modified_gmt":"2013-12-04T10:30:13","slug":"ruslana-ukrayna-meydanlarinda-5435","status":"publish","type":"post","link":"https:\/\/www.nationalturk.com\/tr\/ruslana-ukrayna-meydanlarinda-5435\/","title":{"rendered":"Eurovision birincisi Ruslana Ukrayna meydanlar\u0131nda"},"content":{"rendered":"<h1>2004 y\u0131l\u0131ndaki Eurovision yar\u0131\u015fmas\u0131nda birinci olarak ad\u0131n\u0131 t\u00fcm d\u00fcnyaya duyuran Ruslana, e\u015fi\u00a0\u00a0Oleksandr Ksenofontov ile birlikte Ukrayna h\u00fck\u00fcmetine kar\u015f\u0131 prostestocularla birliktem meydanlarda \u00f6zg\u00fcrl\u00fck m\u00fccadelesi veriyor.<\/h1>\n<p><a href=\"http:\/\/www.nationalturk.com\/tr\/wp-content\/uploads\/2013\/12\/ruslana-ukrayna.jpg\"><img loading=\"lazy\" decoding=\"async\" class=\" wp-image-154076 alignleft\" alt=\"ruslana ukrayna\" src=\"http:\/\/www.nationalturk.com\/tr\/wp-content\/uploads\/2013\/12\/ruslana-ukrayna.jpg\" width=\"240\" height=\"240\" title=\"\" srcset=\"https:\/\/www.nationalturk.com\/tr\/wp-content\/uploads\/2013\/12\/ruslana-ukrayna.jpg 400w, https:\/\/www.nationalturk.com\/tr\/wp-content\/uploads\/2013\/12\/ruslana-ukrayna-50x50.jpg 50w, https:\/\/www.nationalturk.com\/tr\/wp-content\/uploads\/2013\/12\/ruslana-ukrayna-220x220.jpg 220w\" sizes=\"auto, (max-width: 240px) 100vw, 240px\" \/><\/a>Daha \u00f6nce de Ukraynal\u0131 protestocularla birlikte a\u00e7l\u0131k grevi yapan, polislerle \u00e7at\u0131\u015fma sonucu yaralanan \u00f6\u011frencilere yard\u0131m eden Ruslana \u015fimdi de Ukrayna Ba\u011f\u0131ms\u0131zl\u0131k Meydan\u0131&#8217;nda polise kar\u015f\u0131 eylemcilerin yan\u0131nda. Eurovision birincisi, milli mar\u015flar\u0131 protestocularla birlikte okudu, kendi arabas\u0131yla yollar\u0131 kapat\u0131p polisin ge\u00e7mesine izin vermedi ve di\u011fer eylemcilerle birlikte barikat\u0131n kurulmas\u0131na da yard\u0131m etti.<\/p>\n<h1>Yaralanan \u00f6\u011frencileri hastaneye ta\u015f\u0131m\u0131\u015ft\u0131<\/h1>\n<p>Protestolar s\u0131ras\u0131nda yaralanan \u00f6\u011frencileri ge\u00e7ti\u011fimiz g\u00fcnlerde hastaneye ta\u015f\u0131yan Ruslana yapt\u0131\u011f\u0131 m\u00fczik d\u0131\u015f\u0131nda sergiledi\u011fi duru\u015f ile de konu\u015fuluyor.<\/p>\n<div class=\"a-single a-378\"><iframe style=\"width:610px; height:125px;\" name=\"610x90\" marginWidth=\"0\" frameSpacing=\"0\" marginHeight=\"0\" frameBorder=\"0\" scrolling=\"no\" target=\"_self\" src=\"http:\/\/www.ajansreklam.net\/reklam\/ukrayna-610x90.php\"><\/iframe><\/div>\n","protected":false},"excerpt":{"rendered":"<p>2004 y\u0131l\u0131ndaki Eurovision yar\u0131\u015fmas\u0131nda birinci olarak ad\u0131n\u0131 t\u00fcm d\u00fcnyaya duyuran Ruslana, e\u015fi  Oleksandr Ksenofontov ile birlikte Ukrayna h\u00fck\u00fcmetine kar\u015f\u0131 prostestocularla birliktem meydanlarda \u00f6zg\u00fcrl\u00fck m\u00fccadelesi veriyor. <\/p>\n","protected":false},"author":816,"featured_media":154076,"comment_status":"open","ping_status":"open","sticky":false,"template":"","format":"standard","meta":{"_acf_changed":false,"footnotes":""},"categories":[6770,6202,67944],"tags":[],"class_list":["post-154075","post","type-post","status-publish","format-standard","has-post-thumbnail","hentry","category-avrupa","category-politika","category-yurtdisi-magazin-haberleri"],"acf":[],"_links":{"self":[{"href":"https:\/\/www.nationalturk.com\/tr\/wp-json\/wp\/v2\/posts\/154075","targetHints":{"allow":["GET"]}}],"collection":[{"href":"https:\/\/www.nationalturk.com\/tr\/wp-json\/wp\/v2\/posts"}],"about":[{"href":"https:\/\/www.nationalturk.com\/tr\/wp-json\/wp\/v2\/types\/post"}],"author":[{"embeddable":true,"href":"https:\/\/www.nationalturk.com\/tr\/wp-json\/wp\/v2\/users\/816"}],"replies":[{"embeddable":true,"href":"https:\/\/www.nationalturk.com\/tr\/wp-json\/wp\/v2\/comments?post=154075"}],"version-history":[{"count":0,"href":"https:\/\/www.nationalturk.com\/tr\/wp-json\/wp\/v2\/posts\/154075\/revisions"}],"wp:featuredmedia":[{"embeddable":true,"href":"https:\/\/www.nationalturk.com\/tr\/wp-json\/wp\/v2\/media\/154076"}],"wp:attachment":[{"href":"https:\/\/www.nationalturk.com\/tr\/wp-json\/wp\/v2\/media?parent=154075"}],"wp:term":[{"taxonomy":"category","embeddable":true,"href":"https:\/\/www.nationalturk.com\/tr\/wp-json\/wp\/v2\/categories?post=154075"},{"taxonomy":"post_tag","embeddable":true,"href":"https:\/\/www.nationalturk.com\/tr\/wp-json\/wp\/v2\/tags?post=154075"}],"curies":[{"name":"wp","href":"https:\/\/api.w.org\/{rel}","templated":true}]}}