{"id":154130,"date":"2013-12-05T08:44:19","date_gmt":"2013-12-05T06:44:19","guid":{"rendered":"http:\/\/www.nationalturk.com\/?p=154130"},"modified":"2013-12-05T08:44:19","modified_gmt":"2013-12-05T06:44:19","slug":"cumhurbaskani-gul-tubitak-odulleri-twitter-154130","status":"publish","type":"post","link":"https:\/\/www.nationalturk.com\/tr\/cumhurbaskani-gul-tubitak-odulleri-twitter-154130\/","title":{"rendered":"Cumhurba\u015fkan\u0131 G\u00fcl, T\u00dcB\u0130TAK \u00d6d\u00fclleri&#8217;ni Twitter&#8217;da de\u011ferlendirdi"},"content":{"rendered":"<h1><a href=\"http:\/\/www.nationalturk.com\/tr\/wp-content\/uploads\/2013\/12\/abdullah-gul-twitter.jpg\"><img loading=\"lazy\" decoding=\"async\" class=\"alignleft size-medium wp-image-154131\" alt=\"Cumhurba\u015fkan\u0131 G\u00fcl, T\u00dcB\u0130TAK \u00d6d\u00fclleri&#039;ni Twitter&#039;da de\u011ferlendirdi\" src=\"http:\/\/www.nationalturk.com\/tr\/wp-content\/uploads\/2013\/12\/abdullah-gul-twitter-280x210.jpg\" width=\"280\" height=\"210\" title=\"\" srcset=\"https:\/\/www.nationalturk.com\/tr\/wp-content\/uploads\/2013\/12\/abdullah-gul-twitter-280x210.jpg 280w, https:\/\/www.nationalturk.com\/tr\/wp-content\/uploads\/2013\/12\/abdullah-gul-twitter.jpg 448w\" sizes=\"auto, (max-width: 280px) 100vw, 280px\" \/><\/a>Cumhurba\u015fkan\u0131 Abdullah G\u00fcl, \u00c7ankaya K\u00f6\u015fk\u00fc&#8217;nde d\u00fczenlenen t\u00f6renle verilen, &#8220;T\u00dcB\u0130TAK Bilim, \u00d6zel ve Te\u015fvik \u00d6d\u00fclleri ile T\u00dcB\u0130TAK-TWAS Te\u015fvik \u00d6d\u00fclleri&#8221;ni alan bilim insanlar\u0131yla ilgili Twitter&#8217;daki hesab\u0131ndan de\u011ferlendirmelerde bulundu.<\/h1>\n<p>G\u00fcl, sosyal payla\u015f\u0131m sitesi Twitter hesab\u0131ndaki payla\u015f\u0131m\u0131nda, uluslararas\u0131 alandaki ba\u015far\u0131lar\u0131 \u00f6d\u00fcle de\u011fer bulunan bilim insanlar\u0131n\u0131 \u00c7ankaya K\u00f6\u015fk\u00fc&#8217;nde a\u011f\u0131rlad\u0131\u011f\u0131n\u0131, Prof. Dr. Alphan Sennaro\u011flu ile Prof. Dr. Cihan Yurdayd\u0131n&#8217;a T\u00dcB\u0130TAK Bilim \u00d6d\u00fcl\u00fc, Prof. Dr. Yusuf Alt\u0131nta\u015f ve Prof. Dr. Utku \u00dcnver&#8217;e de T\u00dcB\u0130TAK \u00d6zel \u00d6d\u00fcl\u00fc verdi\u011fini an\u0131msatt\u0131.<\/p>\n<p>\u00d6d\u00fcl t\u00f6renine kat\u0131lan Utah \u00dcniversitesinden ku\u015f uzman\u0131 Do\u00e7. Dr. \u00c7a\u011fan \u015eekercio\u011flu&#8217;nu ayr\u0131ca kabul etti\u011fini kaydeden G\u00fcl, &#8220;Do\u00e7. Dr. \u015eekercio\u011flu, tahsiliyle etkileyici, d\u00fcnyaca tan\u0131nan s\u0131rad\u0131\u015f\u0131 bir ara\u015ft\u0131rmac\u0131. Bana Do\u011fu Anadolu B\u00f6lgesi&#8217;nde y\u00fcr\u00fctt\u00fckleri tabiat\u0131 koruma faaliyetlerinden bahsetti. National Geographic kanal\u0131nda belgeseli yay\u0131nlanacakm\u0131\u015f&#8221; ifadelerini kulland\u0131.<\/p>\n<!-- Error, Advert is not available at this time due to schedule\/geolocation restrictions! -->\n","protected":false},"excerpt":{"rendered":"<p>Cumhurba\u015fkan\u0131 Abdullah G\u00fcl,  &#8220;T\u00dcB\u0130TAK Bilim, \u00d6zel ve Te\u015fvik \u00d6d\u00fclleri ile T\u00dcB\u0130TAK-TWAS Te\u015fvik \u00d6d\u00fclleri&#8221;ni alan bilim insanlar\u0131yla ilgili Twitter&#8217;dan yazd\u0131.<\/p>\n","protected":false},"author":3,"featured_media":176341,"comment_status":"open","ping_status":"open","sticky":false,"template":"","format":"standard","meta":{"_acf_changed":false,"footnotes":""},"categories":[6155,5005,349,6224,6805],"tags":[4343,64585,4353,11670],"class_list":["post-154130","post","type-post","status-publish","format-standard","has-post-thumbnail","hentry","category-gundem","category-manset","category-son-dakika","category-teknoloji","category-turkiye","tag-abdullah-gul","tag-abdullah-gul-twitter","tag-cumhurbaskani-abdullah-gul","tag-tubitak"],"acf":[],"_links":{"self":[{"href":"https:\/\/www.nationalturk.com\/tr\/wp-json\/wp\/v2\/posts\/154130","targetHints":{"allow":["GET"]}}],"collection":[{"href":"https:\/\/www.nationalturk.com\/tr\/wp-json\/wp\/v2\/posts"}],"about":[{"href":"https:\/\/www.nationalturk.com\/tr\/wp-json\/wp\/v2\/types\/post"}],"author":[{"embeddable":true,"href":"https:\/\/www.nationalturk.com\/tr\/wp-json\/wp\/v2\/users\/3"}],"replies":[{"embeddable":true,"href":"https:\/\/www.nationalturk.com\/tr\/wp-json\/wp\/v2\/comments?post=154130"}],"version-history":[{"count":0,"href":"https:\/\/www.nationalturk.com\/tr\/wp-json\/wp\/v2\/posts\/154130\/revisions"}],"wp:featuredmedia":[{"embeddable":true,"href":"https:\/\/www.nationalturk.com\/tr\/wp-json\/wp\/v2\/media\/176341"}],"wp:attachment":[{"href":"https:\/\/www.nationalturk.com\/tr\/wp-json\/wp\/v2\/media?parent=154130"}],"wp:term":[{"taxonomy":"category","embeddable":true,"href":"https:\/\/www.nationalturk.com\/tr\/wp-json\/wp\/v2\/categories?post=154130"},{"taxonomy":"post_tag","embeddable":true,"href":"https:\/\/www.nationalturk.com\/tr\/wp-json\/wp\/v2\/tags?post=154130"}],"curies":[{"name":"wp","href":"https:\/\/api.w.org\/{rel}","templated":true}]}}