{"id":154162,"date":"2013-12-05T13:40:49","date_gmt":"2013-12-05T11:40:49","guid":{"rendered":"http:\/\/www.nationalturk.com\/?p=154162"},"modified":"2013-12-05T13:40:49","modified_gmt":"2013-12-05T11:40:49","slug":"bayern-munihte-robben-depremi-154162","status":"publish","type":"post","link":"https:\/\/www.nationalturk.com\/tr\/bayern-munihte-robben-depremi-154162\/","title":{"rendered":"Bayern M\u00fcnih&#8217;te Robben depremi"},"content":{"rendered":"<p><img loading=\"lazy\" decoding=\"async\" class=\"alignnone size-full wp-image-154163\" alt=\"Robben sakatl\u0131k\" src=\"http:\/\/www.nationalturk.com\/tr\/wp-content\/uploads\/2013\/12\/robben_sakatlik.jpg\" width=\"610\" height=\"328\" title=\"\" srcset=\"https:\/\/www.nationalturk.com\/tr\/wp-content\/uploads\/2013\/12\/robben_sakatlik.jpg 610w, https:\/\/www.nationalturk.com\/tr\/wp-content\/uploads\/2013\/12\/robben_sakatlik-280x150.jpg 280w\" sizes=\"auto, (max-width: 610px) 100vw, 610px\" \/><\/p>\n<h1>Almanya Bundesliga&#8217;da liderli\u011fini s\u00fcrd\u00fcren Bayern M\u00fcnih&#8217;te Arjen Robben \u015foku ya\u015fan\u0131yor. Hollandal\u0131 y\u0131ld\u0131z Robben sakatl\u0131\u011f\u0131 nedeniyle 1.5 ay forma giyemeyecek.<\/h1>\n<p>Bayern M\u00fcnih kul\u00fcb\u00fcnden yap\u0131lan a\u00e7\u0131klamaya g\u00f6re d\u00fcn ak\u015fam Augsburg ile oynanan kupa ma\u00e7\u0131n\u0131n 16. dakikas\u0131nda sakatlanarak oyundan \u00e7\u0131kan Robben bug\u00fcn sa\u011fl\u0131k kontrol\u00fcnden ge\u00e7irildi.\u00a0Kul\u00fcp doktoru Hans-Wilhelm M\u00fcller-Wohlfahrt, Hollandal\u0131 futbolcunun dizindeki derin yara ve sa\u011f uyluk kemi\u011finde olu\u015fan \u00f6dem nedeniyle sahalardan en az 6 hafta uzak kalaca\u011f\u0131n\u0131 a\u00e7\u0131klad\u0131.<\/p>\n<p>Arjen Robben ise hayal k\u0131r\u0131kl\u0131\u011f\u0131na u\u011frad\u0131\u011f\u0131n\u0131 belirterek Formda oldu\u011fum bir d\u00f6nemde sakatlanmak \u015fanss\u0131zl\u0131k. Olan oldu. Ancak hedeflerimize ula\u015faca\u011f\u0131m\u0131z ma\u00e7lardan \u00f6nce sahalara haz\u0131r \u015fekilde d\u00f6nece\u011fim&#8221; diye konu\u015ftu.<\/p>\n<p>Bayern M\u00fcnih formas\u0131yla bu sezon 20 ma\u00e7a \u00e7\u0131kan 29 ya\u015f\u0131ndaki oyuncu, 13 gol ve 10 asistlik bir performans sergiledi.<\/p>\n<!-- Error, Advert is not available at this time due to schedule\/geolocation restrictions! -->\n","protected":false},"excerpt":{"rendered":"<p>Almanya Bundesliga&#8217;da liderli\u011fini s\u00fcrd\u00fcren Bayern M\u00fcnih&#8217;te Arjen Robben \u015foku ya\u015fan\u0131yor. Hollandal\u0131 y\u0131ld\u0131z Robben sakatl\u0131\u011f\u0131 nedeniyle 1.5 ay forma giyemeyecek.<\/p>\n","protected":false},"author":4,"featured_media":154163,"comment_status":"open","ping_status":"open","sticky":false,"template":"","format":"standard","meta":{"_acf_changed":false,"footnotes":""},"categories":[6774,6194],"tags":[29937,10140,5176,1668,100658,76926],"class_list":["post-154162","post","type-post","status-publish","format-standard","has-post-thumbnail","hentry","category-futbol","category-spor","tag-arjen-robben","tag-bayern-munih","tag-bundesliga","tag-hollanda","tag-robben","tag-robben-sakatlik"],"acf":[],"_links":{"self":[{"href":"https:\/\/www.nationalturk.com\/tr\/wp-json\/wp\/v2\/posts\/154162","targetHints":{"allow":["GET"]}}],"collection":[{"href":"https:\/\/www.nationalturk.com\/tr\/wp-json\/wp\/v2\/posts"}],"about":[{"href":"https:\/\/www.nationalturk.com\/tr\/wp-json\/wp\/v2\/types\/post"}],"author":[{"embeddable":true,"href":"https:\/\/www.nationalturk.com\/tr\/wp-json\/wp\/v2\/users\/4"}],"replies":[{"embeddable":true,"href":"https:\/\/www.nationalturk.com\/tr\/wp-json\/wp\/v2\/comments?post=154162"}],"version-history":[{"count":0,"href":"https:\/\/www.nationalturk.com\/tr\/wp-json\/wp\/v2\/posts\/154162\/revisions"}],"wp:featuredmedia":[{"embeddable":true,"href":"https:\/\/www.nationalturk.com\/tr\/wp-json\/wp\/v2\/media\/154163"}],"wp:attachment":[{"href":"https:\/\/www.nationalturk.com\/tr\/wp-json\/wp\/v2\/media?parent=154162"}],"wp:term":[{"taxonomy":"category","embeddable":true,"href":"https:\/\/www.nationalturk.com\/tr\/wp-json\/wp\/v2\/categories?post=154162"},{"taxonomy":"post_tag","embeddable":true,"href":"https:\/\/www.nationalturk.com\/tr\/wp-json\/wp\/v2\/tags?post=154162"}],"curies":[{"name":"wp","href":"https:\/\/api.w.org\/{rel}","templated":true}]}}