{"id":154165,"date":"2013-12-05T14:31:44","date_gmt":"2013-12-05T12:31:44","guid":{"rendered":"http:\/\/www.nationalturk.com\/?p=154165"},"modified":"2013-12-05T14:31:44","modified_gmt":"2013-12-05T12:31:44","slug":"boyle-suc-gorulmedi-cagdas-yasami-destekleme-dernegine-neden-bagis-yaptin-154165","status":"publish","type":"post","link":"https:\/\/www.nationalturk.com\/tr\/boyle-suc-gorulmedi-cagdas-yasami-destekleme-dernegine-neden-bagis-yaptin-154165\/","title":{"rendered":"B\u00f6yle su\u00e7 g\u00f6r\u00fclmedi! &#8220;\u00c7a\u011fda\u015f Ya\u015fam\u0131 Destekleme Derne\u011fi&#8217;ne neden ba\u011f\u0131\u015f yapt\u0131n&#8221;"},"content":{"rendered":"<p><img loading=\"lazy\" decoding=\"async\" class=\"alignleft size-medium wp-image-154166\" alt=\"\u00c7a\u011fda\u015f Ya\u015fam\u0131 Destekleme Derne\u011fi\" src=\"http:\/\/www.nationalturk.com\/tr\/wp-content\/uploads\/2013\/12\/cagdas_yasami_destekleme_dernegi-280x178.jpg\" width=\"280\" height=\"178\" title=\"\" srcset=\"https:\/\/www.nationalturk.com\/tr\/wp-content\/uploads\/2013\/12\/cagdas_yasami_destekleme_dernegi-280x178.jpg 280w, https:\/\/www.nationalturk.com\/tr\/wp-content\/uploads\/2013\/12\/cagdas_yasami_destekleme_dernegi.jpg 610w\" sizes=\"auto, (max-width: 280px) 100vw, 280px\" \/><\/p>\n<h1>Taksim Dayan\u0131\u015fmas\u0131 \u00fcyelerinden Cem T\u00fcz\u00fcn hakk\u0131nda \u00c7a\u011fda\u015f Ya\u015fam\u0131 Destekleme Derne\u011fi&#8217;ne ba\u011f\u0131\u015f yapt\u0131\u011f\u0131 gerek\u00e7esiyle vergi incelemesi ba\u015flat\u0131ld\u0131\u011f\u0131 ortaya \u00e7\u0131kt\u0131!<\/h1>\n<p>H\u00fcrriyet gazetesinden Yal\u00e7\u0131n Do\u011fan&#8217;\u0131n yaz\u0131s\u0131;<\/p>\n<p>Cumhuriyet tarihinde b\u00f6yle \u2018su\u00e7\u2019 g\u00f6rmediniz<\/p>\n<p>\u201cB\u0130R vergi incelemesi ile ilgili olarak, yaz\u0131 ekinde yer alan tabloda ayr\u0131nt\u0131lar\u0131na yer verilen \u015fahs\u0131n\u0131za ait (&#8230;) Bankas\u0131 (&#8230;) numaral\u0131 kartla, 2010, 2011 ve 2012 y\u0131llar\u0131nda \u00c7a\u011fda\u015f Ya\u015fam\u0131 Destekleme Derne\u011fi Be\u015fikta\u015f \u015eubesi\u2019ne \u00f6demede bulundu\u011funuz tespit edilmi\u015ftir.<\/p>\n<p>S\u00f6z konusu \u00f6demeleri hangi ama\u00e7la yapt\u0131\u011f\u0131n\u0131za, \u00f6deme kar\u015f\u0131l\u0131\u011f\u0131nda herhangi bir mal veya hizmet al\u0131m\u0131 yap\u0131p yapmad\u0131\u011f\u0131n\u0131za ili\u015fkin bilgi vermek \u00fczere&#8230;\u201d<\/p>\n<p>Tabloda ayr\u0131nt\u0131lara yer verildi\u011fine g\u00f6re, demek ki, ki\u015fisel banka hesaplar\u0131na girilmi\u015f. \u0130\u015fin art\u0131k suyu \u00e7\u0131k\u0131yor.<br \/>\n\u00c7a\u011fda\u015f Ya\u015fam\u0131 Destekleme Derne\u011fi\u2019ne (\u00c7YDD) yard\u0131m etmek ne zamandan beri vergi incelemesine tabi, vergi daireleri ne zamandan beri yasal derneklere yard\u0131m\u0131n amac\u0131n\u0131 inceliyor? \u0130steyen, istedi\u011fi yasal derne\u011fe yard\u0131m eder, sana ne?<br \/>\nVatanda\u015f Cem T\u00fcz\u00fcn\u2019\u00fcn ba\u015f\u0131na gelen olay ayn\u0131yla vaki ve \u015f\u00f6yle.<\/p>\n<p>ANTETL\u0130, M\u00dcH\u00dcRL\u00dc<\/p>\n<p>Vergi dairesinden Cem T\u00fcz\u00fcn\u2019e \u00e7a\u011fr\u0131 geliyor, vergi m\u00fcfetti\u015fiyle g\u00f6r\u00fc\u015fmeye \u00e7a\u011fr\u0131l\u0131yor.<\/p>\n<p>Kap\u0131dan i\u00e7eri girince, \u201cKime geldin, neden geldin\u201d diye soruluyor. Normal. Bilgisayara kayd\u0131 yap\u0131l\u0131yor, g\u00fcvenlik kontrol\u00fcnden ge\u00e7iyor. Normal.<\/p>\n<p>Tebligat memurlar\u0131n\u0131n oldu\u011fu odaya y\u00f6nlendiriliyor. Odada \u00fc\u00e7 g\u00f6revli var. Ad\u0131n\u0131 s\u00f6yl\u00fcyor, zarflar aras\u0131ndan Cem T\u00fcz\u00fcn\u2019e ait zarf bulunuyor.<\/p>\n<p>Vergi m\u00fcfetti\u015finin odas\u0131na gidiyor, zarf a\u00e7\u0131l\u0131yor, Vergi Dairesi antetli, vergi m\u00fcfetti\u015fi (&#8230;) taraf\u0131ndan imzal\u0131, m\u00fch\u00fcrl\u00fc bir k\u00e2\u011f\u0131t \u00e7\u0131k\u0131yor.<\/p>\n<p>Normal durum bitiyor, anormallik ba\u015fl\u0131yor. Anormal durum k\u00e2\u011f\u0131tta yaz\u0131yor. \u201cSen \u00c7YDD\u2019ye hangi ama\u00e7la yard\u0131m ettin?\u201d Vergi m\u00fcfetti\u015fi k\u00e2\u011f\u0131d\u0131 okuyup bu soruyu sorunca, Cem T\u00fcz\u00fcn \u00f6nce \u015fa\u015f\u0131r\u0131yor:<\/p>\n<p>\u201cBu ne bi\u00e7im soru? \u00c7YDD yasalara uygun olarak kurulmu\u015f, \u00fcstelik, Bakanlar Kurulu karar\u0131yla kamu yarar\u0131na \u00e7al\u0131\u015ft\u0131\u011f\u0131 ilan edilmi\u015f\u201d.<\/p>\n<p>Sonra patl\u0131yor:<\/p>\n<p>\u201cSiz bana ne hakla bu derne\u011fe \u00f6deme yapt\u0131\u011f\u0131m\u0131 soruyorsunuz? Amac\u0131n\u0131z bu derne\u011fe katk\u0131da bulunan insanlar\u0131 sindirmekse, bu hukuk d\u0131\u015f\u0131 bir uygulamad\u0131r.\u201d<\/p>\n<p>T\u00fcz\u00fcn\u2019\u00fcn itiraz\u0131na vergi m\u00fcfetti\u015fi hafif mahcup:<br \/>\n\u201c\u0130nceleme yapmayacak m\u0131y\u0131z?\u201d<br \/>\nT\u00fcz\u00fcn iyice sinirleniyor:<br \/>\n\u201cNe incelemesi? Her ay yapt\u0131\u011f\u0131m yard\u0131m, dernekten alaca\u011f\u0131m bir mal veya hizmetin kar\u015f\u0131l\u0131\u011f\u0131 olabilir mi? B\u00f6yle vergi m\u00fcfetti\u015fli\u011fi olmaz, olsa olsa, yarg\u0131 yerine h\u00fck\u00fcmetin kararlar\u0131n\u0131 infaz memurlu\u011fu olur.\u201d<br \/>\nVergi m\u00fcfetti\u015fi tefti\u015f vaziyetinde:<\/p>\n<p>\u201cBiz g\u00f6revimizi hukuk \u00e7er\u00e7evesinde yerine getiririz\u201d.<\/p>\n<p>Cem T\u00fcz\u00fcn pe\u015fini b\u0131rakm\u0131yor:<\/p>\n<p>\u201cNeymi\u015f o hukuk? Yasal bir derne\u011fe ba\u011f\u0131\u015f yapanlara bunun nedenini sormak hukuk mu? Siz ailenizin b\u00f6yle bir \u00fclkede mi ya\u015famas\u0131n\u0131 istiyorsunuz? Yar\u0131n size b\u00f6yle bir tebligat gelse, hangi hukuktan s\u00f6z edeceksiniz? Tebligatla ilgili yan\u0131t\u0131m\u0131 yaz\u0131l\u0131 yollayaca\u011f\u0131m\u201d.<\/p>\n<p>Senaryo filan de\u011fil, aynen b\u00f6yle.<\/p>\n<p>Cem T\u00fcz\u00fcn kim? \u00c7YDD ne?<br \/>\nCem T\u00fcz\u00fcn Gezi s\u0131ras\u0131nda Tayyip Erdo\u011fan\u2019la g\u00f6r\u00fc\u015fen \u201cTaksim Dayan\u0131\u015fmas\u0131\u201d ekibinde yer al\u0131yor. G\u00f6r\u00fc\u015fmede h\u00fck\u00fcmetin uygulamalar\u0131n\u0131 ele\u015ftiriyor, Erdo\u011fan ona k\u0131z\u0131yor. \u015eimdi ak\u0131l almaz fikri takiple hesaplar\u0131 inceleniyor.<\/p>\n<p>\u00c7YDD rahmetli T\u00fcrkan Saylan\u2019\u0131n \u00f6zellikle g\u00fcneydo\u011fuda \u00e7ocuklara yard\u0131m eden, okul a\u00e7an, \u00e7ocuk okutan, sosyal demokrat nitelikli bir dernek. \u00c7YDD\u2019ye \u00e7elenk ba\u011f\u0131\u015f\u0131 nedeniyle Maliye bir s\u00fcre \u00f6nce ba\u011f\u0131\u015ftan vergi almaya kalk\u0131yor, karar mahkemeden d\u00f6n\u00fcyor.<\/p>\n<p>Bu k\u0131sa bilgiler \u201cHangi ama\u00e7la yard\u0131m ettin\u201d sorusuna a\u00e7\u0131kl\u0131k getiriyor. Hukukun ve demokrasinin suyu \u00e7\u0131k\u0131yor.<br \/>\nSiz Cumhuriyet tarihinde b\u00f6yle \u201csu\u00e7\u201d g\u00f6rmediniz.<\/p>\n<!-- Error, Advert is not available at this time due to schedule\/geolocation restrictions! -->\n","protected":false},"excerpt":{"rendered":"<p>Taksim Dayan\u0131\u015fmas\u0131 \u00fcyelerinden Cem T\u00fcz\u00fcn hakk\u0131nda \u00c7a\u011fda\u015f Ya\u015fam\u0131 Destekleme Derne\u011fi&#8217;ne ba\u011f\u0131\u015f yapt\u0131\u011f\u0131 gerek\u00e7esiyle vergi incelemesi ba\u015flat\u0131ld\u0131\u011f\u0131 ortaya \u00e7\u0131kt\u0131!<\/p>\n","protected":false},"author":4,"featured_media":176334,"comment_status":"open","ping_status":"open","sticky":false,"template":"","format":"standard","meta":{"_acf_changed":false,"footnotes":""},"categories":[6155,5005,6202,6805],"tags":[1748,39522,121818,131276,108114],"class_list":["post-154165","post","type-post","status-publish","format-standard","has-post-thumbnail","hentry","category-gundem","category-manset","category-politika","category-turkiye","tag-besiktas","tag-cagdas-yasami-destekleme-dernegi","tag-cydd","tag-taksim-dayanismasi","tag-yalcin-dogan"],"acf":[],"_links":{"self":[{"href":"https:\/\/www.nationalturk.com\/tr\/wp-json\/wp\/v2\/posts\/154165","targetHints":{"allow":["GET"]}}],"collection":[{"href":"https:\/\/www.nationalturk.com\/tr\/wp-json\/wp\/v2\/posts"}],"about":[{"href":"https:\/\/www.nationalturk.com\/tr\/wp-json\/wp\/v2\/types\/post"}],"author":[{"embeddable":true,"href":"https:\/\/www.nationalturk.com\/tr\/wp-json\/wp\/v2\/users\/4"}],"replies":[{"embeddable":true,"href":"https:\/\/www.nationalturk.com\/tr\/wp-json\/wp\/v2\/comments?post=154165"}],"version-history":[{"count":0,"href":"https:\/\/www.nationalturk.com\/tr\/wp-json\/wp\/v2\/posts\/154165\/revisions"}],"wp:featuredmedia":[{"embeddable":true,"href":"https:\/\/www.nationalturk.com\/tr\/wp-json\/wp\/v2\/media\/176334"}],"wp:attachment":[{"href":"https:\/\/www.nationalturk.com\/tr\/wp-json\/wp\/v2\/media?parent=154165"}],"wp:term":[{"taxonomy":"category","embeddable":true,"href":"https:\/\/www.nationalturk.com\/tr\/wp-json\/wp\/v2\/categories?post=154165"},{"taxonomy":"post_tag","embeddable":true,"href":"https:\/\/www.nationalturk.com\/tr\/wp-json\/wp\/v2\/tags?post=154165"}],"curies":[{"name":"wp","href":"https:\/\/api.w.org\/{rel}","templated":true}]}}