{"id":154431,"date":"2013-12-10T11:19:35","date_gmt":"2013-12-10T09:19:35","guid":{"rendered":"http:\/\/www.nationalturk.com\/?p=154431"},"modified":"2013-12-10T11:19:53","modified_gmt":"2013-12-10T09:19:53","slug":"tahliye-olan-mustafa-balbay-cocuklarini-okula-birakti-video-154431","status":"publish","type":"post","link":"https:\/\/www.nationalturk.com\/tr\/tahliye-olan-mustafa-balbay-cocuklarini-okula-birakti-video-154431\/","title":{"rendered":"Tahliye olan Mustafa Balbay \u00e7ocuklar\u0131n\u0131 okula b\u0131rakt\u0131 (Video)"},"content":{"rendered":"<p><img loading=\"lazy\" decoding=\"async\" class=\"alignnone size-large wp-image-154432\" alt=\"Mustafa Balbay\" src=\"http:\/\/www.nationalturk.com\/tr\/wp-content\/uploads\/2013\/12\/mustafa_balbay_tahliye_okul-610x395.jpg\" width=\"610\" height=\"395\" title=\"\" srcset=\"https:\/\/www.nationalturk.com\/tr\/wp-content\/uploads\/2013\/12\/mustafa_balbay_tahliye_okul-610x395.jpg 610w, https:\/\/www.nationalturk.com\/tr\/wp-content\/uploads\/2013\/12\/mustafa_balbay_tahliye_okul-280x181.jpg 280w, https:\/\/www.nationalturk.com\/tr\/wp-content\/uploads\/2013\/12\/mustafa_balbay_tahliye_okul.jpg 1200w\" sizes=\"auto, (max-width: 610px) 100vw, 610px\" \/><\/p>\n<h1>D\u00fcn gece tahliye olan CHP \u0130zmir Milletvekili Mustafa Balbay bu sabah \u00e7ocuklar\u0131n\u0131 okula b\u0131rakt\u0131. Gazetecilere a\u00e7\u0131klamalarda bulunan Mustafa Balbay ger\u00e7ek anlamda hayata yeniden ba\u015flad\u0131\u011f\u0131n\u0131 s\u00f6yledi. (Video)<\/h1>\n<p>CHP \u0130zmir Milletvekili Mustafa Balbay bu sabah Park R\u00f6nesans Konutlar\u0131ndaki evinden \u00e7\u0131karak, k\u0131z\u0131 Ya\u011fmur ve o\u011flu Deniz Balbay&#8217;\u0131 okula b\u0131rakt\u0131. Ba\u015fkent \u00dcniversitesi Ay\u015feabla Okullar\u0131ndan ayr\u0131l\u0131rken gazetecilere a\u00e7\u0131klamalarda bulunan Mustafa Balbay \u00e7ocuklar\u0131n\u0131 okula b\u0131rakman\u0131n hayali oldu\u011funu belirterek, &#8220;Her \u015feyden \u00f6nce bir \u00f6\u011frenci velisiyim. Arkada\u015flar, ilk \u00f6nce tutukland\u0131\u011f\u0131mda ilk akl\u0131ma gelen kendi hayat\u0131m, ne kadar kalaca\u011f\u0131m bir yana, eyvah \u00e7ocuklar\u0131 sa\u011fl\u0131kl\u0131 okutamayaca\u011f\u0131m korkusuydu. \u0130lk akl\u0131ma gelen endi\u015fe o olmu\u015ftu. Ama s\u00fcre\u00e7 i\u00e7inde a\u015ft\u0131k. \u015eimdi onlar\u0131 okula b\u0131rakmak benim i\u00e7in \u00e7ok g\u00fczel bir ba\u015flang\u0131\u00e7. \u00c7ocuklar\u0131 okula b\u0131rakt\u0131ktan sonra ger\u00e7ek anlamda diyorum ki bug\u00fcn hayata yeniden ba\u015flad\u0131k&#8221; diye konu\u015ftu.<\/p>\n<p>Balbay, okulda \u00f6\u011fretmenler ve \u00f6\u011frencilerle sohbet etti\u011fini ifade ederek &#8220;Her \u015fey daha g\u00fczel olacak bir film ad\u0131 olarak kalmayacak dedim onlara. Ger\u00e7ekten buna inan\u0131yorum. \u00c7ok daha umutluyum. Okuldan eve d\u00f6nece\u011fim, karde\u015fimle kahvalt\u0131 yapt\u0131ktan sonra Cumhuriyet gazetesine gidece\u011fim ve hasret giderece\u011fim. Oradan da TBMM&#8217;ye ge\u00e7ece\u011fim&#8221; dedi.<\/p>\n<p>CHP Genel Ba\u015fkan\u0131 Kemal K\u0131l\u0131\u00e7daro\u011flu ile d\u00fcn ak\u015fam telefonla g\u00f6r\u00fc\u015ft\u00fc\u011f\u00fcn\u00fc, bug\u00fcn de y\u00fcz y\u00fcze g\u00f6r\u00fc\u015fece\u011fini ifade eden Balbay, \u00a0&#8220;4 y\u0131l 9 ay sonra geceyi ilk kez evinizde ge\u00e7irdiniz, ne hissettiniz?&#8221; sorusu \u00fczerine ise \u015funlar\u0131 s\u00f6yledi:<\/p>\n<p>&#8220;Ranzada elinizi att\u0131\u011f\u0131n\u0131zda demire \u00e7arpars\u0131n\u0131z. D\u00fcn ak\u015fam elimi att\u0131\u011f\u0131mda sevdi\u011fime \u00e7arpmak \u00e7ok g\u00fczeldi. Onunla olmak, ona dokunmak \u00e7ok g\u00fczeldi. Ranzada g\u00f6z\u00fcn\u00fcz\u00fc a\u00e7t\u0131\u011f\u0131n\u0131zda demir pencere vard\u0131. Burada g\u00f6z\u00fcm\u00fc a\u00e7t\u0131\u011f\u0131mda \u00e7ok g\u00fczel bir avize ve duvarda \u00e7ok g\u00fczel tablolar vard\u0131. Her \u015feyiyle bamba\u015fka bir \u015fey. \u00d6zg\u00fcrl\u00fck zaten ya\u015fam\u0131n b\u00fct\u00fcn\u00fc. Her an sadece d\u0131\u015far\u0131da olmak da de\u011fil \u00f6zg\u00fcrl\u00fck. \u0130nsan\u0131n sevdikleriyle olmas\u0131, insan\u0131n g\u00fczel bir g\u00fcne ba\u015flamas\u0131, g\u00fczel bir g\u00fcn\u00fc bitirmesi, ger\u00e7ekten d\u00fcn onlar\u0131 hissettim.<\/p>\n<p>\u0130lk aileme teslim olaca\u011f\u0131m demi\u015ftim. Kar\u0131m \u00e7ocuklar\u0131m, annem babam karde\u015flerim sonra Cumhuriyet gazetesine, sonra CHP&#8217;ye teslim olaca\u011f\u0131m. 4 tutuklama beni bekliyor. Ben onlarda tutuklu kald\u0131m zaten.&#8221;<\/p>\n[media id=2228 width=610 height=340]\n<!-- Error, Advert is not available at this time due to schedule\/geolocation restrictions! -->\n","protected":false},"excerpt":{"rendered":"<p>D\u00fcn gece tahliye olan CHP \u0130zmir Milletvekili Mustafa Balbay bu sabah \u00e7ocuklar\u0131n\u0131 okula b\u0131rakt\u0131. Gazetecilere a\u00e7\u0131klamalarda bulunan Mustafa Balbay ger\u00e7ek anlamda hayata yeniden ba\u015flad\u0131\u011f\u0131n\u0131 s\u00f6yledi. (Video)<\/p>\n","protected":false},"author":4,"featured_media":176295,"comment_status":"open","ping_status":"open","sticky":false,"template":"","format":"standard","meta":{"_acf_changed":false,"footnotes":""},"categories":[6155,5005,6202,349,6805,342],"tags":[8723,18637,73314],"class_list":["post-154431","post","type-post","status-publish","format-standard","has-post-thumbnail","hentry","category-gundem","category-manset","category-politika","category-son-dakika","category-turkiye","category-video","tag-chp","tag-mustafa-balbay","tag-mustafa-balbay-tahliye"],"acf":[],"_links":{"self":[{"href":"https:\/\/www.nationalturk.com\/tr\/wp-json\/wp\/v2\/posts\/154431","targetHints":{"allow":["GET"]}}],"collection":[{"href":"https:\/\/www.nationalturk.com\/tr\/wp-json\/wp\/v2\/posts"}],"about":[{"href":"https:\/\/www.nationalturk.com\/tr\/wp-json\/wp\/v2\/types\/post"}],"author":[{"embeddable":true,"href":"https:\/\/www.nationalturk.com\/tr\/wp-json\/wp\/v2\/users\/4"}],"replies":[{"embeddable":true,"href":"https:\/\/www.nationalturk.com\/tr\/wp-json\/wp\/v2\/comments?post=154431"}],"version-history":[{"count":0,"href":"https:\/\/www.nationalturk.com\/tr\/wp-json\/wp\/v2\/posts\/154431\/revisions"}],"wp:featuredmedia":[{"embeddable":true,"href":"https:\/\/www.nationalturk.com\/tr\/wp-json\/wp\/v2\/media\/176295"}],"wp:attachment":[{"href":"https:\/\/www.nationalturk.com\/tr\/wp-json\/wp\/v2\/media?parent=154431"}],"wp:term":[{"taxonomy":"category","embeddable":true,"href":"https:\/\/www.nationalturk.com\/tr\/wp-json\/wp\/v2\/categories?post=154431"},{"taxonomy":"post_tag","embeddable":true,"href":"https:\/\/www.nationalturk.com\/tr\/wp-json\/wp\/v2\/tags?post=154431"}],"curies":[{"name":"wp","href":"https:\/\/api.w.org\/{rel}","templated":true}]}}