{"id":154597,"date":"2013-12-12T12:07:53","date_gmt":"2013-12-12T10:07:53","guid":{"rendered":"http:\/\/www.nationalturk.com\/?p=154597"},"modified":"2013-12-12T12:07:53","modified_gmt":"2013-12-12T10:07:53","slug":"unlu-futbol-adamlari-halic-universitesinde-bilic-suker-tigana-luciano-154597","status":"publish","type":"post","link":"https:\/\/www.nationalturk.com\/tr\/unlu-futbol-adamlari-halic-universitesinde-bilic-suker-tigana-luciano-154597\/","title":{"rendered":"\u00dcnl\u00fc futbol adamlar\u0131 Hali\u00e7 \u00dcniversitesi&#8217;nde: Bili\u00e7, Suker, Tigana, Luciano,"},"content":{"rendered":"<p><img loading=\"lazy\" decoding=\"async\" class=\"alignleft size-large wp-image-154598\" alt=\"Hali\u00e7 \u00dcniversitesi panel\" src=\"http:\/\/www.nationalturk.com\/tr\/wp-content\/uploads\/2013\/12\/halic_panel-282x400.jpg\" width=\"282\" height=\"400\" title=\"\" srcset=\"https:\/\/www.nationalturk.com\/tr\/wp-content\/uploads\/2013\/12\/halic_panel-282x400.jpg 282w, https:\/\/www.nationalturk.com\/tr\/wp-content\/uploads\/2013\/12\/halic_panel-155x220.jpg 155w, https:\/\/www.nationalturk.com\/tr\/wp-content\/uploads\/2013\/12\/halic_panel.jpg 720w\" sizes=\"auto, (max-width: 282px) 100vw, 282px\" \/><\/p>\n<h1>Hali\u00e7 \u00dcniversitesi&#8217;nin 12.sini d\u00fczenledi\u011fi T\u00fcrkiye Spor Adamlar\u0131 \u00d6d\u00fclleri 16 Aral\u0131k&#8217;ta ger\u00e7ekle\u015ftirilecek dev panelin ard\u0131ndan sahiplerini bulacak.<\/h1>\n<p>16 Aral\u0131k Pazartesi g\u00fcn\u00fc Hali\u00e7 \u00dcniversitesi&#8217;nin Mecidiyek\u00f6y&#8217;deki binas\u0131nda saat 15:00&#8217;te ba\u015flayacak panele konu\u015fmac\u0131 olarak Be\u015fikta\u015f Teknik Direkt\u00f6r\u00fc Slaven Bili\u00e7, d\u00fcnyaca \u00fcnl\u00fc eski H\u0131rvat golc\u00fc, H\u0131rvatistan Futbol Federasyonu Ba\u015fkan\u0131 Davor Suker, Fenerbah\u00e7e&#8217;nin eski y\u0131ld\u0131z\u0131 Fabio Luciano ve Be\u015fikta\u015f&#8217;\u0131n eski teknik direkt\u00f6rlerinden Jean Tigana konu\u015fmac\u0131 olarak kat\u0131lacak. Panelin moderat\u00f6rl\u00fc\u011f\u00fcn\u00fc ise Hali\u00e7 \u00dcniversitesi Beden E\u011fitimi ve Spor Y\u00fcksekokulu M\u00fcd\u00fcr\u00fc M\u00fcsl\u00fcm G\u00fclhan yapacak.<\/p>\n<p>Panelin ard\u0131ndan ise Taksim Ceylan Inter Continental Otel&#8217;de 12. T\u00fcrkiye Spor Adamlar\u0131 \u00d6d\u00fcl t\u00f6reni d\u00fczenlenecek. Saat 20:30&#8217;da ba\u015flayacak \u00f6d\u00fcl t\u00f6renine spor ve siyaset d\u00fcnyas\u0131ndan bir\u00e7ok \u00fcnl\u00fc isim kat\u0131lacak.<\/p>\n<!-- Error, Advert is not available at this time due to schedule\/geolocation restrictions! -->\n","protected":false},"excerpt":{"rendered":"<p>Hali\u00e7 \u00dcniversitesi&#8217;nin 12.sini d\u00fczenledi\u011fi T\u00fcrkiye Spor Adamlar\u0131 \u00d6d\u00fclleri 16 Aral\u0131k&#8217;ta ger\u00e7ekle\u015ftirilecek dev panelin ard\u0131ndan sahiplerini bulacak.<\/p>\n","protected":false},"author":4,"featured_media":176267,"comment_status":"open","ping_status":"open","sticky":false,"template":"","format":"standard","meta":{"_acf_changed":false,"footnotes":""},"categories":[6774,5005,6194],"tags":[133101,148636,148638,25072,8269,195969,133103],"class_list":["post-154597","post","type-post","status-publish","format-standard","has-post-thumbnail","hentry","category-futbol","category-manset","category-spor","tag-bilic","tag-davor-suker","tag-fabio-luciano","tag-halic-universitesi","tag-jean-tigana","tag-muslum-gulhan","tag-slaven-bilic"],"acf":[],"_links":{"self":[{"href":"https:\/\/www.nationalturk.com\/tr\/wp-json\/wp\/v2\/posts\/154597","targetHints":{"allow":["GET"]}}],"collection":[{"href":"https:\/\/www.nationalturk.com\/tr\/wp-json\/wp\/v2\/posts"}],"about":[{"href":"https:\/\/www.nationalturk.com\/tr\/wp-json\/wp\/v2\/types\/post"}],"author":[{"embeddable":true,"href":"https:\/\/www.nationalturk.com\/tr\/wp-json\/wp\/v2\/users\/4"}],"replies":[{"embeddable":true,"href":"https:\/\/www.nationalturk.com\/tr\/wp-json\/wp\/v2\/comments?post=154597"}],"version-history":[{"count":0,"href":"https:\/\/www.nationalturk.com\/tr\/wp-json\/wp\/v2\/posts\/154597\/revisions"}],"wp:featuredmedia":[{"embeddable":true,"href":"https:\/\/www.nationalturk.com\/tr\/wp-json\/wp\/v2\/media\/176267"}],"wp:attachment":[{"href":"https:\/\/www.nationalturk.com\/tr\/wp-json\/wp\/v2\/media?parent=154597"}],"wp:term":[{"taxonomy":"category","embeddable":true,"href":"https:\/\/www.nationalturk.com\/tr\/wp-json\/wp\/v2\/categories?post=154597"},{"taxonomy":"post_tag","embeddable":true,"href":"https:\/\/www.nationalturk.com\/tr\/wp-json\/wp\/v2\/tags?post=154597"}],"curies":[{"name":"wp","href":"https:\/\/api.w.org\/{rel}","templated":true}]}}