{"id":154616,"date":"2013-12-12T14:19:28","date_gmt":"2013-12-12T12:19:28","guid":{"rendered":"http:\/\/www.nationalturk.com\/?p=154616"},"modified":"2013-12-12T14:19:28","modified_gmt":"2013-12-12T12:19:28","slug":"sneijder-manchester-united-iddialari-hakkinda-konustu-154616","status":"publish","type":"post","link":"https:\/\/www.nationalturk.com\/tr\/sneijder-manchester-united-iddialari-hakkinda-konustu-154616\/","title":{"rendered":"Sneijder Manchester United iddialar\u0131 hakk\u0131nda konu\u015ftu"},"content":{"rendered":"<p><img loading=\"lazy\" decoding=\"async\" class=\"alignnone size-large wp-image-154617\" alt=\"Sneijder Manchester United\" src=\"http:\/\/www.nationalturk.com\/tr\/wp-content\/uploads\/2013\/12\/sneijder_manchester_united_transfer-610x389.jpg\" width=\"610\" height=\"389\" title=\"\" srcset=\"https:\/\/www.nationalturk.com\/tr\/wp-content\/uploads\/2013\/12\/sneijder_manchester_united_transfer-610x389.jpg 610w, https:\/\/www.nationalturk.com\/tr\/wp-content\/uploads\/2013\/12\/sneijder_manchester_united_transfer-280x178.jpg 280w, https:\/\/www.nationalturk.com\/tr\/wp-content\/uploads\/2013\/12\/sneijder_manchester_united_transfer.jpg 1055w\" sizes=\"auto, (max-width: 610px) 100vw, 610px\" \/><\/p>\n<h1>Juventus ma\u00e7\u0131nda att\u0131\u011f\u0131 golle Galatasaray&#8217;\u0131 \u015eampiyonlar Ligi&#8217;nde 2. tura ta\u015f\u0131yan Wesley Sneijder Manchester United&#8217;a transfer olaca\u011f\u0131na y\u00f6nelik \u00e7\u0131kan haberler hakk\u0131nda konu\u015ftu.<\/h1>\n<p>Galatasaray&#8217;\u0131n Hollandal\u0131 y\u0131ld\u0131z\u0131 Wesley Sneijder, hakk\u0131nda \u00e7\u0131kan transfer s\u00f6ylentilerinin do\u011fruyu yans\u0131tmad\u0131\u011f\u0131n\u0131 ve Galatasaray&#8217;da mutlu oldu\u011funu s\u00f6yledi.\u00a0Hollanda bas\u0131n\u0131na a\u00e7\u0131klamalarda bulunan Sneijder, Manchester United&#8217;a transfer olaca\u011f\u0131 y\u00f6n\u00fcndeki haberlerin hat\u0131rlat\u0131lmas\u0131 \u00fczerine\u00a0&#8220;Ben de t\u00fcm yaz\u0131lanlar\u0131 gazetelerden takip ediyorum. Her transfer d\u00f6nemi \u00f6ncesinde buna benzer haberler yap\u0131l\u0131r.\u00a0Kendimi medya \u00f6n\u00fcnde s\u00fcrekli kan\u0131tlamama gerek yok. Galatasaray&#8217;da mutluyum ve performans\u0131mdan memnunum. \u015eampiyonlar Ligi&#8217;nde katetti\u011fimiz mesafe harika&#8221; ifadelerini kulland\u0131.<\/p>\n<p>Sneijder,\u00a0futbolda gelece\u011fin neler getirece\u011finin belirsiz oldu\u011funu hat\u0131rlat\u0131rken, T\u00fcrkiye&#8217;deki taraftarlar\u0131n futbola kar\u015f\u0131 \u00e7ok duygusal ve tutkulu olmas\u0131n\u0131n, bazen kendisi i\u00e7in s\u0131k\u0131nt\u0131 yaratt\u0131\u011f\u0131n\u0131 kaydetti.<\/p>\n<!-- Error, Advert is not available at this time due to schedule\/geolocation restrictions! -->\n","protected":false},"excerpt":{"rendered":"<p>Juventus ma\u00e7\u0131nda att\u0131\u011f\u0131 golle Galatasaray&#8217;\u0131 \u015eampiyonlar Ligi&#8217;nde 2. tura ta\u015f\u0131yan Wesley Sneijder Manchester United&#8217;a transfer olaca\u011f\u0131na y\u00f6nelik \u00e7\u0131kan haberler hakk\u0131nda konu\u015ftu.<\/p>\n","protected":false},"author":4,"featured_media":176264,"comment_status":"open","ping_status":"open","sticky":false,"template":"","format":"standard","meta":{"_acf_changed":false,"footnotes":""},"categories":[6774,6194],"tags":[4114,1668,142847,120119,148663,148664,148665,30871,148666],"class_list":["post-154616","post","type-post","status-publish","format-standard","has-post-thumbnail","hentry","category-futbol","category-spor","tag-galatasaray","tag-hollanda","tag-juventus-galatasaray","tag-sneijder","tag-sneijder-manchester","tag-sneijder-manchester-united","tag-sneijder-transfer","tag-wesley-sneijder","tag-wesley-sneijder-galatasaray-transfer"],"acf":[],"_links":{"self":[{"href":"https:\/\/www.nationalturk.com\/tr\/wp-json\/wp\/v2\/posts\/154616","targetHints":{"allow":["GET"]}}],"collection":[{"href":"https:\/\/www.nationalturk.com\/tr\/wp-json\/wp\/v2\/posts"}],"about":[{"href":"https:\/\/www.nationalturk.com\/tr\/wp-json\/wp\/v2\/types\/post"}],"author":[{"embeddable":true,"href":"https:\/\/www.nationalturk.com\/tr\/wp-json\/wp\/v2\/users\/4"}],"replies":[{"embeddable":true,"href":"https:\/\/www.nationalturk.com\/tr\/wp-json\/wp\/v2\/comments?post=154616"}],"version-history":[{"count":0,"href":"https:\/\/www.nationalturk.com\/tr\/wp-json\/wp\/v2\/posts\/154616\/revisions"}],"wp:featuredmedia":[{"embeddable":true,"href":"https:\/\/www.nationalturk.com\/tr\/wp-json\/wp\/v2\/media\/176264"}],"wp:attachment":[{"href":"https:\/\/www.nationalturk.com\/tr\/wp-json\/wp\/v2\/media?parent=154616"}],"wp:term":[{"taxonomy":"category","embeddable":true,"href":"https:\/\/www.nationalturk.com\/tr\/wp-json\/wp\/v2\/categories?post=154616"},{"taxonomy":"post_tag","embeddable":true,"href":"https:\/\/www.nationalturk.com\/tr\/wp-json\/wp\/v2\/tags?post=154616"}],"curies":[{"name":"wp","href":"https:\/\/api.w.org\/{rel}","templated":true}]}}