{"id":154651,"date":"2013-12-13T11:34:29","date_gmt":"2013-12-13T09:34:29","guid":{"rendered":"http:\/\/www.nationalturk.com\/?p=154651"},"modified":"2026-04-27T02:21:23","modified_gmt":"2026-04-26T23:21:23","slug":"besiktas-tolga-zenginin-annesi-icin-trabzonda-154651","status":"publish","type":"post","link":"https:\/\/www.nationalturk.com\/tr\/besiktas-tolga-zenginin-annesi-icin-trabzonda-154651\/","title":{"rendered":"Be\u015fikta\u015f, Tolga Zengin&#8217;in annesi i\u00e7in Trabzon&#8217;da"},"content":{"rendered":"<p><img loading=\"lazy\" decoding=\"async\" class=\"alignnone size-large wp-image-154652\" alt=\"Melek zengin cenaze\" src=\"http:\/\/www.nationalturk.com\/tr\/wp-content\/uploads\/2013\/12\/melek_zengin-610x344.jpg\" width=\"610\" height=\"344\" title=\"\" srcset=\"https:\/\/www.nationalturk.com\/tr\/wp-content\/uploads\/2013\/12\/melek_zengin-610x344.jpg 610w, https:\/\/www.nationalturk.com\/tr\/wp-content\/uploads\/2013\/12\/melek_zengin-280x158.jpg 280w, https:\/\/www.nationalturk.com\/tr\/wp-content\/uploads\/2013\/12\/melek_zengin.jpg 620w\" sizes=\"auto, (max-width: 610px) 100vw, 610px\" \/><\/p>\n<h1>Be\u015fikta\u015f&#8217;\u0131n milli kalecisi Tolga Zengin&#8217;in annesi Melek Zengin d\u00fcn ak\u015fam hayat\u0131n\u0131 kaybetti. Be\u015fikta\u015f kul\u00fcb\u00fc \u00f6zel u\u00e7ak tutarak kalabal\u0131k bir kafileyle cenaze t\u00f6reni i\u00e7in Trabzon&#8217;a gitti.<\/h1>\n<p>Be\u015fikta\u015f&#8217;ta Tolga Zengin \u00fcz\u00fcnt\u00fcs\u00fc ya\u015fan\u0131yor. Milli kalecinin d\u00fcn vefat eden annesi Melek Zengin bug\u00fcn Trabzon&#8217;da topra\u011fa verilecek. Be\u015fikta\u015f kul\u00fcb\u00fc de Fikret Orman, y\u00f6neticiler, teknik direkt\u00f6r Bili\u00e7, futbolcular ve kul\u00fcp personeliyle Trabzon&#8217;a giderek Tolga&#8217;y\u0131 yaln\u0131z b\u0131rakmad\u0131.<\/p>\n<p>Bu sabah saatlerinde \u00f6zel u\u00e7akla Trabzon&#8217;a giden Be\u015fikta\u015f kafilesinde Ba\u015fkan Fikret Orman, y\u00f6neticiler, futbolcular, Teknik Direkt\u00f6r Slaven Bilic, teknik heyet ve kul\u00fcp personeli de yer ald\u0131. Tolga Zengin&#8217;in annesi Melek Zengin&#8217;in cenaze t\u00f6renine kat\u0131lacak olan siyah-beyazl\u0131lar ak\u015fam saatlerinde \u0130stanbul&#8217;a d\u00f6necek.<\/p>\n<p>Melek Zengin, bug\u00fcn ikindi namaz\u0131n\u0131n ard\u0131ndan Trabzon \u0130skenderpa\u015fa Camisi&#8217;nde k\u0131l\u0131nacak olan cenaze namaz\u0131ndan sonra Bostanc\u0131 Mezarl\u0131\u011f\u0131&#8217;nda topra\u011fa verilecek.<\/p>\n<!-- Error, Advert is not available at this time due to schedule\/geolocation restrictions! -->\n","protected":false},"excerpt":{"rendered":"<p>Be\u015fikta\u015f&#8217;\u0131n milli kalecisi Tolga Zengin&#8217;in annesi Melek Zengin d\u00fcn ak\u015fam hayat\u0131n\u0131 kaybetti. Be\u015fikta\u015f kul\u00fcb\u00fc \u00f6zel u\u00e7ak tutarak kalabal\u0131k bir kafileyle cenaze t\u00f6reni i\u00e7in Trabzon&#8217;a gitti.<\/p>\n","protected":false},"author":4,"featured_media":176258,"comment_status":"open","ping_status":"open","sticky":false,"template":"","format":"standard","meta":{"_acf_changed":false,"footnotes":""},"categories":[6774,5005,6194],"tags":[1748,60728,148699,148701,136709,148702,3037],"class_list":["post-154651","post","type-post","status-publish","format-standard","has-post-thumbnail","hentry","category-futbol","category-manset","category-spor","tag-besiktas","tag-besiktas-trabzon","tag-melek-zengin","tag-melek-zengin-cenaze-toreni","tag-tolga-zengin-annesi","tag-tolga-zengin-annesi-cenaze","tag-trabzon"],"acf":[],"_links":{"self":[{"href":"https:\/\/www.nationalturk.com\/tr\/wp-json\/wp\/v2\/posts\/154651","targetHints":{"allow":["GET"]}}],"collection":[{"href":"https:\/\/www.nationalturk.com\/tr\/wp-json\/wp\/v2\/posts"}],"about":[{"href":"https:\/\/www.nationalturk.com\/tr\/wp-json\/wp\/v2\/types\/post"}],"author":[{"embeddable":true,"href":"https:\/\/www.nationalturk.com\/tr\/wp-json\/wp\/v2\/users\/4"}],"replies":[{"embeddable":true,"href":"https:\/\/www.nationalturk.com\/tr\/wp-json\/wp\/v2\/comments?post=154651"}],"version-history":[{"count":1,"href":"https:\/\/www.nationalturk.com\/tr\/wp-json\/wp\/v2\/posts\/154651\/revisions"}],"predecessor-version":[{"id":308914,"href":"https:\/\/www.nationalturk.com\/tr\/wp-json\/wp\/v2\/posts\/154651\/revisions\/308914"}],"wp:featuredmedia":[{"embeddable":true,"href":"https:\/\/www.nationalturk.com\/tr\/wp-json\/wp\/v2\/media\/176258"}],"wp:attachment":[{"href":"https:\/\/www.nationalturk.com\/tr\/wp-json\/wp\/v2\/media?parent=154651"}],"wp:term":[{"taxonomy":"category","embeddable":true,"href":"https:\/\/www.nationalturk.com\/tr\/wp-json\/wp\/v2\/categories?post=154651"},{"taxonomy":"post_tag","embeddable":true,"href":"https:\/\/www.nationalturk.com\/tr\/wp-json\/wp\/v2\/tags?post=154651"}],"curies":[{"name":"wp","href":"https:\/\/api.w.org\/{rel}","templated":true}]}}