{"id":154783,"date":"2013-12-16T16:37:29","date_gmt":"2013-12-16T14:37:29","guid":{"rendered":"http:\/\/www.nationalturk.com\/?p=154783"},"modified":"2013-12-16T16:37:29","modified_gmt":"2013-12-16T14:37:29","slug":"ali-ismail-korkmazin-annesi-hakkimi-fatma-sahine-helal-etmiyorum-154783","status":"publish","type":"post","link":"https:\/\/www.nationalturk.com\/tr\/ali-ismail-korkmazin-annesi-hakkimi-fatma-sahine-helal-etmiyorum-154783\/","title":{"rendered":"Ali \u0130smail Korkmaz&#8217;\u0131n annesi: Hakk\u0131m\u0131 Fatma \u015eahin&#8217;e helal etmiyorum"},"content":{"rendered":"<p><img loading=\"lazy\" decoding=\"async\" class=\"alignnone size-large wp-image-154784\" alt=\"Emel Korkmaz\" src=\"http:\/\/www.nationalturk.com\/tr\/wp-content\/uploads\/2013\/12\/emel_korkmaz_938472-610x344.jpg\" width=\"610\" height=\"344\" title=\"\" srcset=\"https:\/\/www.nationalturk.com\/tr\/wp-content\/uploads\/2013\/12\/emel_korkmaz_938472-610x344.jpg 610w, https:\/\/www.nationalturk.com\/tr\/wp-content\/uploads\/2013\/12\/emel_korkmaz_938472-280x158.jpg 280w, https:\/\/www.nationalturk.com\/tr\/wp-content\/uploads\/2013\/12\/emel_korkmaz_938472.jpg 620w\" sizes=\"auto, (max-width: 610px) 100vw, 610px\" \/><\/p>\n<h1>Gezi Park\u0131 direni\u015fi s\u0131ras\u0131nda Eski\u015fehir&#8217;de sopalarla d\u00f6v\u00fclerek \u00f6ld\u00fcr\u00fclen Ali \u0130smail Korkmaz&#8217;\u0131n annesi Emel Korkmaz&#8217;\u0131n yazd\u0131\u011f\u0131 mektup TBMM Genel Kurulu&#8217;nda okundu. Emel Korkmaz, bakan Fatma \u015eahin&#8217;e hakk\u0131n\u0131 helal etmedi\u011fini belirtti.<\/h1>\n<p>CHP Tekirda\u011f Milletvekili Candan Y\u00fcceer, Meclis Genel Kurulu\u2019nda Aile ve Sosyal Politikalar Bakanl\u0131\u011f\u0131\u2019n\u0131n b\u00fct\u00e7e g\u00f6r\u00fc\u015fmesinde Eski\u015fehir\u2019de Gezi Park\u0131 direni\u015fi s\u0131ras\u0131nda \u00f6ld\u00fcr\u00fclen Ali \u0130smail Korkmaz\u2019\u0131n annesi Emel Korkmaz\u2019\u0131n mektubunu \u00a0okudu.<\/p>\n<p><strong>\u0130\u015fte anne Korkmaz&#8217;\u0131n mektubu;<\/strong><\/p>\n<p>&#8220;Ali \u0130smailimin y\u00fcre\u011fi sevgi doluydu, hayat\u0131, insanlar\u0131, do\u011fay\u0131, hayvanlar\u0131 \u00e7ok seviyordu. Bu ac\u0131yla nas\u0131l ya\u015fayaca\u011f\u0131m\u0131 d\u00fc\u015f\u00fcn\u00fcrken \u015fimdi bizlere yeni ac\u0131lar ya\u015fat\u0131yorlar. Ali \u0130smail\u2019in davas\u0131n\u0131 bizlerden ka\u00e7\u0131r\u0131yorlar. Ali \u0130smailim, o g\u00fcn arkada\u015flar\u0131yla yeni bir eve ta\u015f\u0131nma tela\u015f\u0131 i\u00e7erisindeydi. Kontrat imzalay\u0131p kendi evlerine d\u00f6nd\u00fckleri s\u0131rada o ak\u015fam, yap\u0131lan y\u00fcr\u00fcy\u00fc\u015f\u00fc g\u00f6rm\u00fc\u015fler ve kat\u0131lm\u0131\u015flar. E\u015fyalar\u0131 odas\u0131na geldi ancak kendisi eve gelemedi. Neden benim yavrumu \u00f6ld\u00fcrd\u00fcler? Yavrumun ac\u0131mas\u0131zca \u00f6ld\u00fcresiye d\u00f6v\u00fcld\u00fc\u011f\u00fcn\u00fc, nas\u0131l katledildi\u011fini herkes izledi. Say\u0131n Fatma \u015eahin izlerken hi\u00e7 mi i\u00e7i s\u0131zlamad\u0131, hi\u00e7 mi duygulanmad\u0131 ki bir kez olsun \u2018B\u00f6yle olsun istemezdik\u2019 demedi, bir ba\u015fsa\u011fl\u0131\u011f\u0131 dilemedi. Benim yavruma d\u00fcnyan\u0131n her yerinden rahmet okundu. Yavrusu kuca\u011f\u0131ndan al\u0131nan bir anne olarak ben hakk\u0131m\u0131 Fatma \u015eahin\u2019e helal etmiyorum. Allah hi\u00e7bir anneye bu ac\u0131y\u0131 ya\u015fatmas\u0131n.&#8221;<\/p>\n<!-- Error, Advert is not available at this time due to schedule\/geolocation restrictions! -->\n","protected":false},"excerpt":{"rendered":"<p>Gezi Park\u0131 direni\u015fi s\u0131ras\u0131nda Eski\u015fehir&#8217;de sopalarla d\u00f6v\u00fclerek \u00f6ld\u00fcr\u00fclen Ali \u0130smail Korkmaz&#8217;\u0131n annesi Emel Korkmaz&#8217;\u0131n yazd\u0131\u011f\u0131 mektup TBMM Genel Kurulu&#8217;nda okundu. Emel Korkmaz, bakan Fatma \u015eahin&#8217;e hakk\u0131n\u0131 helal etmedi\u011fini belirtti.<\/p>\n","protected":false},"author":4,"featured_media":176232,"comment_status":"open","ping_status":"open","sticky":false,"template":"","format":"standard","meta":{"_acf_changed":false,"footnotes":""},"categories":[6155,5005,6202,6805],"tags":[134880,148861,78679,92829,131452],"class_list":["post-154783","post","type-post","status-publish","format-standard","has-post-thumbnail","hentry","category-gundem","category-manset","category-politika","category-turkiye","tag-ali-ismail-korkmaz","tag-emel-korkmaz","tag-fatma-sahin","tag-gezi-parki","tag-gezi-parki-direnisi"],"acf":[],"_links":{"self":[{"href":"https:\/\/www.nationalturk.com\/tr\/wp-json\/wp\/v2\/posts\/154783","targetHints":{"allow":["GET"]}}],"collection":[{"href":"https:\/\/www.nationalturk.com\/tr\/wp-json\/wp\/v2\/posts"}],"about":[{"href":"https:\/\/www.nationalturk.com\/tr\/wp-json\/wp\/v2\/types\/post"}],"author":[{"embeddable":true,"href":"https:\/\/www.nationalturk.com\/tr\/wp-json\/wp\/v2\/users\/4"}],"replies":[{"embeddable":true,"href":"https:\/\/www.nationalturk.com\/tr\/wp-json\/wp\/v2\/comments?post=154783"}],"version-history":[{"count":0,"href":"https:\/\/www.nationalturk.com\/tr\/wp-json\/wp\/v2\/posts\/154783\/revisions"}],"wp:featuredmedia":[{"embeddable":true,"href":"https:\/\/www.nationalturk.com\/tr\/wp-json\/wp\/v2\/media\/176232"}],"wp:attachment":[{"href":"https:\/\/www.nationalturk.com\/tr\/wp-json\/wp\/v2\/media?parent=154783"}],"wp:term":[{"taxonomy":"category","embeddable":true,"href":"https:\/\/www.nationalturk.com\/tr\/wp-json\/wp\/v2\/categories?post=154783"},{"taxonomy":"post_tag","embeddable":true,"href":"https:\/\/www.nationalturk.com\/tr\/wp-json\/wp\/v2\/tags?post=154783"}],"curies":[{"name":"wp","href":"https:\/\/api.w.org\/{rel}","templated":true}]}}