{"id":154916,"date":"2013-12-18T09:46:48","date_gmt":"2013-12-18T07:46:48","guid":{"rendered":"http:\/\/www.nationalturk.com\/?p=154916"},"modified":"2022-09-12T15:05:22","modified_gmt":"2022-09-12T12:05:22","slug":"meksika-lideri-onuruna-koskte-yemek-154916","status":"publish","type":"post","link":"https:\/\/www.nationalturk.com\/tr\/meksika-lideri-onuruna-koskte-yemek-154916\/","title":{"rendered":"Meksika lideri onuruna k\u00f6\u015fkte yemek"},"content":{"rendered":"<h1><a href=\"http:\/\/www.nationalturk.com\/tr\/wp-content\/uploads\/2013\/12\/meksika-cumhurbaskani-turkiye.jpg\"><img loading=\"lazy\" decoding=\"async\" class=\"alignleft size-medium wp-image-154917\" alt=\"meksika-cumhurbaskani-turkiye\" src=\"http:\/\/www.nationalturk.com\/tr\/wp-content\/uploads\/2013\/12\/meksika-cumhurbaskani-turkiye-280x189.jpg\" width=\"280\" height=\"189\" title=\"\" srcset=\"https:\/\/www.nationalturk.com\/tr\/wp-content\/uploads\/2013\/12\/meksika-cumhurbaskani-turkiye-280x189.jpg 280w, https:\/\/www.nationalturk.com\/tr\/wp-content\/uploads\/2013\/12\/meksika-cumhurbaskani-turkiye-589x400.jpg 589w, https:\/\/www.nationalturk.com\/tr\/wp-content\/uploads\/2013\/12\/meksika-cumhurbaskani-turkiye.jpg 625w\" sizes=\"auto, (max-width: 280px) 100vw, 280px\" \/><\/a>Cumhurba\u015fkan\u0131 Abdullah G\u00fcl, T\u00fcrkiye&#8217;ye resmi ziyarette bulunan Meksika Cumhurba\u015fkan\u0131 Enrique Pena Nieto ve e\u015fi Angelica Rivare Hurtado de Pena onuruna \u00c7ankaya K\u00f6\u015fk\u00fc&#8217;nde ak\u015fam yeme\u011fi verdi.<\/h1>\n<p>Cumhurba\u015fkan\u0131 G\u00fcl, Pena Nieto ve e\u015fleri, konuklar\u0131 B\u00fcy\u00fck Resepsiyon Salonu giri\u015finde kar\u015f\u0131lad\u0131.<\/p>\n<p>Yeme\u011fe, Ba\u015fbakan Yard\u0131mc\u0131s\u0131 Ali Babacan ve e\u015fi Zeynep Babacan, \u00c7al\u0131\u015fma ve Sosyal G\u00fcvenlik Bakan\u0131 Faruk \u00c7elik, G\u00fcmr\u00fck Ticaret Bakan\u0131 Hayati Yaz\u0131c\u0131 ve e\u015fi Selma Yaz\u0131c\u0131, Meksika&#8217;l\u0131 baz\u0131 bakanlar, ABD&#8217;nin Ankara B\u00fcy\u00fckel\u00e7isi Fran\u00e7is Ricardone&#8217;nin de aralar\u0131nda bulundu\u011fu baz\u0131 b\u00fcy\u00fckel\u00e7iler, T\u00fcrk Hava Yollar\u0131 Genel M\u00fcd\u00fcr\u00fc Temel Kotil, T\u00dcRSAB Ba\u015fkan\u0131 Ba\u015faran Ulusoy, T\u00fcrk ve Meksika&#8217;l\u0131 i\u015f adamlar\u0131 ile di\u011fer davetliler kat\u0131ld\u0131.<\/p>\n<p>Cumhurba\u015fkan\u0131 G\u00fcl yemekte yapt\u0131\u011f\u0131 konu\u015fmada, &#8220;T\u00fcrkiye ve Meksika, g\u00fcn\u00fcm\u00fczde de demokrasi, hukukun \u00fcst\u00fcnl\u00fc\u011f\u00fc, temel hak ve \u00f6zg\u00fcrl\u00fckler, serbest piyasa ve h\u00fcr te\u015febb\u00fcs gibi evrensel de\u011ferlerle birbirine ba\u011fl\u0131d\u0131r. \u015eimdi yap\u0131lmas\u0131 gereken, i\u015fbirli\u011fimizin kapsam\u0131n\u0131, ili\u015fkilerimizin tarihi derinli\u011fine ve dostluk ruhuna yara\u015f\u0131r seviyelere y\u00fckseltmektir&#8221; dedi.<\/p>\n<p>Meksika Cumhurba\u015fkan\u0131 Nieto ise &#8220;\u00dclkelerimiz aras\u0131ndaki co\u011frafi mesafeye ra\u011fmen T\u00fcrkiye ve Meksika&#8217;n\u0131n ba\u011flar\u0131 daima g\u00fc\u00e7l\u00fc olmu\u015ftur. T\u00fcrkiye ve Meksika ili\u015fkilerinin bug\u00fcn yeni bir d\u00f6neme girdi\u011finden hi\u00e7 \u015f\u00fcphem yoktur. Halklar\u0131m\u0131z daha iyi bir gelecek i\u00e7in yak\u0131nla\u015fmay\u0131 ve g\u00fc\u00e7lerini birle\u015ftirmeyi bildikleri i\u00e7in bundan eminim&#8221; diye konu\u015ftu.<\/p>\n<!-- Error, Advert is not available at this time due to schedule\/geolocation restrictions! -->\n","protected":false},"excerpt":{"rendered":"<p>Cumhurba\u015fkan\u0131 Abdullah G\u00fcl, T\u00fcrkiye&#8217;ye resmi ziyarette bulunan Meksika Cumhurba\u015fkan\u0131 Enrique Pena Nieto ve e\u015fi Angelica Rivare Hurtado de Pena onuruna \u00c7ankaya K\u00f6\u015fk\u00fc&#8217;nde ak\u015fam yeme\u011fi verdi.<\/p>\n","protected":false},"author":3,"featured_media":176208,"comment_status":"open","ping_status":"open","sticky":false,"template":"","format":"standard","meta":{"_acf_changed":false,"footnotes":""},"categories":[6155,6771,5005,6202],"tags":[4343,31896,4353,149010,827],"class_list":["post-154916","post","type-post","status-publish","format-standard","has-post-thumbnail","hentry","category-gundem","category-latin-amerika","category-manset","category-politika","tag-abdullah-gul","tag-cumhurbaskani","tag-cumhurbaskani-abdullah-gul","tag-enrique-pena-nieto","tag-meksika"],"acf":[],"_links":{"self":[{"href":"https:\/\/www.nationalturk.com\/tr\/wp-json\/wp\/v2\/posts\/154916","targetHints":{"allow":["GET"]}}],"collection":[{"href":"https:\/\/www.nationalturk.com\/tr\/wp-json\/wp\/v2\/posts"}],"about":[{"href":"https:\/\/www.nationalturk.com\/tr\/wp-json\/wp\/v2\/types\/post"}],"author":[{"embeddable":true,"href":"https:\/\/www.nationalturk.com\/tr\/wp-json\/wp\/v2\/users\/3"}],"replies":[{"embeddable":true,"href":"https:\/\/www.nationalturk.com\/tr\/wp-json\/wp\/v2\/comments?post=154916"}],"version-history":[{"count":0,"href":"https:\/\/www.nationalturk.com\/tr\/wp-json\/wp\/v2\/posts\/154916\/revisions"}],"wp:featuredmedia":[{"embeddable":true,"href":"https:\/\/www.nationalturk.com\/tr\/wp-json\/wp\/v2\/media\/176208"}],"wp:attachment":[{"href":"https:\/\/www.nationalturk.com\/tr\/wp-json\/wp\/v2\/media?parent=154916"}],"wp:term":[{"taxonomy":"category","embeddable":true,"href":"https:\/\/www.nationalturk.com\/tr\/wp-json\/wp\/v2\/categories?post=154916"},{"taxonomy":"post_tag","embeddable":true,"href":"https:\/\/www.nationalturk.com\/tr\/wp-json\/wp\/v2\/tags?post=154916"}],"curies":[{"name":"wp","href":"https:\/\/api.w.org\/{rel}","templated":true}]}}