{"id":155114,"date":"2013-12-20T11:13:37","date_gmt":"2013-12-20T09:13:37","guid":{"rendered":"http:\/\/www.nationalturk.com\/?p=155114"},"modified":"2022-08-26T12:39:59","modified_gmt":"2022-08-26T09:39:59","slug":"besiktasli-ali-ece-canli-yayinda-boyle-cildirdi-video-155114","status":"publish","type":"post","link":"https:\/\/www.nationalturk.com\/tr\/besiktasli-ali-ece-canli-yayinda-boyle-cildirdi-video-155114\/","title":{"rendered":"Be\u015fikta\u015fl\u0131 Ali Ece canl\u0131 yay\u0131nda b\u00f6yle \u00e7\u0131ld\u0131rd\u0131 \/ Video"},"content":{"rendered":"<h1><img loading=\"lazy\" decoding=\"async\" class=\"alignleft size-medium wp-image-155115\" alt=\"Ali Ece\" src=\"http:\/\/www.nationalturk.com\/tr\/wp-content\/uploads\/2013\/12\/ali_ece-280x206.jpg\" width=\"280\" height=\"206\" title=\"\" srcset=\"https:\/\/www.nationalturk.com\/tr\/wp-content\/uploads\/2013\/12\/ali_ece-280x206.jpg 280w, https:\/\/www.nationalturk.com\/tr\/wp-content\/uploads\/2013\/12\/ali_ece.jpg 467w\" sizes=\"auto, (max-width: 280px) 100vw, 280px\" \/><\/h1>\n<h1>PFDK&#8217;n\u0131n d\u00fcn Motta&#8217;ya 3, Kas\u0131mpa\u015fa&#8217;ya ise 2 ma\u00e7 ceza vermesinin ard\u0131ndan TRT Spor yorumcusu Be\u015fikta\u015fl\u0131 yorumcu Ali Ece adeta \u00e7\u0131ld\u0131rd\u0131. Ali Ece PFDK&#8217;ya ve Y\u0131ld\u0131r\u0131m Demir\u00f6ren&#8217;e sert tepki g\u00f6sterdi. (Video)<\/h1>\n<p>TRTSPOR&#8217;da yay\u0131nlanan Futbol Keyfi program\u0131nda, yorumculardan Ali Ece, PFDK&#8217;n\u0131n Kas\u0131mpa\u015fa-Be\u015fikta\u015f ma\u00e7\u0131yla ilgili ald\u0131\u011f\u0131 kararlar sonras\u0131 sert a\u00e7\u0131klamalarda bulundu.<\/p>\n<h2>Ali Ece b\u00f6yle \u00e7\u0131ld\u0131rd\u0131 \/ Video;<\/h2>\n[media id=2236 width=610 height=340]\n<!-- Error, Advert is not available at this time due to schedule\/geolocation restrictions! -->\n","protected":false},"excerpt":{"rendered":"<p>PFDK&#8217;n\u0131n d\u00fcn Motta&#8217;ya 3, Kas\u0131mpa\u015fa&#8217;ya ise 2 ma\u00e7 ceza vermesinin ard\u0131ndan TRT Spor yorumcusu Be\u015fikta\u015fl\u0131 yorumcu Ali Ece adeta \u00e7\u0131ld\u0131rd\u0131. Ali Ece PFDK&#8217;ya ve Y\u0131ld\u0131r\u0131m Demir\u00f6ren&#8217;e sert tepki g\u00f6sterdi. (Video)<\/p>\n","protected":false},"author":4,"featured_media":176172,"comment_status":"open","ping_status":"open","sticky":false,"template":"","format":"standard","meta":{"_acf_changed":false,"footnotes":""},"categories":[6774,5005,6194,342],"tags":[149296,7635,66836,66837,147735,149300,2269],"class_list":["post-155114","post","type-post","status-publish","format-standard","has-post-thumbnail","hentry","category-futbol","category-manset","category-spor","category-video","tag-ali-ece","tag-kasimpasa","tag-kasimpasa-besiktas","tag-kasimpasa-besiktas-maci","tag-motta","tag-trt-spor","tag-yildirim-demiroren"],"acf":[],"_links":{"self":[{"href":"https:\/\/www.nationalturk.com\/tr\/wp-json\/wp\/v2\/posts\/155114","targetHints":{"allow":["GET"]}}],"collection":[{"href":"https:\/\/www.nationalturk.com\/tr\/wp-json\/wp\/v2\/posts"}],"about":[{"href":"https:\/\/www.nationalturk.com\/tr\/wp-json\/wp\/v2\/types\/post"}],"author":[{"embeddable":true,"href":"https:\/\/www.nationalturk.com\/tr\/wp-json\/wp\/v2\/users\/4"}],"replies":[{"embeddable":true,"href":"https:\/\/www.nationalturk.com\/tr\/wp-json\/wp\/v2\/comments?post=155114"}],"version-history":[{"count":0,"href":"https:\/\/www.nationalturk.com\/tr\/wp-json\/wp\/v2\/posts\/155114\/revisions"}],"wp:featuredmedia":[{"embeddable":true,"href":"https:\/\/www.nationalturk.com\/tr\/wp-json\/wp\/v2\/media\/176172"}],"wp:attachment":[{"href":"https:\/\/www.nationalturk.com\/tr\/wp-json\/wp\/v2\/media?parent=155114"}],"wp:term":[{"taxonomy":"category","embeddable":true,"href":"https:\/\/www.nationalturk.com\/tr\/wp-json\/wp\/v2\/categories?post=155114"},{"taxonomy":"post_tag","embeddable":true,"href":"https:\/\/www.nationalturk.com\/tr\/wp-json\/wp\/v2\/tags?post=155114"}],"curies":[{"name":"wp","href":"https:\/\/api.w.org\/{rel}","templated":true}]}}